{"id":3008,"date":"2023-09-23T15:02:44","date_gmt":"2023-09-23T20:02:44","guid":{"rendered":"https:\/\/miempresacircular.pe\/?p=3008"},"modified":"2025-06-04T18:22:13","modified_gmt":"2025-06-04T23:22:13","slug":"gestion-de-residuos-plasticos-y-fugas","status":"publish","type":"post","link":"https:\/\/desarrollo.infobox.com.pe\/miempresacircular\/2023\/09\/23\/gestion-de-residuos-plasticos-y-fugas\/","title":{"rendered":"Gesti\u00f3n de residuos pl\u00e1sticos y fugas"},"content":{"rendered":"\t\t<div data-elementor-type=\"wp-post\" data-elementor-id=\"3008\" class=\"elementor elementor-3008\">\n\t\t\t\t\t\t\t\t\t<section class=\"elementor-section elementor-top-section elementor-element elementor-element-1680d547 elementor-section-boxed elementor-section-height-default elementor-section-height-default\" data-id=\"1680d547\" data-element_type=\"section\">\n\t\t\t\t\t\t<div class=\"elementor-container elementor-column-gap-default\">\n\t\t\t\t\t<div class=\"elementor-column elementor-col-100 elementor-top-column elementor-element elementor-element-1b7b1ce3\" data-id=\"1b7b1ce3\" data-element_type=\"column\">\n\t\t\t<div class=\"elementor-widget-wrap elementor-element-populated\">\n\t\t\t\t\t\t\t\t<div class=\"elementor-element elementor-element-1fe4294a elementor-widget elementor-widget-text-editor\" data-id=\"1fe4294a\" data-element_type=\"widget\" data-widget_type=\"text-editor.default\">\n\t\t\t\t<div class=\"elementor-widget-container\">\n\t\t\t<style>\/*! elementor - v3.9.0 - 06-12-2022 *\/\n.elementor-widget-text-editor.elementor-drop-cap-view-stacked .elementor-drop-cap{background-color:#818a91;color:#fff}.elementor-widget-text-editor.elementor-drop-cap-view-framed .elementor-drop-cap{color:#818a91;border:3px solid;background-color:transparent}.elementor-widget-text-editor:not(.elementor-drop-cap-view-default) .elementor-drop-cap{margin-top:8px}.elementor-widget-text-editor:not(.elementor-drop-cap-view-default) .elementor-drop-cap-letter{width:1em;height:1em}.elementor-widget-text-editor .elementor-drop-cap{float:left;text-align:center;line-height:1;font-size:50px}.elementor-widget-text-editor .elementor-drop-cap-letter{display:inline-block}<\/style>\t\t\t\t<p><span style=\"font-family: helvetica, arial, sans-serif; font-size: 12pt;\">Hasta el a\u00f1o 2017, se hab\u00edan producido en todo el mundo 8.3 mil millones de toneladas m\u00e9tricas de pl\u00e1stico.\u00a0<\/span><\/p><p><span style=\"font-family: helvetica, arial, sans-serif; font-size: 12pt;\">Dado que aproximadamente el 40% se utiliza en cosas que se desechan r\u00e1pidamente (envases y art\u00edculos de un solo uso), ya se hab\u00edan generado 6.4 mil millones de toneladas m\u00e9tricas de materiales desechados que necesitaban ser gestionados. Solo el 9% de estos materiales desechados se recicl\u00f3 a nivel global.\u00a0<\/span><\/p><p><span style=\"font-family: helvetica, arial, sans-serif; font-size: 12pt;\">La estimaci\u00f3n anual de pl\u00e1stico que ingresa a nuestros oc\u00e9anos a nivel mundial es de 5 a 13 millones de toneladas m\u00e9tricas (MMT) por a\u00f1o.\u00a0<\/span><\/p><p><span style=\"font-family: helvetica, arial, sans-serif; font-size: 12pt;\">Am\u00e9rica Latina y el Caribe (ALC) cuenta con una extensa costa poblada, con 119,000 km de litoral y m\u00e1s de 205 millones de personas que viven a menos de 50 km de esa costa.<\/span><\/p>\t\t\t\t\t\t<\/div>\n\t\t\t\t<\/div>\n\t\t\t\t\t<\/div>\n\t\t<\/div>\n\t\t\t\t\t\t\t<\/div>\n\t\t<\/section>\n\t\t\t\t<section class=\"elementor-section elementor-top-section elementor-element elementor-element-69f8366 elementor-section-boxed elementor-section-height-default elementor-section-height-default\" data-id=\"69f8366\" data-element_type=\"section\">\n\t\t\t\t\t\t<div class=\"elementor-container elementor-column-gap-default\">\n\t\t\t\t\t<div class=\"elementor-column elementor-col-100 elementor-top-column elementor-element elementor-element-2fe7452\" data-id=\"2fe7452\" data-element_type=\"column\">\n\t\t\t<div class=\"elementor-widget-wrap elementor-element-populated\">\n\t\t\t\t\t\t\t\t<div class=\"elementor-element elementor-element-ff1bc48 elementor-button-info elementor-align-right elementor-widget elementor-widget-button\" data-id=\"ff1bc48\" data-element_type=\"widget\" data-widget_type=\"button.default\">\n\t\t\t\t<div class=\"elementor-widget-container\">\n\t\t\t\t\t<div class=\"elementor-button-wrapper\">\n\t\t\t<a href=\"https:\/\/publications.iadb.org\/en\/plastic-waste-management-and-leakage-latin-america-and-caribbean\" target=\"_blank\" class=\"elementor-button-link elementor-button elementor-size-xs\" role=\"button\">\n\t\t\t\t\t\t<span class=\"elementor-button-content-wrapper\">\n\t\t\t\t\t\t\t<span class=\"elementor-button-icon elementor-align-icon-right\">\n\t\t\t\t<i aria-hidden=\"true\" class=\"far fa-hand-point-right\"><\/i>\t\t\t<\/span>\n\t\t\t\t\t\t<span class=\"elementor-button-text\">Ent\u00e9rate m\u00e1s<\/span>\n\t\t<\/span>\n\t\t\t\t\t<\/a>\n\t\t<\/div>\n\t\t\t\t<\/div>\n\t\t\t\t<\/div>\n\t\t\t\t\t<\/div>\n\t\t<\/div>\n\t\t\t\t\t\t\t<\/div>\n\t\t<\/section>\n\t\t\t\t<section class=\"elementor-section elementor-top-section elementor-element elementor-element-746a0c5 elementor-section-boxed elementor-section-height-default elementor-section-height-default\" data-id=\"746a0c5\" data-element_type=\"section\">\n\t\t\t\t\t\t<div class=\"elementor-container elementor-column-gap-default\">\n\t\t\t\t\t<div class=\"elementor-column elementor-col-100 elementor-top-column elementor-element elementor-element-3f3e7bd\" data-id=\"3f3e7bd\" data-element_type=\"column\">\n\t\t\t<div class=\"elementor-widget-wrap\">\n\t\t\t\t\t\t\t\t\t<\/div>\n\t\t<\/div>\n\t\t\t\t\t\t\t<\/div>\n\t\t<\/section>\n\t\t\t\t\t\t\t<\/div>\n\t\t","protected":false},"excerpt":{"rendered":"<p>Hasta el a\u00f1o 2017, se hab\u00edan producido en todo el mundo 8.3 mil millones de toneladas m\u00e9tricas de pl\u00e1stico.\u00a0 Dado que aproximadamente el 40% se utiliza en cosas que se desechan r\u00e1pidamente (envases y art\u00edculos de un solo uso), ya se hab\u00edan generado 6.4 mil millones de toneladas m\u00e9tricas de materiales desechados que necesitaban ser [&hellip;]<\/p>\n","protected":false},"author":1,"featured_media":4341,"comment_status":"open","ping_status":"open","sticky":false,"template":"","format":"standard","meta":{"footnotes":""},"categories":[72,97,98],"tags":[120,132],"class_list":["post-3008","post","type-post","status-publish","format-standard","has-post-thumbnail","hentry","category-caso-de-aplicacion","category-plastico","category-reciclar","tag-comienza-a-cerrar-el-circulo","tag-manufactura"],"_links":{"self":[{"href":"https:\/\/desarrollo.infobox.com.pe\/miempresacircular\/wp-json\/wp\/v2\/posts\/3008","targetHints":{"allow":["GET"]}}],"collection":[{"href":"https:\/\/desarrollo.infobox.com.pe\/miempresacircular\/wp-json\/wp\/v2\/posts"}],"about":[{"href":"https:\/\/desarrollo.infobox.com.pe\/miempresacircular\/wp-json\/wp\/v2\/types\/post"}],"author":[{"embeddable":true,"href":"https:\/\/desarrollo.infobox.com.pe\/miempresacircular\/wp-json\/wp\/v2\/users\/1"}],"replies":[{"embeddable":true,"href":"https:\/\/desarrollo.infobox.com.pe\/miempresacircular\/wp-json\/wp\/v2\/comments?post=3008"}],"version-history":[{"count":32,"href":"https:\/\/desarrollo.infobox.com.pe\/miempresacircular\/wp-json\/wp\/v2\/posts\/3008\/revisions"}],"predecessor-version":[{"id":10238,"href":"https:\/\/desarrollo.infobox.com.pe\/miempresacircular\/wp-json\/wp\/v2\/posts\/3008\/revisions\/10238"}],"wp:featuredmedia":[{"embeddable":true,"href":"https:\/\/desarrollo.infobox.com.pe\/miempresacircular\/wp-json\/wp\/v2\/media\/4341"}],"wp:attachment":[{"href":"https:\/\/desarrollo.infobox.com.pe\/miempresacircular\/wp-json\/wp\/v2\/media?parent=3008"}],"wp:term":[{"taxonomy":"category","embeddable":true,"href":"https:\/\/desarrollo.infobox.com.pe\/miempresacircular\/wp-json\/wp\/v2\/categories?post=3008"},{"taxonomy":"post_tag","embeddable":true,"href":"https:\/\/desarrollo.infobox.com.pe\/miempresacircular\/wp-json\/wp\/v2\/tags?post=3008"}],"curies":[{"name":"wp","href":"https:\/\/api.w.org\/{rel}","templated":true}]}}