{"id":3038,"date":"2023-09-23T15:20:28","date_gmt":"2023-09-23T20:20:28","guid":{"rendered":"https:\/\/miempresacircular.pe\/?p=3038"},"modified":"2025-06-04T18:04:34","modified_gmt":"2025-06-04T23:04:34","slug":"una-vision-general-del-sector-de-reparacion-de-europa","status":"publish","type":"post","link":"https:\/\/desarrollo.infobox.com.pe\/miempresacircular\/2023\/09\/23\/una-vision-general-del-sector-de-reparacion-de-europa\/","title":{"rendered":"An overview of Europe\u2019s repair sector"},"content":{"rendered":"\t\t<div data-elementor-type=\"wp-post\" data-elementor-id=\"3038\" class=\"elementor elementor-3038\">\n\t\t\t\t\t\t\t\t\t<section class=\"elementor-section elementor-top-section elementor-element elementor-element-2df8c26c elementor-section-boxed elementor-section-height-default elementor-section-height-default\" data-id=\"2df8c26c\" data-element_type=\"section\">\n\t\t\t\t\t\t<div class=\"elementor-container elementor-column-gap-default\">\n\t\t\t\t\t<div class=\"elementor-column elementor-col-100 elementor-top-column elementor-element elementor-element-5054f1a\" data-id=\"5054f1a\" data-element_type=\"column\">\n\t\t\t<div class=\"elementor-widget-wrap elementor-element-populated\">\n\t\t\t\t\t\t\t\t<div class=\"elementor-element elementor-element-6d691a8a elementor-widget elementor-widget-text-editor\" data-id=\"6d691a8a\" data-element_type=\"widget\" data-widget_type=\"text-editor.default\">\n\t\t\t\t<div class=\"elementor-widget-container\">\n\t\t\t<style>\/*! elementor - v3.9.0 - 06-12-2022 *\/\n.elementor-widget-text-editor.elementor-drop-cap-view-stacked .elementor-drop-cap{background-color:#818a91;color:#fff}.elementor-widget-text-editor.elementor-drop-cap-view-framed .elementor-drop-cap{color:#818a91;border:3px solid;background-color:transparent}.elementor-widget-text-editor:not(.elementor-drop-cap-view-default) .elementor-drop-cap{margin-top:8px}.elementor-widget-text-editor:not(.elementor-drop-cap-view-default) .elementor-drop-cap-letter{width:1em;height:1em}.elementor-widget-text-editor .elementor-drop-cap{float:left;text-align:center;line-height:1;font-size:50px}.elementor-widget-text-editor .elementor-drop-cap-letter{display:inline-block}<\/style>\t\t\t\t<h4><span style=\"font-family: helvetica, arial, sans-serif; font-size: 12pt;\">El objetivo principal de este informe es consolidar y avanzar en el conocimiento existente y proporcionar una actualizaci\u00f3n basada en evidencia sobre el estado del sector de reparaci\u00f3n en Europa.\u00a0<\/span><\/h4><h4><span style=\"font-family: helvetica, arial, sans-serif; font-size: 12pt;\">El estudio se centra en tres productos clave grupos, material el\u00e9ctrico y el\u00e9ctrico (AEE), vestuario y mobiliario y proporciona una estimaci\u00f3n de la valor y tama\u00f1o de las actividades de reparaci\u00f3n actuales en estos sectores.\u00a0<span style=\"font-weight: var( --e-global-typography-text-font-weight );\">Adem\u00e1s, una visi\u00f3n general de la actualidad, se presenta el comportamiento de reparaci\u00f3n en Europa, junto con los factores subyacentes que afectan estos comportamientos.\u00a0<\/span><\/span><\/h4><h4><span style=\"font-weight: var( --e-global-typography-text-font-weight ); font-family: helvetica, arial, sans-serif; font-size: 12pt;\">M\u00e1s espec\u00edficamente, este trabajo identifica y categoriza los principales desaf\u00edos y barreras para reparar y presenta posibles soluciones y oportunidades para una mayor aceptaci\u00f3n de las actividades de reparaci\u00f3n por parte de los europeos consumidores.<\/span><\/h4>\t\t\t\t\t\t<\/div>\n\t\t\t\t<\/div>\n\t\t\t\t\t<\/div>\n\t\t<\/div>\n\t\t\t\t\t\t\t<\/div>\n\t\t<\/section>\n\t\t\t\t<section class=\"elementor-section elementor-top-section elementor-element elementor-element-8be5b24 elementor-section-boxed elementor-section-height-default elementor-section-height-default\" data-id=\"8be5b24\" data-element_type=\"section\">\n\t\t\t\t\t\t<div class=\"elementor-container elementor-column-gap-default\">\n\t\t\t\t\t<div class=\"elementor-column elementor-col-100 elementor-top-column elementor-element elementor-element-786d2eb\" data-id=\"786d2eb\" data-element_type=\"column\">\n\t\t\t<div class=\"elementor-widget-wrap elementor-element-populated\">\n\t\t\t\t\t\t\t\t<div class=\"elementor-element elementor-element-5fe02f9 elementor-button-info elementor-align-right elementor-widget elementor-widget-button\" data-id=\"5fe02f9\" data-element_type=\"widget\" data-widget_type=\"button.default\">\n\t\t\t\t<div class=\"elementor-widget-container\">\n\t\t\t\t\t<div class=\"elementor-button-wrapper\">\n\t\t\t<a href=\"https:\/\/circulareconomy.europa.eu\/platform\/sites\/default\/files\/2022-12\/Repair%20sector.pdf\" target=\"_blank\" class=\"elementor-button-link elementor-button elementor-size-xs\" role=\"button\">\n\t\t\t\t\t\t<span class=\"elementor-button-content-wrapper\">\n\t\t\t\t\t\t\t<span class=\"elementor-button-icon elementor-align-icon-right\">\n\t\t\t\t<i aria-hidden=\"true\" class=\"far fa-hand-point-right\"><\/i>\t\t\t<\/span>\n\t\t\t\t\t\t<span class=\"elementor-button-text\">Ent\u00e9rate m\u00e1s<\/span>\n\t\t<\/span>\n\t\t\t\t\t<\/a>\n\t\t<\/div>\n\t\t\t\t<\/div>\n\t\t\t\t<\/div>\n\t\t\t\t\t<\/div>\n\t\t<\/div>\n\t\t\t\t\t\t\t<\/div>\n\t\t<\/section>\n\t\t\t\t<section class=\"elementor-section elementor-top-section elementor-element elementor-element-009c349 elementor-section-boxed elementor-section-height-default elementor-section-height-default\" data-id=\"009c349\" data-element_type=\"section\">\n\t\t\t\t\t\t<div class=\"elementor-container elementor-column-gap-default\">\n\t\t\t\t\t<div class=\"elementor-column elementor-col-100 elementor-top-column elementor-element elementor-element-e272422\" data-id=\"e272422\" data-element_type=\"column\">\n\t\t\t<div class=\"elementor-widget-wrap\">\n\t\t\t\t\t\t\t\t\t<\/div>\n\t\t<\/div>\n\t\t\t\t\t\t\t<\/div>\n\t\t<\/section>\n\t\t\t\t\t\t\t<\/div>\n\t\t","protected":false},"excerpt":{"rendered":"<p>El objetivo principal de este informe es consolidar y avanzar en el conocimiento existente y proporcionar una actualizaci\u00f3n basada en evidencia sobre el estado del sector de reparaci\u00f3n en Europa.\u00a0 El estudio se centra en tres productos clave grupos, material el\u00e9ctrico y el\u00e9ctrico (AEE), vestuario y mobiliario y proporciona una estimaci\u00f3n de la valor y [&hellip;]<\/p>\n","protected":false},"author":1,"featured_media":3040,"comment_status":"open","ping_status":"open","sticky":false,"template":"","format":"standard","meta":{"footnotes":""},"categories":[102,95],"tags":[121],"class_list":["post-3038","post","type-post","status-publish","format-standard","has-post-thumbnail","hentry","category-mantener-reparar","category-tecnico","tag-manten-el-circulo"],"_links":{"self":[{"href":"https:\/\/desarrollo.infobox.com.pe\/miempresacircular\/wp-json\/wp\/v2\/posts\/3038","targetHints":{"allow":["GET"]}}],"collection":[{"href":"https:\/\/desarrollo.infobox.com.pe\/miempresacircular\/wp-json\/wp\/v2\/posts"}],"about":[{"href":"https:\/\/desarrollo.infobox.com.pe\/miempresacircular\/wp-json\/wp\/v2\/types\/post"}],"author":[{"embeddable":true,"href":"https:\/\/desarrollo.infobox.com.pe\/miempresacircular\/wp-json\/wp\/v2\/users\/1"}],"replies":[{"embeddable":true,"href":"https:\/\/desarrollo.infobox.com.pe\/miempresacircular\/wp-json\/wp\/v2\/comments?post=3038"}],"version-history":[{"count":23,"href":"https:\/\/desarrollo.infobox.com.pe\/miempresacircular\/wp-json\/wp\/v2\/posts\/3038\/revisions"}],"predecessor-version":[{"id":10157,"href":"https:\/\/desarrollo.infobox.com.pe\/miempresacircular\/wp-json\/wp\/v2\/posts\/3038\/revisions\/10157"}],"wp:featuredmedia":[{"embeddable":true,"href":"https:\/\/desarrollo.infobox.com.pe\/miempresacircular\/wp-json\/wp\/v2\/media\/3040"}],"wp:attachment":[{"href":"https:\/\/desarrollo.infobox.com.pe\/miempresacircular\/wp-json\/wp\/v2\/media?parent=3038"}],"wp:term":[{"taxonomy":"category","embeddable":true,"href":"https:\/\/desarrollo.infobox.com.pe\/miempresacircular\/wp-json\/wp\/v2\/categories?post=3038"},{"taxonomy":"post_tag","embeddable":true,"href":"https:\/\/desarrollo.infobox.com.pe\/miempresacircular\/wp-json\/wp\/v2\/tags?post=3038"}],"curies":[{"name":"wp","href":"https:\/\/api.w.org\/{rel}","templated":true}]}}