{"id":3042,"date":"2023-09-23T15:22:01","date_gmt":"2023-09-23T20:22:01","guid":{"rendered":"https:\/\/miempresacircular.pe\/?p=3042"},"modified":"2025-06-04T17:46:07","modified_gmt":"2025-06-04T22:46:07","slug":"politicas-sobre-medio-ambiente-y-eficiencia-de-los-recursos","status":"publish","type":"post","link":"https:\/\/desarrollo.infobox.com.pe\/miempresacircular\/2023\/09\/23\/politicas-sobre-medio-ambiente-y-eficiencia-de-los-recursos\/","title":{"rendered":"Reuse and repair in a Circular Economy"},"content":{"rendered":"\t\t<div data-elementor-type=\"wp-post\" data-elementor-id=\"3042\" class=\"elementor elementor-3042\">\n\t\t\t\t\t\t\t\t\t<section class=\"elementor-section elementor-top-section elementor-element elementor-element-16efd56f elementor-section-boxed elementor-section-height-default elementor-section-height-default\" data-id=\"16efd56f\" data-element_type=\"section\">\n\t\t\t\t\t\t<div class=\"elementor-container elementor-column-gap-default\">\n\t\t\t\t\t<div class=\"elementor-column elementor-col-100 elementor-top-column elementor-element elementor-element-790a2554\" data-id=\"790a2554\" data-element_type=\"column\">\n\t\t\t<div class=\"elementor-widget-wrap elementor-element-populated\">\n\t\t\t\t\t\t\t\t<div class=\"elementor-element elementor-element-4f270fed elementor-widget elementor-widget-text-editor\" data-id=\"4f270fed\" data-element_type=\"widget\" data-widget_type=\"text-editor.default\">\n\t\t\t\t<div class=\"elementor-widget-container\">\n\t\t\t<style>\/*! elementor - v3.9.0 - 06-12-2022 *\/\n.elementor-widget-text-editor.elementor-drop-cap-view-stacked .elementor-drop-cap{background-color:#818a91;color:#fff}.elementor-widget-text-editor.elementor-drop-cap-view-framed .elementor-drop-cap{color:#818a91;border:3px solid;background-color:transparent}.elementor-widget-text-editor:not(.elementor-drop-cap-view-default) .elementor-drop-cap{margin-top:8px}.elementor-widget-text-editor:not(.elementor-drop-cap-view-default) .elementor-drop-cap-letter{width:1em;height:1em}.elementor-widget-text-editor .elementor-drop-cap{float:left;text-align:center;line-height:1;font-size:50px}.elementor-widget-text-editor .elementor-drop-cap-letter{display:inline-block}<\/style>\t\t\t\t<p><!-- wp:paragraph --><\/p>\n<h4><span style=\"color: rgba(0, 0, 0, 0.8); font-size: 12pt; font-family: helvetica, arial, sans-serif;\">El presente resumen de pol\u00edticas ofrece una descripci\u00f3n general de las iniciativas de la UE que los entes locales y regionales pueden consulte para impulsar su transici\u00f3n a la econom\u00eda circular y la introducci\u00f3n de varias reparaciones y reutilizaci\u00f3n esquemas de conformidad con las Directivas de la UE.\u00a0<\/span><\/h4>\n<h4><span style=\"font-family: helvetica, arial, sans-serif; font-size: 12pt;\">Tambi\u00e9n presenta una selecci\u00f3n de Interreg Europe good pr\u00e1cticas y proyectos financiados por la UE de especial inter\u00e9s, con un alto grado de replicabilidad y adaptabilidad a otros contextos municipales.<\/span><\/h4>\t\t\t\t\t\t<\/div>\n\t\t\t\t<\/div>\n\t\t\t\t\t<\/div>\n\t\t<\/div>\n\t\t\t\t\t\t\t<\/div>\n\t\t<\/section>\n\t\t\t\t<section class=\"elementor-section elementor-top-section elementor-element elementor-element-dace9e3 elementor-section-boxed elementor-section-height-default elementor-section-height-default\" data-id=\"dace9e3\" data-element_type=\"section\">\n\t\t\t\t\t\t<div class=\"elementor-container elementor-column-gap-default\">\n\t\t\t\t\t<div class=\"elementor-column elementor-col-100 elementor-top-column elementor-element elementor-element-92a11a0\" data-id=\"92a11a0\" data-element_type=\"column\">\n\t\t\t<div class=\"elementor-widget-wrap elementor-element-populated\">\n\t\t\t\t\t\t\t\t<div class=\"elementor-element elementor-element-3642643 elementor-button-info elementor-align-right elementor-widget elementor-widget-button\" data-id=\"3642643\" data-element_type=\"widget\" data-widget_type=\"button.default\">\n\t\t\t\t<div class=\"elementor-widget-container\">\n\t\t\t\t\t<div class=\"elementor-button-wrapper\">\n\t\t\t<a href=\"https:\/\/www.interregeurope.eu\/sites\/default\/files\/2022-12\/Policy%20brief%20on%20reuse%20and%20repair%20in%20a%20circular%20and%20social%20economy.pdf\" target=\"_blank\" class=\"elementor-button-link elementor-button elementor-size-xs\" role=\"button\">\n\t\t\t\t\t\t<span class=\"elementor-button-content-wrapper\">\n\t\t\t\t\t\t\t<span class=\"elementor-button-icon elementor-align-icon-right\">\n\t\t\t\t<i aria-hidden=\"true\" class=\"far fa-hand-point-right\"><\/i>\t\t\t<\/span>\n\t\t\t\t\t\t<span class=\"elementor-button-text\">Ent\u00e9rate m\u00e1s<\/span>\n\t\t<\/span>\n\t\t\t\t\t<\/a>\n\t\t<\/div>\n\t\t\t\t<\/div>\n\t\t\t\t<\/div>\n\t\t\t\t\t<\/div>\n\t\t<\/div>\n\t\t\t\t\t\t\t<\/div>\n\t\t<\/section>\n\t\t\t\t<section class=\"elementor-section elementor-top-section elementor-element elementor-element-7aa5438 elementor-section-boxed elementor-section-height-default elementor-section-height-default\" data-id=\"7aa5438\" data-element_type=\"section\">\n\t\t\t\t\t\t<div class=\"elementor-container elementor-column-gap-default\">\n\t\t\t\t\t<div class=\"elementor-column elementor-col-100 elementor-top-column elementor-element elementor-element-b2fa9b4\" data-id=\"b2fa9b4\" data-element_type=\"column\">\n\t\t\t<div class=\"elementor-widget-wrap\">\n\t\t\t\t\t\t\t\t\t<\/div>\n\t\t<\/div>\n\t\t\t\t\t\t\t<\/div>\n\t\t<\/section>\n\t\t\t\t\t\t\t<\/div>\n\t\t","protected":false},"excerpt":{"rendered":"<p>El presente resumen de pol\u00edticas ofrece una descripci\u00f3n general de las iniciativas de la UE que los entes locales y regionales pueden consulte para impulsar su transici\u00f3n a la econom\u00eda circular y la introducci\u00f3n de varias reparaciones y reutilizaci\u00f3n esquemas de conformidad con las Directivas de la UE.\u00a0 Tambi\u00e9n presenta una selecci\u00f3n de Interreg Europe [&hellip;]<\/p>\n","protected":false},"author":1,"featured_media":3159,"comment_status":"open","ping_status":"open","sticky":false,"template":"","format":"standard","meta":{"footnotes":""},"categories":[68,102],"tags":[121],"class_list":["post-3042","post","type-post","status-publish","format-standard","has-post-thumbnail","hentry","category-informativo","category-mantener-reparar","tag-manten-el-circulo"],"_links":{"self":[{"href":"https:\/\/desarrollo.infobox.com.pe\/miempresacircular\/wp-json\/wp\/v2\/posts\/3042","targetHints":{"allow":["GET"]}}],"collection":[{"href":"https:\/\/desarrollo.infobox.com.pe\/miempresacircular\/wp-json\/wp\/v2\/posts"}],"about":[{"href":"https:\/\/desarrollo.infobox.com.pe\/miempresacircular\/wp-json\/wp\/v2\/types\/post"}],"author":[{"embeddable":true,"href":"https:\/\/desarrollo.infobox.com.pe\/miempresacircular\/wp-json\/wp\/v2\/users\/1"}],"replies":[{"embeddable":true,"href":"https:\/\/desarrollo.infobox.com.pe\/miempresacircular\/wp-json\/wp\/v2\/comments?post=3042"}],"version-history":[{"count":29,"href":"https:\/\/desarrollo.infobox.com.pe\/miempresacircular\/wp-json\/wp\/v2\/posts\/3042\/revisions"}],"predecessor-version":[{"id":10112,"href":"https:\/\/desarrollo.infobox.com.pe\/miempresacircular\/wp-json\/wp\/v2\/posts\/3042\/revisions\/10112"}],"wp:featuredmedia":[{"embeddable":true,"href":"https:\/\/desarrollo.infobox.com.pe\/miempresacircular\/wp-json\/wp\/v2\/media\/3159"}],"wp:attachment":[{"href":"https:\/\/desarrollo.infobox.com.pe\/miempresacircular\/wp-json\/wp\/v2\/media?parent=3042"}],"wp:term":[{"taxonomy":"category","embeddable":true,"href":"https:\/\/desarrollo.infobox.com.pe\/miempresacircular\/wp-json\/wp\/v2\/categories?post=3042"},{"taxonomy":"post_tag","embeddable":true,"href":"https:\/\/desarrollo.infobox.com.pe\/miempresacircular\/wp-json\/wp\/v2\/tags?post=3042"}],"curies":[{"name":"wp","href":"https:\/\/api.w.org\/{rel}","templated":true}]}}