{"id":3064,"date":"2023-09-23T15:36:42","date_gmt":"2023-09-23T20:36:42","guid":{"rendered":"https:\/\/miempresacircular.pe\/?p=3064"},"modified":"2023-12-28T14:03:58","modified_gmt":"2023-12-28T19:03:58","slug":"impulsando-la-economia-circular-en-la-manufactura-peruana","status":"publish","type":"post","link":"https:\/\/desarrollo.infobox.com.pe\/miempresacircular\/2023\/09\/23\/impulsando-la-economia-circular-en-la-manufactura-peruana\/","title":{"rendered":"Impulsando la Econom\u00eda Circular en la Manufactura Peruana"},"content":{"rendered":"\t\t<div data-elementor-type=\"wp-post\" data-elementor-id=\"3064\" class=\"elementor elementor-3064\">\n\t\t\t\t\t\t\t\t\t<section class=\"elementor-section elementor-top-section elementor-element elementor-element-5809ee79 elementor-section-boxed elementor-section-height-default elementor-section-height-default\" data-id=\"5809ee79\" data-element_type=\"section\">\n\t\t\t\t\t\t<div class=\"elementor-container elementor-column-gap-default\">\n\t\t\t\t\t<div class=\"elementor-column elementor-col-100 elementor-top-column elementor-element elementor-element-3f7c2074\" data-id=\"3f7c2074\" data-element_type=\"column\">\n\t\t\t<div class=\"elementor-widget-wrap elementor-element-populated\">\n\t\t\t\t\t\t\t\t<div class=\"elementor-element elementor-element-2af0e9b9 elementor-widget elementor-widget-text-editor\" data-id=\"2af0e9b9\" data-element_type=\"widget\" data-widget_type=\"text-editor.default\">\n\t\t\t\t<div class=\"elementor-widget-container\">\n\t\t\t<style>\/*! elementor - v3.9.0 - 06-12-2022 *\/\n.elementor-widget-text-editor.elementor-drop-cap-view-stacked .elementor-drop-cap{background-color:#818a91;color:#fff}.elementor-widget-text-editor.elementor-drop-cap-view-framed .elementor-drop-cap{color:#818a91;border:3px solid;background-color:transparent}.elementor-widget-text-editor:not(.elementor-drop-cap-view-default) .elementor-drop-cap{margin-top:8px}.elementor-widget-text-editor:not(.elementor-drop-cap-view-default) .elementor-drop-cap-letter{width:1em;height:1em}.elementor-widget-text-editor .elementor-drop-cap{float:left;text-align:center;line-height:1;font-size:50px}.elementor-widget-text-editor .elementor-drop-cap-letter{display:inline-block}<\/style>\t\t\t\t<div class=\"ewa-rteLine\">Impulsando la Econom\u00eda Circular en la Manufactura Peruana. Metas Claras, Acciones Concretas<\/div>\n<div class=\"ewa-rteLine\"><\/div>\n<div class=\"ewa-rteLine\">La Coalici\u00f3n por una Econom\u00eda Circular en Per\u00fa est\u00e1 liderando el camino hacia un futuro sostenible. En nuestro taller reciente, nos enfocamos en acciones concretas para transformar el sector manufacturero peruano. Nuestro objetivo audaz es involucrar a 5000 micro, peque\u00f1as y medianas empresas (mipyme) manufactureras en esta transformaci\u00f3n.<\/div>\n<div class=\"ewa-rteLine\"><\/div>\n<div class=\"ewa-rteLine\">En colaboraci\u00f3n con la Uni\u00f3n Europea y otros socios, hemos establecido acuerdos que fortalecer\u00e1n la econom\u00eda circular en Per\u00fa. Esto implica compartir experiencias y aplicar herramientas que permitan a las mipyme adoptar pr\u00e1cticas sostenibles en sus modelos de negocios.<\/div>\n<div class=\"ewa-rteLine\"><\/div>\n<div class=\"ewa-rteLine\">Los sectores prioritarios incluyen textiles y confecciones, cuero y calzado, muebles de madera y met\u00e1licos, agroindustria y pl\u00e1sticos. Queremos que estas empresas accedan a informaci\u00f3n especializada sobre econom\u00eda circular.<\/div>\n<div class=\"ewa-rteLine\"><\/div>\n<div class=\"ewa-rteLine\">Queremos expresar nuestro agradecimiento a Agr\u00f3nomos y Veterinarios Sin Fronteras, la Asociaci\u00f3n Solidaridad Pa\u00edses Emergentes (ASPEm), la C\u00e1mara de Comercio de Ica, la C\u00e1mara de Comercio de Lima, Cooperaci\u00f3n Suiza en Per\u00fa-SECO, la Embajada del Reino de los Pa\u00edses Bajos, el Instituto Tecnol\u00f3gico de la Producci\u00f3n y Terra Nouva por su valiosa contribuci\u00f3n en el taller.<\/div>\n<div class=\"ewa-rteLine\"><\/div>\n<div class=\"ewa-rteLine\">Este evento fue organizado por el Ministerio de la Producci\u00f3n y la Sociedad Nacional de Industrias, con el apoyo de la cooperaci\u00f3n alemana para el desarrollo, implementada por la GIZ.<\/div>\n<div class=\"ewa-rteLine\"><\/div>\n<div class=\"ewa-rteLine\">Juntos, estamos construyendo un futuro m\u00e1s sostenible en Per\u00fa. \u00danete a nosotros en este viaje.<\/div>\n<div><\/div>\n<div>https:\/\/www.linkedin.com\/posts\/mi-empresa-circular_economiacircular-peraeqsostenible-coaliciaejn-activity-7106319527335874560-g3Eg\/?utm_source=share&amp;utm_medium=member_desktop<\/div>\t\t\t\t\t\t<\/div>\n\t\t\t\t<\/div>\n\t\t\t\t\t<\/div>\n\t\t<\/div>\n\t\t\t\t\t\t\t<\/div>\n\t\t<\/section>\n\t\t\t\t<section class=\"elementor-section elementor-top-section elementor-element elementor-element-23e1685 elementor-section-boxed elementor-section-height-default elementor-section-height-default\" data-id=\"23e1685\" data-element_type=\"section\">\n\t\t\t\t\t\t<div class=\"elementor-container elementor-column-gap-default\">\n\t\t\t\t\t<div class=\"elementor-column elementor-col-100 elementor-top-column elementor-element elementor-element-6b16d98\" data-id=\"6b16d98\" data-element_type=\"column\">\n\t\t\t<div class=\"elementor-widget-wrap elementor-element-populated\">\n\t\t\t\t\t\t\t\t<div class=\"elementor-element elementor-element-78eca13 elementor-button-info elementor-widget elementor-widget-button\" data-id=\"78eca13\" data-element_type=\"widget\" data-widget_type=\"button.default\">\n\t\t\t\t<div class=\"elementor-widget-container\">\n\t\t\t\t\t<div class=\"elementor-button-wrapper\">\n\t\t\t<a href=\"#\" class=\"elementor-button-link elementor-button elementor-size-sm\" role=\"button\">\n\t\t\t\t\t\t<span class=\"elementor-button-content-wrapper\">\n\t\t\t\t\t\t<span class=\"elementor-button-text\">Ent\u00e9rate<\/span>\n\t\t<\/span>\n\t\t\t\t\t<\/a>\n\t\t<\/div>\n\t\t\t\t<\/div>\n\t\t\t\t<\/div>\n\t\t\t\t\t<\/div>\n\t\t<\/div>\n\t\t\t\t\t\t\t<\/div>\n\t\t<\/section>\n\t\t\t\t\t\t\t<\/div>\n\t\t","protected":false},"excerpt":{"rendered":"<p>Impulsando la Econom\u00eda Circular en la Manufactura Peruana. Metas Claras, Acciones Concretas La Coalici\u00f3n por una Econom\u00eda Circular en Per\u00fa est\u00e1 liderando el camino hacia un futuro sostenible. En nuestro taller reciente, nos enfocamos en acciones concretas para transformar el sector manufacturero peruano. Nuestro objetivo audaz es involucrar a 5000 micro, peque\u00f1as y medianas empresas [&hellip;]<\/p>\n","protected":false},"author":1,"featured_media":5678,"comment_status":"open","ping_status":"open","sticky":false,"template":"","format":"standard","meta":{"footnotes":""},"categories":[58,64],"tags":[123],"class_list":["post-3064","post","type-post","status-publish","format-standard","has-post-thumbnail","hentry","category-modelo-de-negocio","category-noticias","tag-piensa-circular"],"_links":{"self":[{"href":"https:\/\/desarrollo.infobox.com.pe\/miempresacircular\/wp-json\/wp\/v2\/posts\/3064","targetHints":{"allow":["GET"]}}],"collection":[{"href":"https:\/\/desarrollo.infobox.com.pe\/miempresacircular\/wp-json\/wp\/v2\/posts"}],"about":[{"href":"https:\/\/desarrollo.infobox.com.pe\/miempresacircular\/wp-json\/wp\/v2\/types\/post"}],"author":[{"embeddable":true,"href":"https:\/\/desarrollo.infobox.com.pe\/miempresacircular\/wp-json\/wp\/v2\/users\/1"}],"replies":[{"embeddable":true,"href":"https:\/\/desarrollo.infobox.com.pe\/miempresacircular\/wp-json\/wp\/v2\/comments?post=3064"}],"version-history":[{"count":5,"href":"https:\/\/desarrollo.infobox.com.pe\/miempresacircular\/wp-json\/wp\/v2\/posts\/3064\/revisions"}],"predecessor-version":[{"id":3128,"href":"https:\/\/desarrollo.infobox.com.pe\/miempresacircular\/wp-json\/wp\/v2\/posts\/3064\/revisions\/3128"}],"wp:featuredmedia":[{"embeddable":true,"href":"https:\/\/desarrollo.infobox.com.pe\/miempresacircular\/wp-json\/wp\/v2\/media\/5678"}],"wp:attachment":[{"href":"https:\/\/desarrollo.infobox.com.pe\/miempresacircular\/wp-json\/wp\/v2\/media?parent=3064"}],"wp:term":[{"taxonomy":"category","embeddable":true,"href":"https:\/\/desarrollo.infobox.com.pe\/miempresacircular\/wp-json\/wp\/v2\/categories?post=3064"},{"taxonomy":"post_tag","embeddable":true,"href":"https:\/\/desarrollo.infobox.com.pe\/miempresacircular\/wp-json\/wp\/v2\/tags?post=3064"}],"curies":[{"name":"wp","href":"https:\/\/api.w.org\/{rel}","templated":true}]}}