{"id":3983,"date":"2023-10-30T19:59:46","date_gmt":"2023-10-31T00:59:46","guid":{"rendered":"https:\/\/miempresacircular.pe\/?p=3983"},"modified":"2025-06-04T18:35:11","modified_gmt":"2025-06-04T23:35:11","slug":"away-economia-circular-en-el-sector-textil","status":"publish","type":"post","link":"https:\/\/desarrollo.infobox.com.pe\/miempresacircular\/2023\/10\/30\/away-economia-circular-en-el-sector-textil\/","title":{"rendered":"Away: Econom\u00eda circular en el sector textil"},"content":{"rendered":"\t\t<div data-elementor-type=\"wp-post\" data-elementor-id=\"3983\" class=\"elementor elementor-3983\">\n\t\t\t\t\t\t\t\t\t<section class=\"elementor-section elementor-top-section elementor-element elementor-element-257fb83 elementor-section-boxed elementor-section-height-default elementor-section-height-default\" data-id=\"257fb83\" data-element_type=\"section\">\n\t\t\t\t\t\t<div class=\"elementor-container elementor-column-gap-default\">\n\t\t\t\t\t<div class=\"elementor-column elementor-col-100 elementor-top-column elementor-element elementor-element-1b4625c\" data-id=\"1b4625c\" data-element_type=\"column\">\n\t\t\t<div class=\"elementor-widget-wrap elementor-element-populated\">\n\t\t\t\t\t\t\t\t<div class=\"elementor-element elementor-element-2c9f436 elementor-widget elementor-widget-text-editor\" data-id=\"2c9f436\" data-element_type=\"widget\" data-widget_type=\"text-editor.default\">\n\t\t\t\t<div class=\"elementor-widget-container\">\n\t\t\t<style>\/*! elementor - v3.9.0 - 06-12-2022 *\/\n.elementor-widget-text-editor.elementor-drop-cap-view-stacked .elementor-drop-cap{background-color:#818a91;color:#fff}.elementor-widget-text-editor.elementor-drop-cap-view-framed .elementor-drop-cap{color:#818a91;border:3px solid;background-color:transparent}.elementor-widget-text-editor:not(.elementor-drop-cap-view-default) .elementor-drop-cap{margin-top:8px}.elementor-widget-text-editor:not(.elementor-drop-cap-view-default) .elementor-drop-cap-letter{width:1em;height:1em}.elementor-widget-text-editor .elementor-drop-cap{float:left;text-align:center;line-height:1;font-size:50px}.elementor-widget-text-editor .elementor-drop-cap-letter{display:inline-block}<\/style>\t\t\t\t<h4><span style=\"font-family: helvetica, arial, sans-serif; font-size: 12pt;\"><strong>Away<\/strong>, una empresa del sector de textil y confecciones, enfrentaba un desaf\u00edo significativo debido a la generaci\u00f3n de merma en su l\u00ednea de producci\u00f3n. <\/span><\/h4><h4><span style=\"font-family: helvetica, arial, sans-serif; font-size: 12pt;\">Por ello, optaron por reintroducir esta merma a trav\u00e9s del fieltro, una forma de no tejido que se provee de los desechos triturados de fibra gruesa de alpaca. <\/span><\/h4><h4><span style=\"font-family: helvetica, arial, sans-serif; font-size: 12pt;\">A trav\u00e9s de esta t\u00e9cnica, se obtienen aretes, collares, accesorios del hogar, entre otros.<\/span><\/h4>\t\t\t\t\t\t<\/div>\n\t\t\t\t<\/div>\n\t\t\t\t\t<\/div>\n\t\t<\/div>\n\t\t\t\t\t\t\t<\/div>\n\t\t<\/section>\n\t\t\t\t\t\t\t<\/div>\n\t\t","protected":false},"excerpt":{"rendered":"<p>Away, una empresa del sector de textil y confecciones, enfrentaba un desaf\u00edo significativo debido a la generaci\u00f3n de merma en su l\u00ednea de producci\u00f3n. Por ello, optaron por reintroducir esta merma a trav\u00e9s del fieltro, una forma de no tejido que se provee de los desechos triturados de fibra gruesa de alpaca. A trav\u00e9s de [&hellip;]<\/p>\n","protected":false},"author":3,"featured_media":3985,"comment_status":"open","ping_status":"open","sticky":false,"template":"","format":"video","meta":{"footnotes":""},"categories":[13,104,44],"tags":[120,132],"class_list":["post-3983","post","type-post","status-publish","format-video","has-post-thumbnail","hentry","category-historias-de-exito","category-reutilizar","category-textil-confecciones","tag-comienza-a-cerrar-el-circulo","tag-manufactura","post_format-post-format-video"],"_links":{"self":[{"href":"https:\/\/desarrollo.infobox.com.pe\/miempresacircular\/wp-json\/wp\/v2\/posts\/3983","targetHints":{"allow":["GET"]}}],"collection":[{"href":"https:\/\/desarrollo.infobox.com.pe\/miempresacircular\/wp-json\/wp\/v2\/posts"}],"about":[{"href":"https:\/\/desarrollo.infobox.com.pe\/miempresacircular\/wp-json\/wp\/v2\/types\/post"}],"author":[{"embeddable":true,"href":"https:\/\/desarrollo.infobox.com.pe\/miempresacircular\/wp-json\/wp\/v2\/users\/3"}],"replies":[{"embeddable":true,"href":"https:\/\/desarrollo.infobox.com.pe\/miempresacircular\/wp-json\/wp\/v2\/comments?post=3983"}],"version-history":[{"count":13,"href":"https:\/\/desarrollo.infobox.com.pe\/miempresacircular\/wp-json\/wp\/v2\/posts\/3983\/revisions"}],"predecessor-version":[{"id":10294,"href":"https:\/\/desarrollo.infobox.com.pe\/miempresacircular\/wp-json\/wp\/v2\/posts\/3983\/revisions\/10294"}],"wp:featuredmedia":[{"embeddable":true,"href":"https:\/\/desarrollo.infobox.com.pe\/miempresacircular\/wp-json\/wp\/v2\/media\/3985"}],"wp:attachment":[{"href":"https:\/\/desarrollo.infobox.com.pe\/miempresacircular\/wp-json\/wp\/v2\/media?parent=3983"}],"wp:term":[{"taxonomy":"category","embeddable":true,"href":"https:\/\/desarrollo.infobox.com.pe\/miempresacircular\/wp-json\/wp\/v2\/categories?post=3983"},{"taxonomy":"post_tag","embeddable":true,"href":"https:\/\/desarrollo.infobox.com.pe\/miempresacircular\/wp-json\/wp\/v2\/tags?post=3983"}],"curies":[{"name":"wp","href":"https:\/\/api.w.org\/{rel}","templated":true}]}}