{"id":5251,"date":"2023-11-26T10:28:21","date_gmt":"2023-11-26T15:28:21","guid":{"rendered":"https:\/\/miempresacircular.pe\/?p=5251"},"modified":"2025-06-04T17:45:19","modified_gmt":"2025-06-04T22:45:19","slug":"reduccion-del-impacto-al-ambiente-generado-por-la-industria-del-cuero-y-calzado","status":"publish","type":"post","link":"https:\/\/desarrollo.infobox.com.pe\/miempresacircular\/2023\/11\/26\/reduccion-del-impacto-al-ambiente-generado-por-la-industria-del-cuero-y-calzado\/","title":{"rendered":"Reducci\u00f3n del impacto al ambiente generado por la industria del cuero y calzado"},"content":{"rendered":"\t\t<div data-elementor-type=\"wp-post\" data-elementor-id=\"5251\" class=\"elementor elementor-5251\">\n\t\t\t\t\t\t\t\t\t<section class=\"elementor-section elementor-top-section elementor-element elementor-element-e0dff07 elementor-section-boxed elementor-section-height-default elementor-section-height-default\" data-id=\"e0dff07\" data-element_type=\"section\">\n\t\t\t\t\t\t<div class=\"elementor-container elementor-column-gap-default\">\n\t\t\t\t\t<div class=\"elementor-column elementor-col-100 elementor-top-column elementor-element elementor-element-4532a56\" data-id=\"4532a56\" data-element_type=\"column\">\n\t\t\t<div class=\"elementor-widget-wrap elementor-element-populated\">\n\t\t\t\t\t\t\t\t<div class=\"elementor-element elementor-element-460170f elementor-widget elementor-widget-text-editor\" data-id=\"460170f\" data-element_type=\"widget\" data-widget_type=\"text-editor.default\">\n\t\t\t\t<div class=\"elementor-widget-container\">\n\t\t\t<style>\/*! elementor - v3.9.0 - 06-12-2022 *\/\n.elementor-widget-text-editor.elementor-drop-cap-view-stacked .elementor-drop-cap{background-color:#818a91;color:#fff}.elementor-widget-text-editor.elementor-drop-cap-view-framed .elementor-drop-cap{color:#818a91;border:3px solid;background-color:transparent}.elementor-widget-text-editor:not(.elementor-drop-cap-view-default) .elementor-drop-cap{margin-top:8px}.elementor-widget-text-editor:not(.elementor-drop-cap-view-default) .elementor-drop-cap-letter{width:1em;height:1em}.elementor-widget-text-editor .elementor-drop-cap{float:left;text-align:center;line-height:1;font-size:50px}.elementor-widget-text-editor .elementor-drop-cap-letter{display:inline-block}<\/style>\t\t\t\t<h4><span style=\"font-family: helvetica, arial, sans-serif; font-size: 12pt;\">La industria del cuero y calzado de la regi\u00f3n La Libertad busca adoptar nuevas pr\u00e1cticas sostenibles para reducir el impacto negativo al ambiente que se genera a partir de los procesos de fabricaci\u00f3n de productos de cuero.<\/span><\/h4><h4><span style=\"font-family: helvetica, arial, sans-serif; font-size: 12pt;\">Con el apoyo del Instituto Tecnol\u00f3gico de la Producci\u00f3n (ITP), a trav\u00e9s del Centro de Innovaci\u00f3n Productiva y Transferencia Tecnol\u00f3gica del Cuero, Calzado e Industrias Conexas (CITEccal) Trujillo<\/span><span style=\"font-family: helvetica, arial, sans-serif; font-size: 12pt;\">, se promueve el uso de materiales ecol\u00f3gicos y reciclables o el uso de la materia prima al 100%, entre otras buenas pr\u00e1cticas.<\/span><\/h4>\t\t\t\t\t\t<\/div>\n\t\t\t\t<\/div>\n\t\t\t\t\t<\/div>\n\t\t<\/div>\n\t\t\t\t\t\t\t<\/div>\n\t\t<\/section>\n\t\t\t\t<section class=\"elementor-section elementor-top-section elementor-element elementor-element-c863517 elementor-section-boxed elementor-section-height-default elementor-section-height-default\" data-id=\"c863517\" data-element_type=\"section\">\n\t\t\t\t\t\t<div class=\"elementor-container elementor-column-gap-default\">\n\t\t\t\t\t<div class=\"elementor-column elementor-col-100 elementor-top-column elementor-element elementor-element-a74320b\" data-id=\"a74320b\" data-element_type=\"column\">\n\t\t\t<div class=\"elementor-widget-wrap elementor-element-populated\">\n\t\t\t\t\t\t\t\t<div class=\"elementor-element elementor-element-688efcb elementor-button-info elementor-align-right elementor-widget elementor-widget-button\" data-id=\"688efcb\" data-element_type=\"widget\" data-widget_type=\"button.default\">\n\t\t\t\t<div class=\"elementor-widget-container\">\n\t\t\t\t\t<div class=\"elementor-button-wrapper\">\n\t\t\t<a href=\"https:\/\/elperuano.pe\/noticia\/214593-la-libertad-sector-cuero-y-calzado-busca-reducir-la-contaminacion-ambiental\" target=\"_blank\" class=\"elementor-button-link elementor-button elementor-size-xs\" role=\"button\">\n\t\t\t\t\t\t<span class=\"elementor-button-content-wrapper\">\n\t\t\t\t\t\t\t<span class=\"elementor-button-icon elementor-align-icon-right\">\n\t\t\t\t<i aria-hidden=\"true\" class=\"far fa-hand-point-right\"><\/i>\t\t\t<\/span>\n\t\t\t\t\t\t<span class=\"elementor-button-text\">Ent\u00e9rate m\u00e1s<\/span>\n\t\t<\/span>\n\t\t\t\t\t<\/a>\n\t\t<\/div>\n\t\t\t\t<\/div>\n\t\t\t\t<\/div>\n\t\t\t\t\t<\/div>\n\t\t<\/div>\n\t\t\t\t\t\t\t<\/div>\n\t\t<\/section>\n\t\t\t\t<section class=\"elementor-section elementor-top-section elementor-element elementor-element-22d81f2 elementor-section-boxed elementor-section-height-default elementor-section-height-default\" data-id=\"22d81f2\" data-element_type=\"section\">\n\t\t\t\t\t\t<div class=\"elementor-container elementor-column-gap-default\">\n\t\t\t\t\t<div class=\"elementor-column elementor-col-100 elementor-top-column elementor-element elementor-element-d23c48e\" data-id=\"d23c48e\" data-element_type=\"column\">\n\t\t\t<div class=\"elementor-widget-wrap\">\n\t\t\t\t\t\t\t\t\t<\/div>\n\t\t<\/div>\n\t\t\t\t\t\t\t<\/div>\n\t\t<\/section>\n\t\t\t\t\t\t\t<\/div>\n\t\t","protected":false},"excerpt":{"rendered":"<p>La industria del cuero y calzado de la regi\u00f3n La Libertad busca adoptar nuevas pr\u00e1cticas sostenibles para reducir el impacto negativo al ambiente que se genera a partir de los procesos de fabricaci\u00f3n de productos de cuero. Con el apoyo del Instituto Tecnol\u00f3gico de la Producci\u00f3n (ITP), a trav\u00e9s del Centro de Innovaci\u00f3n Productiva y [&hellip;]<\/p>\n","protected":false},"author":3,"featured_media":5265,"comment_status":"open","ping_status":"open","sticky":false,"template":"","format":"standard","meta":{"footnotes":""},"categories":[45,68],"tags":[134,132],"class_list":["post-5251","post","type-post","status-publish","format-standard","has-post-thumbnail","hentry","category-calzado","category-informativo","tag-buenas-practicas","tag-manufactura"],"_links":{"self":[{"href":"https:\/\/desarrollo.infobox.com.pe\/miempresacircular\/wp-json\/wp\/v2\/posts\/5251","targetHints":{"allow":["GET"]}}],"collection":[{"href":"https:\/\/desarrollo.infobox.com.pe\/miempresacircular\/wp-json\/wp\/v2\/posts"}],"about":[{"href":"https:\/\/desarrollo.infobox.com.pe\/miempresacircular\/wp-json\/wp\/v2\/types\/post"}],"author":[{"embeddable":true,"href":"https:\/\/desarrollo.infobox.com.pe\/miempresacircular\/wp-json\/wp\/v2\/users\/3"}],"replies":[{"embeddable":true,"href":"https:\/\/desarrollo.infobox.com.pe\/miempresacircular\/wp-json\/wp\/v2\/comments?post=5251"}],"version-history":[{"count":13,"href":"https:\/\/desarrollo.infobox.com.pe\/miempresacircular\/wp-json\/wp\/v2\/posts\/5251\/revisions"}],"predecessor-version":[{"id":10109,"href":"https:\/\/desarrollo.infobox.com.pe\/miempresacircular\/wp-json\/wp\/v2\/posts\/5251\/revisions\/10109"}],"wp:featuredmedia":[{"embeddable":true,"href":"https:\/\/desarrollo.infobox.com.pe\/miempresacircular\/wp-json\/wp\/v2\/media\/5265"}],"wp:attachment":[{"href":"https:\/\/desarrollo.infobox.com.pe\/miempresacircular\/wp-json\/wp\/v2\/media?parent=5251"}],"wp:term":[{"taxonomy":"category","embeddable":true,"href":"https:\/\/desarrollo.infobox.com.pe\/miempresacircular\/wp-json\/wp\/v2\/categories?post=5251"},{"taxonomy":"post_tag","embeddable":true,"href":"https:\/\/desarrollo.infobox.com.pe\/miempresacircular\/wp-json\/wp\/v2\/tags?post=5251"}],"curies":[{"name":"wp","href":"https:\/\/api.w.org\/{rel}","templated":true}]}}