{"id":5283,"date":"2023-11-26T10:57:29","date_gmt":"2023-11-26T15:57:29","guid":{"rendered":"https:\/\/miempresacircular.pe\/?p=5283"},"modified":"2025-06-04T18:26:31","modified_gmt":"2025-06-04T23:26:31","slug":"aceleradora-de-innovacion-textil-mipymes-textiles-para-su-transicion-hacia-modelos-empresariales-sostenibles-y-circulares","status":"publish","type":"post","link":"https:\/\/desarrollo.infobox.com.pe\/miempresacircular\/2023\/11\/26\/aceleradora-de-innovacion-textil-mipymes-textiles-para-su-transicion-hacia-modelos-empresariales-sostenibles-y-circulares\/","title":{"rendered":"Aceleradora de Innovaci\u00f3n Textil: modelos empresariales sostenibles y circulares"},"content":{"rendered":"\t\t<div data-elementor-type=\"wp-post\" data-elementor-id=\"5283\" class=\"elementor elementor-5283\">\n\t\t\t\t\t\t\t\t\t<section class=\"elementor-section elementor-top-section elementor-element elementor-element-8592011 elementor-section-boxed elementor-section-height-default elementor-section-height-default\" data-id=\"8592011\" data-element_type=\"section\">\n\t\t\t\t\t\t<div class=\"elementor-container elementor-column-gap-default\">\n\t\t\t\t\t<div class=\"elementor-column elementor-col-100 elementor-top-column elementor-element elementor-element-a65e31b\" data-id=\"a65e31b\" data-element_type=\"column\">\n\t\t\t<div class=\"elementor-widget-wrap elementor-element-populated\">\n\t\t\t\t\t\t\t\t<div class=\"elementor-element elementor-element-22e6d0a elementor-widget elementor-widget-text-editor\" data-id=\"22e6d0a\" data-element_type=\"widget\" data-widget_type=\"text-editor.default\">\n\t\t\t\t<div class=\"elementor-widget-container\">\n\t\t\t<style>\/*! elementor - v3.9.0 - 06-12-2022 *\/\n.elementor-widget-text-editor.elementor-drop-cap-view-stacked .elementor-drop-cap{background-color:#818a91;color:#fff}.elementor-widget-text-editor.elementor-drop-cap-view-framed .elementor-drop-cap{color:#818a91;border:3px solid;background-color:transparent}.elementor-widget-text-editor:not(.elementor-drop-cap-view-default) .elementor-drop-cap{margin-top:8px}.elementor-widget-text-editor:not(.elementor-drop-cap-view-default) .elementor-drop-cap-letter{width:1em;height:1em}.elementor-widget-text-editor .elementor-drop-cap{float:left;text-align:center;line-height:1;font-size:50px}.elementor-widget-text-editor .elementor-drop-cap-letter{display:inline-block}<\/style>\t\t\t\t<h4><span style=\"font-family: helvetica, arial, sans-serif; font-size: 12pt;\">En el marco del Componente 1 \u00abInnovaci\u00f3n y transici\u00f3n verde de las pymes\u00bb del programa de financiaci\u00f3n Al-Invest Verde, la Asociaci\u00f3n Solidaridad de Pa\u00edses Emergentes &#8211; ASPEm present\u00f3 el proyecto \u00abAceleradora de Innovaci\u00f3n textil: mipymes textiles para su transici\u00f3n hacia modelos empresariales sostenibles y circulares\u00bb, que busca contribuir con el cambio en la industria textil en el Per\u00fa en cuestiones de econom\u00eda circular y sostenibilidad. <\/span><\/h4>\t\t\t\t\t\t<\/div>\n\t\t\t\t<\/div>\n\t\t\t\t\t<\/div>\n\t\t<\/div>\n\t\t\t\t\t\t\t<\/div>\n\t\t<\/section>\n\t\t\t\t<section class=\"elementor-section elementor-top-section elementor-element elementor-element-da83d84 elementor-section-boxed elementor-section-height-default elementor-section-height-default\" data-id=\"da83d84\" data-element_type=\"section\">\n\t\t\t\t\t\t<div class=\"elementor-container elementor-column-gap-default\">\n\t\t\t\t\t<div class=\"elementor-column elementor-col-100 elementor-top-column elementor-element elementor-element-a23b60b\" data-id=\"a23b60b\" data-element_type=\"column\">\n\t\t\t<div class=\"elementor-widget-wrap elementor-element-populated\">\n\t\t\t\t\t\t\t\t<div class=\"elementor-element elementor-element-fdd0401 elementor-button-info elementor-align-right elementor-widget elementor-widget-button\" data-id=\"fdd0401\" data-element_type=\"widget\" data-widget_type=\"button.default\">\n\t\t\t\t<div class=\"elementor-widget-container\">\n\t\t\t\t\t<div class=\"elementor-button-wrapper\">\n\t\t\t<a href=\"http:\/\/aspem.org.pe\/aceleradora-de-innovacion-textil-un-proyecto-para-un-sector-textil-circular-y-responsable\/\" target=\"_blank\" class=\"elementor-button-link elementor-button elementor-size-xs\" role=\"button\">\n\t\t\t\t\t\t<span class=\"elementor-button-content-wrapper\">\n\t\t\t\t\t\t\t<span class=\"elementor-button-icon elementor-align-icon-right\">\n\t\t\t\t<i aria-hidden=\"true\" class=\"far fa-hand-point-right\"><\/i>\t\t\t<\/span>\n\t\t\t\t\t\t<span class=\"elementor-button-text\">Ent\u00e9rate m\u00e1s<\/span>\n\t\t<\/span>\n\t\t\t\t\t<\/a>\n\t\t<\/div>\n\t\t\t\t<\/div>\n\t\t\t\t<\/div>\n\t\t\t\t\t<\/div>\n\t\t<\/div>\n\t\t\t\t\t\t\t<\/div>\n\t\t<\/section>\n\t\t\t\t<section class=\"elementor-section elementor-top-section elementor-element elementor-element-3f7a336 elementor-section-boxed elementor-section-height-default elementor-section-height-default\" data-id=\"3f7a336\" data-element_type=\"section\">\n\t\t\t\t\t\t<div class=\"elementor-container elementor-column-gap-default\">\n\t\t\t\t\t<div class=\"elementor-column elementor-col-100 elementor-top-column elementor-element elementor-element-e46bc89\" data-id=\"e46bc89\" data-element_type=\"column\">\n\t\t\t<div class=\"elementor-widget-wrap\">\n\t\t\t\t\t\t\t\t\t<\/div>\n\t\t<\/div>\n\t\t\t\t\t\t\t<\/div>\n\t\t<\/section>\n\t\t\t\t\t\t\t<\/div>\n\t\t","protected":false},"excerpt":{"rendered":"<p>En el marco del Componente 1 \u00abInnovaci\u00f3n y transici\u00f3n verde de las pymes\u00bb del programa de financiaci\u00f3n Al-Invest Verde, la Asociaci\u00f3n Solidaridad de Pa\u00edses Emergentes &#8211; ASPEm present\u00f3 el proyecto \u00abAceleradora de Innovaci\u00f3n textil: mipymes textiles para su transici\u00f3n hacia modelos empresariales sostenibles y circulares\u00bb, que busca contribuir con el cambio en la industria textil [&hellip;]<\/p>\n","protected":false},"author":3,"featured_media":5284,"comment_status":"open","ping_status":"open","sticky":false,"template":"","format":"standard","meta":{"footnotes":""},"categories":[93,44],"tags":[132],"class_list":["post-5283","post","type-post","status-publish","format-standard","has-post-thumbnail","hentry","category-colaborativo-alianzas","category-textil-confecciones","tag-manufactura"],"_links":{"self":[{"href":"https:\/\/desarrollo.infobox.com.pe\/miempresacircular\/wp-json\/wp\/v2\/posts\/5283","targetHints":{"allow":["GET"]}}],"collection":[{"href":"https:\/\/desarrollo.infobox.com.pe\/miempresacircular\/wp-json\/wp\/v2\/posts"}],"about":[{"href":"https:\/\/desarrollo.infobox.com.pe\/miempresacircular\/wp-json\/wp\/v2\/types\/post"}],"author":[{"embeddable":true,"href":"https:\/\/desarrollo.infobox.com.pe\/miempresacircular\/wp-json\/wp\/v2\/users\/3"}],"replies":[{"embeddable":true,"href":"https:\/\/desarrollo.infobox.com.pe\/miempresacircular\/wp-json\/wp\/v2\/comments?post=5283"}],"version-history":[{"count":15,"href":"https:\/\/desarrollo.infobox.com.pe\/miempresacircular\/wp-json\/wp\/v2\/posts\/5283\/revisions"}],"predecessor-version":[{"id":10265,"href":"https:\/\/desarrollo.infobox.com.pe\/miempresacircular\/wp-json\/wp\/v2\/posts\/5283\/revisions\/10265"}],"wp:featuredmedia":[{"embeddable":true,"href":"https:\/\/desarrollo.infobox.com.pe\/miempresacircular\/wp-json\/wp\/v2\/media\/5284"}],"wp:attachment":[{"href":"https:\/\/desarrollo.infobox.com.pe\/miempresacircular\/wp-json\/wp\/v2\/media?parent=5283"}],"wp:term":[{"taxonomy":"category","embeddable":true,"href":"https:\/\/desarrollo.infobox.com.pe\/miempresacircular\/wp-json\/wp\/v2\/categories?post=5283"},{"taxonomy":"post_tag","embeddable":true,"href":"https:\/\/desarrollo.infobox.com.pe\/miempresacircular\/wp-json\/wp\/v2\/tags?post=5283"}],"curies":[{"name":"wp","href":"https:\/\/api.w.org\/{rel}","templated":true}]}}