{"id":5313,"date":"2023-11-26T11:21:06","date_gmt":"2023-11-26T16:21:06","guid":{"rendered":"https:\/\/miempresacircular.pe\/?p=5313"},"modified":"2025-06-04T17:54:36","modified_gmt":"2025-06-04T22:54:36","slug":"eficiencia-energetica-y-economia-circular-en-la-industria-del-cuero-y-calzado","status":"publish","type":"post","link":"https:\/\/desarrollo.infobox.com.pe\/miempresacircular\/2023\/11\/26\/eficiencia-energetica-y-economia-circular-en-la-industria-del-cuero-y-calzado\/","title":{"rendered":"Eficiencia energ\u00e9tica y econom\u00eda circular en la industria del cuero y calzado"},"content":{"rendered":"\t\t<div data-elementor-type=\"wp-post\" data-elementor-id=\"5313\" class=\"elementor elementor-5313\">\n\t\t\t\t\t\t\t\t\t<section class=\"elementor-section elementor-top-section elementor-element elementor-element-5379376 elementor-section-boxed elementor-section-height-default elementor-section-height-default\" data-id=\"5379376\" data-element_type=\"section\">\n\t\t\t\t\t\t<div class=\"elementor-container elementor-column-gap-default\">\n\t\t\t\t\t<div class=\"elementor-column elementor-col-100 elementor-top-column elementor-element elementor-element-d543391\" data-id=\"d543391\" data-element_type=\"column\">\n\t\t\t<div class=\"elementor-widget-wrap elementor-element-populated\">\n\t\t\t\t\t\t\t\t<div class=\"elementor-element elementor-element-65960b1 elementor-widget elementor-widget-text-editor\" data-id=\"65960b1\" data-element_type=\"widget\" data-widget_type=\"text-editor.default\">\n\t\t\t\t<div class=\"elementor-widget-container\">\n\t\t\t<style>\/*! elementor - v3.9.0 - 06-12-2022 *\/\n.elementor-widget-text-editor.elementor-drop-cap-view-stacked .elementor-drop-cap{background-color:#818a91;color:#fff}.elementor-widget-text-editor.elementor-drop-cap-view-framed .elementor-drop-cap{color:#818a91;border:3px solid;background-color:transparent}.elementor-widget-text-editor:not(.elementor-drop-cap-view-default) .elementor-drop-cap{margin-top:8px}.elementor-widget-text-editor:not(.elementor-drop-cap-view-default) .elementor-drop-cap-letter{width:1em;height:1em}.elementor-widget-text-editor .elementor-drop-cap{float:left;text-align:center;line-height:1;font-size:50px}.elementor-widget-text-editor .elementor-drop-cap-letter{display:inline-block}<\/style>\t\t\t\t<h4><span style=\"font-family: helvetica, arial, sans-serif; font-size: 12pt;\">El Centro de Innovaci\u00f3n Productiva y Transferencia Tecnol\u00f3gica del Cuero, Calzado e Industrias Conexas (CITEccal) Trujillo y la cooperaci\u00f3n alemana promueven la eficiencia energ\u00e9tica y econom\u00eda circular en la industria del cuero y calzado. <\/span><\/h4><h4><span style=\"font-family: helvetica, arial, sans-serif; font-size: 12pt;\">El objetivo es potenciar la competitividad y la sostenibilidad en esta industria, a trav\u00e9s de la implementaci\u00f3n de pr\u00e1cticas empresariales responsables y sostenibles desde el punto de vista ambiental, social y econ\u00f3mico. <\/span><\/h4>\t\t\t\t\t\t<\/div>\n\t\t\t\t<\/div>\n\t\t\t\t\t<\/div>\n\t\t<\/div>\n\t\t\t\t\t\t\t<\/div>\n\t\t<\/section>\n\t\t\t\t<section class=\"elementor-section elementor-top-section elementor-element elementor-element-0bc1350 elementor-section-boxed elementor-section-height-default elementor-section-height-default\" data-id=\"0bc1350\" data-element_type=\"section\">\n\t\t\t\t\t\t<div class=\"elementor-container elementor-column-gap-default\">\n\t\t\t\t\t<div class=\"elementor-column elementor-col-100 elementor-top-column elementor-element elementor-element-30c1cb2\" data-id=\"30c1cb2\" data-element_type=\"column\">\n\t\t\t<div class=\"elementor-widget-wrap elementor-element-populated\">\n\t\t\t\t\t\t\t\t<div class=\"elementor-element elementor-element-ca9939e elementor-button-info elementor-align-right elementor-widget elementor-widget-button\" data-id=\"ca9939e\" data-element_type=\"widget\" data-widget_type=\"button.default\">\n\t\t\t\t<div class=\"elementor-widget-container\">\n\t\t\t\t\t<div class=\"elementor-button-wrapper\">\n\t\t\t<a href=\"https:\/\/www.gob.pe\/institucion\/itp\/noticias\/822671-buenas-noticias-promueven-la-eficiencia-energetica-y-economia-circular-en-la-industria-del-cuero-y-calzado\" target=\"_blank\" class=\"elementor-button-link elementor-button elementor-size-xs\" role=\"button\">\n\t\t\t\t\t\t<span class=\"elementor-button-content-wrapper\">\n\t\t\t\t\t\t\t<span class=\"elementor-button-icon elementor-align-icon-right\">\n\t\t\t\t<i aria-hidden=\"true\" class=\"far fa-hand-point-right\"><\/i>\t\t\t<\/span>\n\t\t\t\t\t\t<span class=\"elementor-button-text\">Ent\u00e9rate m\u00e1s<\/span>\n\t\t<\/span>\n\t\t\t\t\t<\/a>\n\t\t<\/div>\n\t\t\t\t<\/div>\n\t\t\t\t<\/div>\n\t\t\t\t\t<\/div>\n\t\t<\/div>\n\t\t\t\t\t\t\t<\/div>\n\t\t<\/section>\n\t\t\t\t<section class=\"elementor-section elementor-top-section elementor-element elementor-element-3565cd0 elementor-section-boxed elementor-section-height-default elementor-section-height-default\" data-id=\"3565cd0\" data-element_type=\"section\">\n\t\t\t\t\t\t<div class=\"elementor-container elementor-column-gap-default\">\n\t\t\t\t\t<div class=\"elementor-column elementor-col-100 elementor-top-column elementor-element elementor-element-fffa023\" data-id=\"fffa023\" data-element_type=\"column\">\n\t\t\t<div class=\"elementor-widget-wrap\">\n\t\t\t\t\t\t\t\t\t<\/div>\n\t\t<\/div>\n\t\t\t\t\t\t\t<\/div>\n\t\t<\/section>\n\t\t\t\t\t\t\t<\/div>\n\t\t","protected":false},"excerpt":{"rendered":"<p>El Centro de Innovaci\u00f3n Productiva y Transferencia Tecnol\u00f3gica del Cuero, Calzado e Industrias Conexas (CITEccal) Trujillo y la cooperaci\u00f3n alemana promueven la eficiencia energ\u00e9tica y econom\u00eda circular en la industria del cuero y calzado. El objetivo es potenciar la competitividad y la sostenibilidad en esta industria, a trav\u00e9s de la implementaci\u00f3n de pr\u00e1cticas empresariales responsables [&hellip;]<\/p>\n","protected":false},"author":3,"featured_media":5314,"comment_status":"open","ping_status":"open","sticky":false,"template":"","format":"standard","meta":{"footnotes":""},"categories":[45,119,68],"tags":[132],"class_list":["post-5313","post","type-post","status-publish","format-standard","has-post-thumbnail","hentry","category-calzado","category-eficiencia","category-informativo","tag-manufactura"],"_links":{"self":[{"href":"https:\/\/desarrollo.infobox.com.pe\/miempresacircular\/wp-json\/wp\/v2\/posts\/5313","targetHints":{"allow":["GET"]}}],"collection":[{"href":"https:\/\/desarrollo.infobox.com.pe\/miempresacircular\/wp-json\/wp\/v2\/posts"}],"about":[{"href":"https:\/\/desarrollo.infobox.com.pe\/miempresacircular\/wp-json\/wp\/v2\/types\/post"}],"author":[{"embeddable":true,"href":"https:\/\/desarrollo.infobox.com.pe\/miempresacircular\/wp-json\/wp\/v2\/users\/3"}],"replies":[{"embeddable":true,"href":"https:\/\/desarrollo.infobox.com.pe\/miempresacircular\/wp-json\/wp\/v2\/comments?post=5313"}],"version-history":[{"count":13,"href":"https:\/\/desarrollo.infobox.com.pe\/miempresacircular\/wp-json\/wp\/v2\/posts\/5313\/revisions"}],"predecessor-version":[{"id":10132,"href":"https:\/\/desarrollo.infobox.com.pe\/miempresacircular\/wp-json\/wp\/v2\/posts\/5313\/revisions\/10132"}],"wp:featuredmedia":[{"embeddable":true,"href":"https:\/\/desarrollo.infobox.com.pe\/miempresacircular\/wp-json\/wp\/v2\/media\/5314"}],"wp:attachment":[{"href":"https:\/\/desarrollo.infobox.com.pe\/miempresacircular\/wp-json\/wp\/v2\/media?parent=5313"}],"wp:term":[{"taxonomy":"category","embeddable":true,"href":"https:\/\/desarrollo.infobox.com.pe\/miempresacircular\/wp-json\/wp\/v2\/categories?post=5313"},{"taxonomy":"post_tag","embeddable":true,"href":"https:\/\/desarrollo.infobox.com.pe\/miempresacircular\/wp-json\/wp\/v2\/tags?post=5313"}],"curies":[{"name":"wp","href":"https:\/\/api.w.org\/{rel}","templated":true}]}}