{"id":5535,"date":"2023-11-26T14:06:23","date_gmt":"2023-11-26T19:06:23","guid":{"rendered":"https:\/\/miempresacircular.pe\/?p=5535"},"modified":"2025-06-04T18:26:12","modified_gmt":"2025-06-04T23:26:12","slug":"hub-de-residuos-y-economia-circular-para-america-latina-y-el-caribe","status":"publish","type":"post","link":"https:\/\/desarrollo.infobox.com.pe\/miempresacircular\/2023\/11\/26\/hub-de-residuos-y-economia-circular-para-america-latina-y-el-caribe\/","title":{"rendered":"Hub de residuos y econom\u00eda circular para Am\u00e9rica Latina y el Caribe"},"content":{"rendered":"\t\t<div data-elementor-type=\"wp-post\" data-elementor-id=\"5535\" class=\"elementor elementor-5535\">\n\t\t\t\t\t\t\t\t\t<section class=\"elementor-section elementor-top-section elementor-element elementor-element-2f01050 elementor-section-boxed elementor-section-height-default elementor-section-height-default\" data-id=\"2f01050\" data-element_type=\"section\">\n\t\t\t\t\t\t<div class=\"elementor-container elementor-column-gap-default\">\n\t\t\t\t\t<div class=\"elementor-column elementor-col-100 elementor-top-column elementor-element elementor-element-c421d3b\" data-id=\"c421d3b\" data-element_type=\"column\">\n\t\t\t<div class=\"elementor-widget-wrap elementor-element-populated\">\n\t\t\t\t\t\t\t\t<div class=\"elementor-element elementor-element-901305f elementor-widget elementor-widget-text-editor\" data-id=\"901305f\" data-element_type=\"widget\" data-widget_type=\"text-editor.default\">\n\t\t\t\t<div class=\"elementor-widget-container\">\n\t\t\t<style>\/*! elementor - v3.9.0 - 06-12-2022 *\/\n.elementor-widget-text-editor.elementor-drop-cap-view-stacked .elementor-drop-cap{background-color:#818a91;color:#fff}.elementor-widget-text-editor.elementor-drop-cap-view-framed .elementor-drop-cap{color:#818a91;border:3px solid;background-color:transparent}.elementor-widget-text-editor:not(.elementor-drop-cap-view-default) .elementor-drop-cap{margin-top:8px}.elementor-widget-text-editor:not(.elementor-drop-cap-view-default) .elementor-drop-cap-letter{width:1em;height:1em}.elementor-widget-text-editor .elementor-drop-cap{float:left;text-align:center;line-height:1;font-size:50px}.elementor-widget-text-editor .elementor-drop-cap-letter{display:inline-block}<\/style>\t\t\t\t<h4><span style=\"font-family: helvetica, arial, sans-serif; font-size: 12pt;\">Esta nueva plataforma virtual brindar\u00e1 datos y estad\u00edsticas sobre la gesti\u00f3n de residuos s\u00f3lidos y la econ\u00f3mica circular en la regi\u00f3n, que contribuir\u00e1 a mejorar la toma de decisiones de actores clave del sector de residuos y econom\u00eda circular.<\/span><\/h4><h4><span style=\"font-family: helvetica, arial, sans-serif; font-size: 12pt;\">Adem\u00e1s, en el evento se compartir\u00e1 un reporte actualizado sobre la evaluaci\u00f3n regional sobre el flujo de materiales-residuos s\u00f3lidos municipales para la regi\u00f3n.<\/span><\/h4><h4><span style=\"font-family: helvetica, arial, sans-serif; font-size: 12pt;\">Esta p\u00e1gina web propiciar\u00e1 el avance y la transformaci\u00f3n digital del sector, al propiciar una comunidad de pr\u00e1ctica alrededor del tema.<\/span><\/h4>\t\t\t\t\t\t<\/div>\n\t\t\t\t<\/div>\n\t\t\t\t\t<\/div>\n\t\t<\/div>\n\t\t\t\t\t\t\t<\/div>\n\t\t<\/section>\n\t\t\t\t<section class=\"elementor-section elementor-top-section elementor-element elementor-element-07a33ae elementor-section-boxed elementor-section-height-default elementor-section-height-default\" data-id=\"07a33ae\" data-element_type=\"section\">\n\t\t\t\t\t\t<div class=\"elementor-container elementor-column-gap-default\">\n\t\t\t\t\t<div class=\"elementor-column elementor-col-100 elementor-top-column elementor-element elementor-element-c48f04b\" data-id=\"c48f04b\" data-element_type=\"column\">\n\t\t\t<div class=\"elementor-widget-wrap elementor-element-populated\">\n\t\t\t\t\t\t\t\t<div class=\"elementor-element elementor-element-cc9ce4f elementor-button-info elementor-align-right elementor-widget elementor-widget-button\" data-id=\"cc9ce4f\" data-element_type=\"widget\" data-widget_type=\"button.default\">\n\t\t\t\t<div class=\"elementor-widget-container\">\n\t\t\t\t\t<div class=\"elementor-button-wrapper\">\n\t\t\t<a href=\"https:\/\/hubresiduoscirculares.org\/\" target=\"_blank\" class=\"elementor-button-link elementor-button elementor-size-xs\" role=\"button\">\n\t\t\t\t\t\t<span class=\"elementor-button-content-wrapper\">\n\t\t\t\t\t\t\t<span class=\"elementor-button-icon elementor-align-icon-right\">\n\t\t\t\t<i aria-hidden=\"true\" class=\"far fa-hand-point-right\"><\/i>\t\t\t<\/span>\n\t\t\t\t\t\t<span class=\"elementor-button-text\">Ent\u00e9rate m\u00e1s<\/span>\n\t\t<\/span>\n\t\t\t\t\t<\/a>\n\t\t<\/div>\n\t\t\t\t<\/div>\n\t\t\t\t<\/div>\n\t\t\t\t\t<\/div>\n\t\t<\/div>\n\t\t\t\t\t\t\t<\/div>\n\t\t<\/section>\n\t\t\t\t<section class=\"elementor-section elementor-top-section elementor-element elementor-element-6136eae elementor-section-boxed elementor-section-height-default elementor-section-height-default\" data-id=\"6136eae\" data-element_type=\"section\">\n\t\t\t\t\t\t<div class=\"elementor-container elementor-column-gap-default\">\n\t\t\t\t\t<div class=\"elementor-column elementor-col-100 elementor-top-column elementor-element elementor-element-6f36232\" data-id=\"6f36232\" data-element_type=\"column\">\n\t\t\t<div class=\"elementor-widget-wrap\">\n\t\t\t\t\t\t\t\t\t<\/div>\n\t\t<\/div>\n\t\t\t\t\t\t\t<\/div>\n\t\t<\/section>\n\t\t\t\t\t\t\t<\/div>\n\t\t","protected":false},"excerpt":{"rendered":"<p>Esta nueva plataforma virtual brindar\u00e1 datos y estad\u00edsticas sobre la gesti\u00f3n de residuos s\u00f3lidos y la econ\u00f3mica circular en la regi\u00f3n, que contribuir\u00e1 a mejorar la toma de decisiones de actores clave del sector de residuos y econom\u00eda circular. Adem\u00e1s, en el evento se compartir\u00e1 un reporte actualizado sobre la evaluaci\u00f3n regional sobre el flujo [&hellip;]<\/p>\n","protected":false},"author":3,"featured_media":5536,"comment_status":"open","ping_status":"open","sticky":false,"template":"","format":"standard","meta":{"footnotes":""},"categories":[93],"tags":[123],"class_list":["post-5535","post","type-post","status-publish","format-standard","has-post-thumbnail","hentry","category-colaborativo-alianzas","tag-piensa-circular"],"_links":{"self":[{"href":"https:\/\/desarrollo.infobox.com.pe\/miempresacircular\/wp-json\/wp\/v2\/posts\/5535","targetHints":{"allow":["GET"]}}],"collection":[{"href":"https:\/\/desarrollo.infobox.com.pe\/miempresacircular\/wp-json\/wp\/v2\/posts"}],"about":[{"href":"https:\/\/desarrollo.infobox.com.pe\/miempresacircular\/wp-json\/wp\/v2\/types\/post"}],"author":[{"embeddable":true,"href":"https:\/\/desarrollo.infobox.com.pe\/miempresacircular\/wp-json\/wp\/v2\/users\/3"}],"replies":[{"embeddable":true,"href":"https:\/\/desarrollo.infobox.com.pe\/miempresacircular\/wp-json\/wp\/v2\/comments?post=5535"}],"version-history":[{"count":13,"href":"https:\/\/desarrollo.infobox.com.pe\/miempresacircular\/wp-json\/wp\/v2\/posts\/5535\/revisions"}],"predecessor-version":[{"id":10256,"href":"https:\/\/desarrollo.infobox.com.pe\/miempresacircular\/wp-json\/wp\/v2\/posts\/5535\/revisions\/10256"}],"wp:featuredmedia":[{"embeddable":true,"href":"https:\/\/desarrollo.infobox.com.pe\/miempresacircular\/wp-json\/wp\/v2\/media\/5536"}],"wp:attachment":[{"href":"https:\/\/desarrollo.infobox.com.pe\/miempresacircular\/wp-json\/wp\/v2\/media?parent=5535"}],"wp:term":[{"taxonomy":"category","embeddable":true,"href":"https:\/\/desarrollo.infobox.com.pe\/miempresacircular\/wp-json\/wp\/v2\/categories?post=5535"},{"taxonomy":"post_tag","embeddable":true,"href":"https:\/\/desarrollo.infobox.com.pe\/miempresacircular\/wp-json\/wp\/v2\/tags?post=5535"}],"curies":[{"name":"wp","href":"https:\/\/api.w.org\/{rel}","templated":true}]}}