{"id":5719,"date":"2023-08-21T16:09:00","date_gmt":"2023-08-21T21:09:00","guid":{"rendered":"https:\/\/miempresacircular.pe\/?p=5719"},"modified":"2024-03-19T16:39:19","modified_gmt":"2024-03-19T21:39:19","slug":"conoce-a-la-coalicion-por-una-economia-circular-manufacturera-en-peru","status":"publish","type":"post","link":"https:\/\/desarrollo.infobox.com.pe\/miempresacircular\/2023\/08\/21\/conoce-a-la-coalicion-por-una-economia-circular-manufacturera-en-peru\/","title":{"rendered":"Conoce a la Coalici\u00f3n por una Econom\u00eda circular Manufacturera en Per\u00fa"},"content":{"rendered":"\t\t<div data-elementor-type=\"wp-post\" data-elementor-id=\"5719\" class=\"elementor elementor-5719\">\n\t\t\t\t\t\t\t\t\t<section class=\"elementor-section elementor-top-section elementor-element elementor-element-78e5e184 elementor-section-boxed elementor-section-height-default elementor-section-height-default\" data-id=\"78e5e184\" data-element_type=\"section\">\n\t\t\t\t\t\t<div class=\"elementor-container elementor-column-gap-default\">\n\t\t\t\t\t<div class=\"elementor-column elementor-col-100 elementor-top-column elementor-element elementor-element-238e2260\" data-id=\"238e2260\" data-element_type=\"column\">\n\t\t\t<div class=\"elementor-widget-wrap elementor-element-populated\">\n\t\t\t\t\t\t\t\t<div class=\"elementor-element elementor-element-58d13d1d elementor-widget elementor-widget-text-editor\" data-id=\"58d13d1d\" data-element_type=\"widget\" data-widget_type=\"text-editor.default\">\n\t\t\t\t<div class=\"elementor-widget-container\">\n\t\t\t<style>\/*! elementor - v3.9.0 - 06-12-2022 *\/\n.elementor-widget-text-editor.elementor-drop-cap-view-stacked .elementor-drop-cap{background-color:#818a91;color:#fff}.elementor-widget-text-editor.elementor-drop-cap-view-framed .elementor-drop-cap{color:#818a91;border:3px solid;background-color:transparent}.elementor-widget-text-editor:not(.elementor-drop-cap-view-default) .elementor-drop-cap{margin-top:8px}.elementor-widget-text-editor:not(.elementor-drop-cap-view-default) .elementor-drop-cap-letter{width:1em;height:1em}.elementor-widget-text-editor .elementor-drop-cap{float:left;text-align:center;line-height:1;font-size:50px}.elementor-widget-text-editor .elementor-drop-cap-letter{display:inline-block}<\/style>\t\t\t\t<div id=\"pl-5719\"  class=\"panel-layout\" ><div id=\"pg-5719-0\"  class=\"panel-grid panel-no-style\" ><div id=\"pgc-5719-0-0\"  class=\"panel-grid-cell\"  data-weight=\"1\" ><div id=\"panel-5719-0-0-0\" class=\"so-panel widget widget_sow-editor panel-first-child panel-last-child\" data-index=\"0\" data-style=\"{&quot;background_image_attachment&quot;:false,&quot;background_display&quot;:&quot;tile&quot;,&quot;hide_mobile&quot;:&quot;&quot;,&quot;text_style&quot;:&quot;default&quot;,&quot;center_on_mobile&quot;:&quot;&quot;,&quot;center_on_tablets&quot;:&quot;&quot;,&quot;widget_shadow&quot;:&quot;none&quot;,&quot;remove_padding_mobile&quot;:&quot;&quot;,&quot;row_overlay&quot;:&quot;default&quot;,&quot;bg_opacity&quot;:&quot;100&quot;}\" ><div class=\"orion default panel-widget-style panel-widget-style-for-5719-0-0-0\" ><div\n\t\t\t\n\t\t\tclass=\"so-widget-sow-editor so-widget-sow-editor-base\"\n\t\t\t\n\t\t>\n<div class=\"siteorigin-widget-tinymce textwidget\">\n\t<\/div>\n<\/div><\/div><\/div><\/div><\/div><\/div>\t\t\t\t\t\t<\/div>\n\t\t\t\t<\/div>\n\t\t\t\t\t<\/div>\n\t\t<\/div>\n\t\t\t\t\t\t\t<\/div>\n\t\t<\/section>\n\t\t\t\t<section class=\"elementor-section elementor-top-section elementor-element elementor-element-0e9ce3e elementor-section-boxed elementor-section-height-default elementor-section-height-default\" data-id=\"0e9ce3e\" data-element_type=\"section\">\n\t\t\t\t\t\t<div class=\"elementor-container elementor-column-gap-default\">\n\t\t\t\t\t<div class=\"elementor-column elementor-col-100 elementor-top-column elementor-element elementor-element-d92c288\" data-id=\"d92c288\" data-element_type=\"column\">\n\t\t\t<div class=\"elementor-widget-wrap elementor-element-populated\">\n\t\t\t\t\t\t\t\t<div class=\"elementor-element elementor-element-9f83ab5 elementor-widget elementor-widget-text-editor\" data-id=\"9f83ab5\" data-element_type=\"widget\" data-widget_type=\"text-editor.default\">\n\t\t\t\t<div class=\"elementor-widget-container\">\n\t\t\t\t\t\t\t<h6><span style=\"font-size: 12pt;\"><span style=\"font-family: 'trebuchet ms', geneva, sans-serif;\">\u00bfSab\u00edas qu\u00e9? Existe una iniciativa que re\u00fane los esfuerzos del sector p\u00fablico y privado, la academia y la sociedad civil, con el apoyo de la cooperaci\u00f3n internacional, para facilitar la transici\u00f3n de las mipyme manufactureras a un modelo de negocio econ\u00f3mico, social y ambientalmente sostenible, basado en la Econom\u00eda Circular y la Eficiencia Energ\u00e9tica.<\/span><\/span><\/h6><h6><span style=\"font-size: 12pt;\"><span style=\"font-family: 'trebuchet ms', geneva, sans-serif;\"><br \/><\/span><span style=\"font-family: 'trebuchet ms', geneva, sans-serif;\">Esta iniciativa se llama \u201cCoalici\u00f3n por una Econom\u00eda Circular Manufacturera en Per\u00fa\u201d y es liderada por el Ministerio de la Producci\u00f3n \u2013 PRODUCE, con el apoyo de la cooperaci\u00f3n alemana para el desarrollo, implementada por la GIZ. A trav\u00e9s de esta iniciativa se busca elevar la eficiencia, productividad y la competitividad de las empresas, bajo un enfoque territorial, que integra las diferentes idiosincrasias y caracter\u00edsticas de las empresas a nivel nacional.<\/span><\/span><\/h6><h6><span style=\"font-size: 12pt;\"><span style=\"font-family: 'trebuchet ms', geneva, sans-serif;\"><br \/><\/span><span style=\"font-family: 'trebuchet ms', geneva, sans-serif;\">Para el 2024 la Coalici\u00f3n espera sensibilizar a 5 mil mipyme y lograr que 160 empresas incorporen elementos de circularidad, siendo, al menos, 40 dirigidas por mujeres. Para ello, trabaja bajo cuatro ejes estrat\u00e9gicos:<\/span><\/span><\/h6><ul><li><span style=\"font-family: 'trebuchet ms', geneva, sans-serif; font-size: 12pt;\"><span style=\"color: #000000;\">Sensibilizaci\u00f3n y desarrollo de capacidades<\/span><span style=\"color: #000000;\">, para que las mipyme conozcan c\u00f3mo implementar medidas de circularidad en sus procesos productivos, y que adem\u00e1s interioricen los beneficios del enfoque.<\/span><\/span><\/li><li><span style=\"font-family: 'trebuchet ms', geneva, sans-serif; font-size: 12pt;\"><span style=\"color: #000000;\">Innovaci\u00f3n y difusi\u00f3n tecnol\u00f3gica<\/span><span style=\"color: #000000;\">, a trav\u00e9s de la promoci\u00f3n de nuevas tecnolog\u00edas y espacios de co-creaci\u00f3n de innovaciones.<\/span><\/span><\/li><li><span style=\"font-family: 'trebuchet ms', geneva, sans-serif; font-size: 12pt;\"><span style=\"color: #000000;\">Gesti\u00f3n del conocimiento<\/span><span style=\"color: #000000;\"> para el intercambio de buenas pr\u00e1cticas y experiencias exitosas, empleando plataformas<\/span> <span style=\"color: #000000;\">como la P\u00e1gina Web \u201cMi Empresa Circular\u201d, pr\u00f3xima a su lanzamiento.<\/span><\/span><\/li><li><span style=\"font-family: 'trebuchet ms', geneva, sans-serif; font-size: 12pt;\"><span style=\"color: #000000;\">Mecanismos de Financiamiento<\/span><span style=\"color: #000000;\">, a trav\u00e9s del impulso de fondos de concursables, entre otras opciones.<\/span><\/span><\/li><\/ul><h6><span style=\"font-size: 12pt;\"><span style=\"font-family: 'trebuchet ms', geneva, sans-serif;\">La Coalici\u00f3n se gesta a partir de un Grupo Impulsor conformado, en adici\u00f3n al PRODUCE y la cooperaci\u00f3n alemana, por el Ministerio del Ambiente (MINAM), el Concejo Nacional de Competitividad y Formalizaci\u00f3n (CNCF), la Sociedad Nacional de Industrias (SIN), la Universidad de Ingenier\u00eda y Tecnolog\u00eda (UTEC), el instituto superior privado TECSUP, el Banco Interamericano de Desarrollo (BID) y la Uni\u00f3n Europea (UE) por medio del Equipo Europa.<\/span><\/span><\/h6><h6><span style=\"font-size: 12pt;\"><span style=\"font-family: 'trebuchet ms', geneva, sans-serif;\"><br \/><\/span><span style=\"font-family: 'trebuchet ms', geneva, sans-serif;\">Asimismo, cuenta con Nodos Regionales en La Libertad y Arequipa liderados, respectivamente, por el Comit\u00e9 Regional de Empresa, Estado, Academia y Sociedad Civil Organizada (CREEAS) y la C\u00e1mara de Comercio e Industria de Arequipa. Estos son los responsables de impulsar el fortalecimiento del ecosistema circular en su regi\u00f3n, a trav\u00e9s de la implementaci\u00f3n de un plan de trabajo adaptado a su realidad.<\/span><\/span><\/h6><h6><span style=\"font-size: 12pt;\"><span style=\"font-family: 'trebuchet ms', geneva, sans-serif;\"><br \/><\/span><span style=\"font-family: 'trebuchet ms', geneva, sans-serif;\">La Coalici\u00f3n marca un hito hist\u00f3rico en el pa\u00eds para contribuir, de manera articulada, a cubrir las necesidades y prioridades del sector manufactura en el marco de la promoci\u00f3n de la circularidad empresarial.<\/span><\/span><\/h6>\t\t\t\t\t\t<\/div>\n\t\t\t\t<\/div>\n\t\t\t\t\t<\/div>\n\t\t<\/div>\n\t\t\t\t\t\t\t<\/div>\n\t\t<\/section>\n\t\t\t\t\t\t\t<\/div>\n\t\t","protected":false},"excerpt":{"rendered":"<p>\u00bfSab\u00edas qu\u00e9? Existe una iniciativa que re\u00fane los esfuerzos del sector p\u00fablico y privado, la academia y la sociedad civil, con el apoyo de la cooperaci\u00f3n internacional, para facilitar la transici\u00f3n de las mipyme manufactureras a un modelo de negocio econ\u00f3mico, social y ambientalmente sostenible, basado en la Econom\u00eda Circular y la Eficiencia Energ\u00e9tica. Esta [&hellip;]<\/p>\n","protected":false},"author":1,"featured_media":5877,"comment_status":"open","ping_status":"open","sticky":false,"template":"","format":"standard","meta":{"footnotes":""},"categories":[64,42],"tags":[141],"class_list":["post-5719","post","type-post","status-publish","format-standard","has-post-thumbnail","hentry","category-noticias","category-novedades","tag-economia-circular"],"_links":{"self":[{"href":"https:\/\/desarrollo.infobox.com.pe\/miempresacircular\/wp-json\/wp\/v2\/posts\/5719","targetHints":{"allow":["GET"]}}],"collection":[{"href":"https:\/\/desarrollo.infobox.com.pe\/miempresacircular\/wp-json\/wp\/v2\/posts"}],"about":[{"href":"https:\/\/desarrollo.infobox.com.pe\/miempresacircular\/wp-json\/wp\/v2\/types\/post"}],"author":[{"embeddable":true,"href":"https:\/\/desarrollo.infobox.com.pe\/miempresacircular\/wp-json\/wp\/v2\/users\/1"}],"replies":[{"embeddable":true,"href":"https:\/\/desarrollo.infobox.com.pe\/miempresacircular\/wp-json\/wp\/v2\/comments?post=5719"}],"version-history":[{"count":20,"href":"https:\/\/desarrollo.infobox.com.pe\/miempresacircular\/wp-json\/wp\/v2\/posts\/5719\/revisions"}],"predecessor-version":[{"id":5901,"href":"https:\/\/desarrollo.infobox.com.pe\/miempresacircular\/wp-json\/wp\/v2\/posts\/5719\/revisions\/5901"}],"wp:featuredmedia":[{"embeddable":true,"href":"https:\/\/desarrollo.infobox.com.pe\/miempresacircular\/wp-json\/wp\/v2\/media\/5877"}],"wp:attachment":[{"href":"https:\/\/desarrollo.infobox.com.pe\/miempresacircular\/wp-json\/wp\/v2\/media?parent=5719"}],"wp:term":[{"taxonomy":"category","embeddable":true,"href":"https:\/\/desarrollo.infobox.com.pe\/miempresacircular\/wp-json\/wp\/v2\/categories?post=5719"},{"taxonomy":"post_tag","embeddable":true,"href":"https:\/\/desarrollo.infobox.com.pe\/miempresacircular\/wp-json\/wp\/v2\/tags?post=5719"}],"curies":[{"name":"wp","href":"https:\/\/api.w.org\/{rel}","templated":true}]}}