{"id":5893,"date":"2023-09-04T16:24:00","date_gmt":"2023-09-04T21:24:00","guid":{"rendered":"https:\/\/miempresacircular.pe\/?p=5893"},"modified":"2024-03-22T09:20:15","modified_gmt":"2024-03-22T14:20:15","slug":"especialistas-potencian-conocimientos-para-el-diseno-de-modelos-de-negocios-circulares","status":"publish","type":"post","link":"https:\/\/desarrollo.infobox.com.pe\/miempresacircular\/2023\/09\/04\/especialistas-potencian-conocimientos-para-el-diseno-de-modelos-de-negocios-circulares\/","title":{"rendered":"Especialistas potencian conocimientos para el dise\u00f1o de modelos de negocios circulares"},"content":{"rendered":"\t\t<div data-elementor-type=\"wp-post\" data-elementor-id=\"5893\" class=\"elementor elementor-5893\">\n\t\t\t\t\t\t\t\t\t<section class=\"elementor-section elementor-top-section elementor-element elementor-element-e81e423 elementor-section-boxed elementor-section-height-default elementor-section-height-default\" data-id=\"e81e423\" data-element_type=\"section\">\n\t\t\t\t\t\t<div class=\"elementor-container elementor-column-gap-default\">\n\t\t\t\t\t<div class=\"elementor-column elementor-col-100 elementor-top-column elementor-element elementor-element-8f213f1\" data-id=\"8f213f1\" data-element_type=\"column\">\n\t\t\t<div class=\"elementor-widget-wrap elementor-element-populated\">\n\t\t\t\t\t\t\t\t<div class=\"elementor-element elementor-element-cf0fb5b elementor-widget elementor-widget-text-editor\" data-id=\"cf0fb5b\" data-element_type=\"widget\" data-widget_type=\"text-editor.default\">\n\t\t\t\t<div class=\"elementor-widget-container\">\n\t\t\t<style>\/*! elementor - v3.9.0 - 06-12-2022 *\/\n.elementor-widget-text-editor.elementor-drop-cap-view-stacked .elementor-drop-cap{background-color:#818a91;color:#fff}.elementor-widget-text-editor.elementor-drop-cap-view-framed .elementor-drop-cap{color:#818a91;border:3px solid;background-color:transparent}.elementor-widget-text-editor:not(.elementor-drop-cap-view-default) .elementor-drop-cap{margin-top:8px}.elementor-widget-text-editor:not(.elementor-drop-cap-view-default) .elementor-drop-cap-letter{width:1em;height:1em}.elementor-widget-text-editor .elementor-drop-cap{float:left;text-align:center;line-height:1;font-size:50px}.elementor-widget-text-editor .elementor-drop-cap-letter{display:inline-block}<\/style>\t\t\t\t<h6 style=\"color: #000000; font-family: 'YAFdJt8dAY0 0', _fb_, auto; --font-size: 19.3333px; --line-height: 1.4; line-height: 27px;\"><span style=\"font-family: 'trebuchet ms', geneva, sans-serif;\">En agosto del 2023, especialistas de la Direcci\u00f3n General de Asuntos Ambientales de Industria (DGAAMI) del Ministerio de la Producci\u00f3n, del Programa Nacional \u201cTu Empresa\u201d (PNTE), de la Direcci\u00f3n de Estrategia, Desarrollo y Fortalecimiento (DEDFO) de los CITE y CITEmadera Lima iniciaron el curso de formaci\u00f3n \u201cDise\u00f1o de Modelos de negocios Circulares con Ecocanvas\u201d de forma virtual asincr\u00f3nico.<\/span><\/h6><h6 style=\"color: #000000; font-family: 'YAFdJt8dAY0 0', _fb_, auto; --font-size: 19.3333px; --line-height: 1.4; line-height: 27px;\"><span style=\"font-family: 'trebuchet ms', geneva, sans-serif;\">\u00a0<\/span><\/h6><h6 style=\"color: #000000; font-family: 'YAFdJt8dAY0 0', _fb_, auto; --font-size: 19.3333px; --line-height: 1.4; line-height: 27px;\"><span style=\"font-family: 'trebuchet ms', geneva, sans-serif;\">El curso aborda los conceptos y aplicaci\u00f3n pr\u00e1ctica de la metodolog\u00eda Ecocanvas para la implementaci\u00f3n de soluciones circulares efectivas. Al finalizar el curso los participantes habr\u00e1n descubierto lo \u00faltimo en innovaci\u00f3n y econom\u00eda circular, siendo m\u00e1s proactivos en la generaci\u00f3n de ideas y oportunidades para generar valor compartido. As\u00ed, por ejemplo, los especialistas de CITEmadera Lima podr\u00e1n desarrollar capacidades para incorporar la Econom\u00eda Circular en la oferta de servicios que brindan a las MYPE, adem\u00e1s, permitir\u00e1 a la instituci\u00f3n alcanzar nuevos segmentos de mercado futuros y\/o clientes potenciales.<\/span><\/h6><h6 style=\"color: #000000; font-family: 'YAFdJt8dAY0 0', _fb_, auto; --font-size: 19.3333px; --line-height: 1.4; line-height: 27px;\"><span style=\"font-family: 'trebuchet ms', geneva, sans-serif;\">\u00a0<\/span><\/h6><h6 style=\"color: #000000; font-family: 'YAFdJt8dAY0 0', _fb_, auto; --font-size: 19.3333px; --line-height: 1.4; line-height: 27px;\"><span style=\"font-family: 'trebuchet ms', geneva, sans-serif;\">De igual forma, los participantes tendr\u00e1n una mejor comprensi\u00f3n de la situaci\u00f3n actual de los emprendimientos circulares como punto de partida para lograr cambios econ\u00f3micos, sociales y ambientales. Asimismo, aprender\u00e1n las bases del dise\u00f1o de negocios para la Econom\u00eda Circular, a trav\u00e9s de la construcci\u00f3n de prototipos de modelos de negocios circulares y aplicando un conjunto de visiones, herramientas y m\u00e9todos que consiga hacer m\u00e1s resilientes a las empresas.<\/span><\/h6><h6 style=\"color: #000000; font-family: 'YAFdJt8dAY0 0', _fb_, auto; --font-size: 19.3333px; --line-height: 1.4; line-height: 27px;\"><span style=\"font-family: 'trebuchet ms', geneva, sans-serif;\">\u00a0<\/span><\/h6><h6 style=\"color: #000000; font-family: 'YAFdJt8dAY0 0', _fb_, auto; --font-size: 19.3333px; --line-height: 1.4; line-height: 27px;\"><span style=\"font-family: 'trebuchet ms', geneva, sans-serif;\">Este curso se desarrolla en el marco del proyecto Econom\u00eda Circular para un Desarrollo Urbano Amigable con el Clima &#8211; KLW de la cooperaci\u00f3n alemana para el desarrollo, implementada por la GIZ, el cual se ejecuta en conjunto con el Ministerio de la Producci\u00f3n (PRODUCE).<\/span><\/h6>\t\t\t\t\t\t<\/div>\n\t\t\t\t<\/div>\n\t\t\t\t\t<\/div>\n\t\t<\/div>\n\t\t\t\t\t\t\t<\/div>\n\t\t<\/section>\n\t\t\t\t\t\t\t<\/div>\n\t\t","protected":false},"excerpt":{"rendered":"<p>En agosto del 2023, especialistas de la Direcci\u00f3n General de Asuntos Ambientales de Industria (DGAAMI) del Ministerio de la Producci\u00f3n, del Programa Nacional \u201cTu Empresa\u201d (PNTE), de la Direcci\u00f3n de Estrategia, Desarrollo y Fortalecimiento (DEDFO) de los CITE y CITEmadera Lima iniciaron el curso de formaci\u00f3n \u201cDise\u00f1o de Modelos de negocios Circulares con Ecocanvas\u201d de [&hellip;]<\/p>\n","protected":false},"author":6,"featured_media":5894,"comment_status":"open","ping_status":"open","sticky":false,"template":"","format":"standard","meta":{"footnotes":""},"categories":[48,64,42],"tags":[142,141,143],"class_list":["post-5893","post","type-post","status-publish","format-standard","has-post-thumbnail","hentry","category-mobiliario","category-noticias","category-novedades","tag-ecocanvas","tag-economia-circular","tag-madera"],"_links":{"self":[{"href":"https:\/\/desarrollo.infobox.com.pe\/miempresacircular\/wp-json\/wp\/v2\/posts\/5893","targetHints":{"allow":["GET"]}}],"collection":[{"href":"https:\/\/desarrollo.infobox.com.pe\/miempresacircular\/wp-json\/wp\/v2\/posts"}],"about":[{"href":"https:\/\/desarrollo.infobox.com.pe\/miempresacircular\/wp-json\/wp\/v2\/types\/post"}],"author":[{"embeddable":true,"href":"https:\/\/desarrollo.infobox.com.pe\/miempresacircular\/wp-json\/wp\/v2\/users\/6"}],"replies":[{"embeddable":true,"href":"https:\/\/desarrollo.infobox.com.pe\/miempresacircular\/wp-json\/wp\/v2\/comments?post=5893"}],"version-history":[{"count":4,"href":"https:\/\/desarrollo.infobox.com.pe\/miempresacircular\/wp-json\/wp\/v2\/posts\/5893\/revisions"}],"predecessor-version":[{"id":5904,"href":"https:\/\/desarrollo.infobox.com.pe\/miempresacircular\/wp-json\/wp\/v2\/posts\/5893\/revisions\/5904"}],"wp:featuredmedia":[{"embeddable":true,"href":"https:\/\/desarrollo.infobox.com.pe\/miempresacircular\/wp-json\/wp\/v2\/media\/5894"}],"wp:attachment":[{"href":"https:\/\/desarrollo.infobox.com.pe\/miempresacircular\/wp-json\/wp\/v2\/media?parent=5893"}],"wp:term":[{"taxonomy":"category","embeddable":true,"href":"https:\/\/desarrollo.infobox.com.pe\/miempresacircular\/wp-json\/wp\/v2\/categories?post=5893"},{"taxonomy":"post_tag","embeddable":true,"href":"https:\/\/desarrollo.infobox.com.pe\/miempresacircular\/wp-json\/wp\/v2\/tags?post=5893"}],"curies":[{"name":"wp","href":"https:\/\/api.w.org\/{rel}","templated":true}]}}