{"id":5911,"date":"2023-10-02T19:22:00","date_gmt":"2023-10-03T00:22:00","guid":{"rendered":"https:\/\/miempresacircular.pe\/?p=5911"},"modified":"2024-03-22T09:21:21","modified_gmt":"2024-03-22T14:21:21","slug":"proinnovate-promoviendo-empresas-articuladas-y-sostenibles-en-los-territorios","status":"publish","type":"post","link":"https:\/\/desarrollo.infobox.com.pe\/miempresacircular\/2023\/10\/02\/proinnovate-promoviendo-empresas-articuladas-y-sostenibles-en-los-territorios\/","title":{"rendered":"ProInn\u00f3vate: Promoviendo empresas articuladas y sostenibles en los territorios"},"content":{"rendered":"\t\t<div data-elementor-type=\"wp-post\" data-elementor-id=\"5911\" class=\"elementor elementor-5911\">\n\t\t\t\t\t\t\t\t\t<section class=\"elementor-section elementor-top-section elementor-element elementor-element-8449db7 elementor-section-boxed elementor-section-height-default elementor-section-height-default\" data-id=\"8449db7\" data-element_type=\"section\">\n\t\t\t\t\t\t<div class=\"elementor-container elementor-column-gap-default\">\n\t\t\t\t\t<div class=\"elementor-column elementor-col-100 elementor-top-column elementor-element elementor-element-cd0c27d\" data-id=\"cd0c27d\" data-element_type=\"column\">\n\t\t\t<div class=\"elementor-widget-wrap elementor-element-populated\">\n\t\t\t\t\t\t\t\t<div class=\"elementor-element elementor-element-0137a14 elementor-widget elementor-widget-text-editor\" data-id=\"0137a14\" data-element_type=\"widget\" data-widget_type=\"text-editor.default\">\n\t\t\t\t<div class=\"elementor-widget-container\">\n\t\t\t<style>\/*! elementor - v3.9.0 - 06-12-2022 *\/\n.elementor-widget-text-editor.elementor-drop-cap-view-stacked .elementor-drop-cap{background-color:#818a91;color:#fff}.elementor-widget-text-editor.elementor-drop-cap-view-framed .elementor-drop-cap{color:#818a91;border:3px solid;background-color:transparent}.elementor-widget-text-editor:not(.elementor-drop-cap-view-default) .elementor-drop-cap{margin-top:8px}.elementor-widget-text-editor:not(.elementor-drop-cap-view-default) .elementor-drop-cap-letter{width:1em;height:1em}.elementor-widget-text-editor .elementor-drop-cap{float:left;text-align:center;line-height:1;font-size:50px}.elementor-widget-text-editor .elementor-drop-cap-letter{display:inline-block}<\/style>\t\t\t\t<p class=\"cvGsUA direction-ltr align-justify para-style-body\" style=\"color: #000000; font-family: 'YAFdJt8dAY0 0', _fb_, auto; --font-size: 18.7318px; --line-height: 1.4; line-height: 26px;\"><span class=\"OYPEnA text-decoration-none text-strikethrough-none\" style=\"font-family: 'trebuchet ms', geneva, sans-serif;\">El Programa Nacional de Desarrollo Tecnol\u00f3gico e Innovaci\u00f3n (ProInn\u00f3vate) del Ministerio de la Producci\u00f3n se encuentra comprometido con el desarrollo sostenible de las regiones del Per\u00fa, a trav\u00e9s de la mejora de productividad y competitividad de las empresas, en especial, micro, peque\u00f1as y medianas empresas (mipyme). Por ello, ha lanzado el Programa de Apoyo a Cl\u00fasters, dirigida a fortalecer las interrelaciones entre las empresas e instituciones de apoyo (agencias gubernamentales, universidades, asociaciones empresariales, entre otros) de una misma zona geogr\u00e1fica y\/o cadena de valor.<\/span><\/p>\n<p class=\"cvGsUA direction-ltr align-justify para-style-body\" style=\"color: #000000; font-family: 'YAFdJt8dAY0 0', _fb_, auto; --font-size: 18.7318px; --line-height: 1.4; line-height: 26px;\"><span style=\"font-family: &quot;trebuchet ms&quot;, geneva, sans-serif; font-weight: var( --e-global-typography-text-font-weight );\">A trav\u00e9s de este programa, las empresas con iniciativas de cl\u00faster podr\u00e1n presentarse al concurso para obtener fondos provenientes de MIPYME Emprendedor. A partir de ello, las empresas recibir\u00e1n acceso a instrumentos no financieros para la difusi\u00f3n tecnol\u00f3gica, innovaci\u00f3n empresarial y mejora de la gesti\u00f3n y encadenamientos productivos y acceso a mercados.<\/span><br><\/p>\n<p class=\"cvGsUA direction-ltr align-justify para-style-body\" style=\"color: #000000; font-family: 'YAFdJt8dAY0 0', _fb_, auto; --font-size: 18.7318px; --line-height: 1.4; line-height: 26px;\"><span style=\"font-family: &quot;trebuchet ms&quot;, geneva, sans-serif; font-weight: var( --e-global-typography-text-font-weight );\">Es importante destacar que, en las bases del concurso, ProInn\u00f3vate ha incorporado elementos de sostenibilidad, que aportan a la Econom\u00eda Circular, como criterios relevantes a evaluar en las postulaciones de proyectos de cl\u00faster. Esta inclusi\u00f3n se realiz\u00f3 con el apoyo de la cooperaci\u00f3n alemana para el desarrollo, implementada por la GIZ, a trav\u00e9s del proyecto Econom\u00eda Circular para un Desarrollo Urbano Amigable con el Clima- KLW.<\/span><br><\/p>\n<p class=\"cvGsUA direction-ltr align-justify para-style-body\" style=\"color: #000000; font-family: 'YAFdJt8dAY0 0', _fb_, auto; --font-size: 18.7318px; --line-height: 1.4; line-height: 26px;\"><span style=\"font-family: &quot;trebuchet ms&quot;, geneva, sans-serif; font-weight: var( --e-global-typography-text-font-weight );\">As\u00ed, se espera lograr dinamizar las iniciativas de cl\u00faster, por medio de la generaci\u00f3n de capital social para la futura ejecuci\u00f3n de actividades y proyectos conjuntos, movilizando la cooperaci\u00f3n entre actores. Asimismo, en consenso, los actores podr\u00e1n formular la visi\u00f3n de desarrollo de su iniciativa y las estrategias necesarias para alcanzarla, siempre bajo una perspectiva de sostenibilidad econ\u00f3mica, social y ambiental.<\/span><br><\/p>\t\t\t\t\t\t<\/div>\n\t\t\t\t<\/div>\n\t\t\t\t\t<\/div>\n\t\t<\/div>\n\t\t\t\t\t\t\t<\/div>\n\t\t<\/section>\n\t\t\t\t\t\t\t<\/div>\n\t\t","protected":false},"excerpt":{"rendered":"<p>El Programa Nacional de Desarrollo Tecnol\u00f3gico e Innovaci\u00f3n (ProInn\u00f3vate) del Ministerio de la Producci\u00f3n se encuentra comprometido con el desarrollo sostenible de las regiones del Per\u00fa, a trav\u00e9s de la mejora de productividad y competitividad de las empresas, en especial, micro, peque\u00f1as y medianas empresas (mipyme). Por ello, ha lanzado el Programa de Apoyo a [&hellip;]<\/p>\n","protected":false},"author":6,"featured_media":5912,"comment_status":"open","ping_status":"open","sticky":false,"template":"","format":"standard","meta":{"footnotes":""},"categories":[64,42],"tags":[145,144],"class_list":["post-5911","post","type-post","status-publish","format-standard","has-post-thumbnail","hentry","category-noticias","category-novedades","tag-empresas","tag-sostenibilidad"],"_links":{"self":[{"href":"https:\/\/desarrollo.infobox.com.pe\/miempresacircular\/wp-json\/wp\/v2\/posts\/5911","targetHints":{"allow":["GET"]}}],"collection":[{"href":"https:\/\/desarrollo.infobox.com.pe\/miempresacircular\/wp-json\/wp\/v2\/posts"}],"about":[{"href":"https:\/\/desarrollo.infobox.com.pe\/miempresacircular\/wp-json\/wp\/v2\/types\/post"}],"author":[{"embeddable":true,"href":"https:\/\/desarrollo.infobox.com.pe\/miempresacircular\/wp-json\/wp\/v2\/users\/6"}],"replies":[{"embeddable":true,"href":"https:\/\/desarrollo.infobox.com.pe\/miempresacircular\/wp-json\/wp\/v2\/comments?post=5911"}],"version-history":[{"count":4,"href":"https:\/\/desarrollo.infobox.com.pe\/miempresacircular\/wp-json\/wp\/v2\/posts\/5911\/revisions"}],"predecessor-version":[{"id":5920,"href":"https:\/\/desarrollo.infobox.com.pe\/miempresacircular\/wp-json\/wp\/v2\/posts\/5911\/revisions\/5920"}],"wp:featuredmedia":[{"embeddable":true,"href":"https:\/\/desarrollo.infobox.com.pe\/miempresacircular\/wp-json\/wp\/v2\/media\/5912"}],"wp:attachment":[{"href":"https:\/\/desarrollo.infobox.com.pe\/miempresacircular\/wp-json\/wp\/v2\/media?parent=5911"}],"wp:term":[{"taxonomy":"category","embeddable":true,"href":"https:\/\/desarrollo.infobox.com.pe\/miempresacircular\/wp-json\/wp\/v2\/categories?post=5911"},{"taxonomy":"post_tag","embeddable":true,"href":"https:\/\/desarrollo.infobox.com.pe\/miempresacircular\/wp-json\/wp\/v2\/tags?post=5911"}],"curies":[{"name":"wp","href":"https:\/\/api.w.org\/{rel}","templated":true}]}}