{"id":5922,"date":"2023-10-16T19:56:00","date_gmt":"2023-10-17T00:56:00","guid":{"rendered":"https:\/\/miempresacircular.pe\/?p=5922"},"modified":"2024-03-22T09:22:17","modified_gmt":"2024-03-22T14:22:17","slug":"empresas-lideres-impulsoras-de-la-sostenibilidad-de-las-mipyme","status":"publish","type":"post","link":"https:\/\/desarrollo.infobox.com.pe\/miempresacircular\/2023\/10\/16\/empresas-lideres-impulsoras-de-la-sostenibilidad-de-las-mipyme\/","title":{"rendered":"Empresas l\u00edderes: Impulsoras de la sostenibilidad de las mipyme"},"content":{"rendered":"\t\t<div data-elementor-type=\"wp-post\" data-elementor-id=\"5922\" class=\"elementor elementor-5922\">\n\t\t\t\t\t\t\t\t\t<section class=\"elementor-section elementor-top-section elementor-element elementor-element-c42b3f1 elementor-section-boxed elementor-section-height-default elementor-section-height-default\" data-id=\"c42b3f1\" data-element_type=\"section\">\n\t\t\t\t\t\t<div class=\"elementor-container elementor-column-gap-default\">\n\t\t\t\t\t<div class=\"elementor-column elementor-col-100 elementor-top-column elementor-element elementor-element-bba5c50\" data-id=\"bba5c50\" data-element_type=\"column\">\n\t\t\t<div class=\"elementor-widget-wrap elementor-element-populated\">\n\t\t\t\t\t\t\t\t<div class=\"elementor-element elementor-element-8d41be4 elementor-widget elementor-widget-text-editor\" data-id=\"8d41be4\" data-element_type=\"widget\" data-widget_type=\"text-editor.default\">\n\t\t\t\t<div class=\"elementor-widget-container\">\n\t\t\t<style>\/*! elementor - v3.9.0 - 06-12-2022 *\/\n.elementor-widget-text-editor.elementor-drop-cap-view-stacked .elementor-drop-cap{background-color:#818a91;color:#fff}.elementor-widget-text-editor.elementor-drop-cap-view-framed .elementor-drop-cap{color:#818a91;border:3px solid;background-color:transparent}.elementor-widget-text-editor:not(.elementor-drop-cap-view-default) .elementor-drop-cap{margin-top:8px}.elementor-widget-text-editor:not(.elementor-drop-cap-view-default) .elementor-drop-cap-letter{width:1em;height:1em}.elementor-widget-text-editor .elementor-drop-cap{float:left;text-align:center;line-height:1;font-size:50px}.elementor-widget-text-editor .elementor-drop-cap-letter{display:inline-block}<\/style>\t\t\t\t<p class=\"cvGsUA direction-ltr align-justify para-style-body\" style=\"color: #000000; font-family: 'YAFdJt8dAY0 0', _fb_, auto; --font-size: 13.3333px; --line-height: 1.44; letter-spacing: 0.05em; line-height: 19px;\"><span style=\"font-family: 'trebuchet ms', geneva, sans-serif;\"><span class=\"OYPEnA text-decoration-none text-strikethrough-none\">El 06 de octubre de 2023, la Coalici\u00f3n por una Econom\u00eda Circular Manufacturera en Per\u00fa, el Ministerio de la Producci\u00f3n (PRODUCE) y la Sociedad Nacional de Industrias (SNI) realizaron el encuentro \u201cEmpresas tractoras: Catalizadoras de la sostenibilidad en las mipyme\u201d; con el apoyo de la cooperaci\u00f3n alemana para el desarrollo, implementada por la GIZ, a trav\u00e9s de los<\/span> <span class=\"OYPEnA text-decoration-none text-strikethrough-none\">proyectos \u201cEconom\u00eda circular para un desarrollo urbano amigable con el clima &#8211; KLW\u201d y, \u201cDesarrollo econ\u00f3mico sostenible y promoci\u00f3n de las PYMEs a nivel subnacional\u00bb, proyecto liderado por la Presidencia del Consejo de Ministros (PCM) con el apoyo de<\/span> <span class=\"OYPEnA text-decoration-none text-strikethrough-none\">la Uni\u00f3n Europea y la Cooperaci\u00f3n Espa\u00f1ola.<\/span><\/span><\/p><p class=\"cvGsUA direction-ltr align-justify para-style-body\" style=\"color: #000000; font-family: 'YAFdJt8dAY0 0', _fb_, auto; --font-size: 13.3333px; --line-height: 1.44; letter-spacing: 0.05em; line-height: 19px;\"><span class=\"OYPEnA text-decoration-none text-strikethrough-none\" style=\"font-family: 'trebuchet ms', geneva, sans-serif;\">El evento, realizado en colaboraci\u00f3n con el Ministerio del Ambiente (MINAM), la Delegaci\u00f3n de la Uni\u00f3n Europea en el Per\u00fa, Per\u00fa Sostenible y Rec\u00edclame, resalt\u00f3 la importancia de las empresas tractoras para impulsar pr\u00e1cticas sostenibles, basadas en Econom\u00eda Circular (EC) y Eficiencia Energ\u00e9tica (EE), en sus cadenas de suministro. Al contar con una posici\u00f3n privilegiada dichas empresas pueden establecer, incorporar y verificar requisitos de sostenibilidad para la adquisici\u00f3n de insumos o prestaci\u00f3n de servicios por parte de sus proveedores, que en su mayor\u00eda son mipyme.<\/span><\/p><p class=\"cvGsUA direction-ltr align-justify para-style-body\" style=\"color: #000000; font-family: 'YAFdJt8dAY0 0', _fb_, auto; --font-size: 13.3333px; --line-height: 1.44; letter-spacing: 0.05em; line-height: 19px;\"><span class=\"OYPEnA text-decoration-none text-strikethrough-none\" style=\"font-family: 'trebuchet ms', geneva, sans-serif;\">La viceministra de Gesti\u00f3n Ambiental del MINAM, Guiliana Becerra, durante su participaci\u00f3n en el evento, destac\u00f3 la creaci\u00f3n de la Coalici\u00f3n como un espacio de sinergia entre los diversos actores del ecosistema manufacturero a fin de acelerar la transici\u00f3n mipyme hacia modelos de negocios circulares.<\/span><\/p><p class=\"cvGsUA direction-ltr align-justify para-style-body\" style=\"color: #000000; font-family: 'YAFdJt8dAY0 0', _fb_, auto; --font-size: 13.3333px; --line-height: 1.44; letter-spacing: 0.05em; line-height: 19px;\"><span class=\"OYPEnA text-decoration-none text-strikethrough-none\" style=\"font-family: 'trebuchet ms', geneva, sans-serif;\">Asimismo, Carlos Gonz\u00e1les, director general de Pol\u00edticas y An\u00e1lisis Regulatorio de PRODUCE, resalt\u00f3 la importancia de acompa\u00f1ar la transici\u00f3n de las mipyme hacia modelos de producci\u00f3n social, ambiental y econ\u00f3micamente sostenible, por medio de la innovaci\u00f3n. Por su parte, la directora general de Asuntos Ambientales de Industria de PRODUCE, Mar\u00eda Ysabel Valle, subray\u00f3 la labor que realiza el Grupo de Trabajo conformado por Ministerio de la Producci\u00f3n para implementar y gestionar de forma articulada la implementaci\u00f3n de la Hoja de Ruta hacia una Econom\u00eda Circular en la industria manufacturera (HR-EC).<\/span><\/p><p class=\"cvGsUA direction-ltr align-justify para-style-body\" style=\"color: #000000; font-family: 'YAFdJt8dAY0 0', _fb_, auto; --font-size: 13.3333px; --line-height: 1.44; letter-spacing: 0.05em; line-height: 19px;\"><span class=\"OYPEnA text-decoration-none text-strikethrough-none\" style=\"font-family: 'trebuchet ms', geneva, sans-serif;\">Finalmente, Ana Moreno, directora de proyectos en la cooperaci\u00f3n alemana, present\u00f3 la iniciativa \u201cJala tus mipyme\u201d, una propuesta de la Coalici\u00f3n hacia las empresas tractoras para constituir una relaci\u00f3n ganar &#8211; ganar. Ello permitir\u00e1 el acceso de las empresas tractoras a espacios de cooperaci\u00f3n y a herramientas que facilitar\u00e1n a las empresas transitar hacia la Econom\u00eda Circular. De esta forma, se impulsar\u00e1 la colaboraci\u00f3n entre actores de las cadenas de valor, en b\u00fasqueda de la rentabilidad y resiliencia y sostenibilidad del sector manufacturero que impacte en el bienestar de la poblaci\u00f3n.<\/span><\/p>\t\t\t\t\t\t<\/div>\n\t\t\t\t<\/div>\n\t\t\t\t\t<\/div>\n\t\t<\/div>\n\t\t\t\t\t\t\t<\/div>\n\t\t<\/section>\n\t\t\t\t\t\t\t<\/div>\n\t\t","protected":false},"excerpt":{"rendered":"<p>El 06 de octubre de 2023, la Coalici\u00f3n por una Econom\u00eda Circular Manufacturera en Per\u00fa, el Ministerio de la Producci\u00f3n (PRODUCE) y la Sociedad Nacional de Industrias (SNI) realizaron el encuentro \u201cEmpresas tractoras: Catalizadoras de la sostenibilidad en las mipyme\u201d; con el apoyo de la cooperaci\u00f3n alemana para el desarrollo, implementada por la GIZ, a [&hellip;]<\/p>\n","protected":false},"author":6,"featured_media":5923,"comment_status":"open","ping_status":"open","sticky":false,"template":"","format":"standard","meta":{"footnotes":""},"categories":[64,42],"tags":[141,144],"class_list":["post-5922","post","type-post","status-publish","format-standard","has-post-thumbnail","hentry","category-noticias","category-novedades","tag-economia-circular","tag-sostenibilidad"],"_links":{"self":[{"href":"https:\/\/desarrollo.infobox.com.pe\/miempresacircular\/wp-json\/wp\/v2\/posts\/5922","targetHints":{"allow":["GET"]}}],"collection":[{"href":"https:\/\/desarrollo.infobox.com.pe\/miempresacircular\/wp-json\/wp\/v2\/posts"}],"about":[{"href":"https:\/\/desarrollo.infobox.com.pe\/miempresacircular\/wp-json\/wp\/v2\/types\/post"}],"author":[{"embeddable":true,"href":"https:\/\/desarrollo.infobox.com.pe\/miempresacircular\/wp-json\/wp\/v2\/users\/6"}],"replies":[{"embeddable":true,"href":"https:\/\/desarrollo.infobox.com.pe\/miempresacircular\/wp-json\/wp\/v2\/comments?post=5922"}],"version-history":[{"count":4,"href":"https:\/\/desarrollo.infobox.com.pe\/miempresacircular\/wp-json\/wp\/v2\/posts\/5922\/revisions"}],"predecessor-version":[{"id":5929,"href":"https:\/\/desarrollo.infobox.com.pe\/miempresacircular\/wp-json\/wp\/v2\/posts\/5922\/revisions\/5929"}],"wp:featuredmedia":[{"embeddable":true,"href":"https:\/\/desarrollo.infobox.com.pe\/miempresacircular\/wp-json\/wp\/v2\/media\/5923"}],"wp:attachment":[{"href":"https:\/\/desarrollo.infobox.com.pe\/miempresacircular\/wp-json\/wp\/v2\/media?parent=5922"}],"wp:term":[{"taxonomy":"category","embeddable":true,"href":"https:\/\/desarrollo.infobox.com.pe\/miempresacircular\/wp-json\/wp\/v2\/categories?post=5922"},{"taxonomy":"post_tag","embeddable":true,"href":"https:\/\/desarrollo.infobox.com.pe\/miempresacircular\/wp-json\/wp\/v2\/tags?post=5922"}],"curies":[{"name":"wp","href":"https:\/\/api.w.org\/{rel}","templated":true}]}}