{"id":5930,"date":"2023-10-06T20:23:00","date_gmt":"2023-10-07T01:23:00","guid":{"rendered":"https:\/\/miempresacircular.pe\/?p=5930"},"modified":"2024-03-21T17:31:25","modified_gmt":"2024-03-21T22:31:25","slug":"hacia-un-desarrollo-industrial-sostenible","status":"publish","type":"post","link":"https:\/\/desarrollo.infobox.com.pe\/miempresacircular\/2023\/10\/06\/hacia-un-desarrollo-industrial-sostenible\/","title":{"rendered":"Hacia un desarrollo industrial sostenible"},"content":{"rendered":"\t\t<div data-elementor-type=\"wp-post\" data-elementor-id=\"5930\" class=\"elementor elementor-5930\">\n\t\t\t\t\t\t\t\t\t<section class=\"elementor-section elementor-top-section elementor-element elementor-element-b5b4af8 elementor-section-boxed elementor-section-height-default elementor-section-height-default\" data-id=\"b5b4af8\" data-element_type=\"section\">\n\t\t\t\t\t\t<div class=\"elementor-container elementor-column-gap-default\">\n\t\t\t\t\t<div class=\"elementor-column elementor-col-100 elementor-top-column elementor-element elementor-element-9bdcab5\" data-id=\"9bdcab5\" data-element_type=\"column\">\n\t\t\t<div class=\"elementor-widget-wrap elementor-element-populated\">\n\t\t\t\t\t\t\t\t<div class=\"elementor-element elementor-element-319c416 elementor-widget elementor-widget-text-editor\" data-id=\"319c416\" data-element_type=\"widget\" data-widget_type=\"text-editor.default\">\n\t\t\t\t<div class=\"elementor-widget-container\">\n\t\t\t<style>\/*! elementor - v3.9.0 - 06-12-2022 *\/\n.elementor-widget-text-editor.elementor-drop-cap-view-stacked .elementor-drop-cap{background-color:#818a91;color:#fff}.elementor-widget-text-editor.elementor-drop-cap-view-framed .elementor-drop-cap{color:#818a91;border:3px solid;background-color:transparent}.elementor-widget-text-editor:not(.elementor-drop-cap-view-default) .elementor-drop-cap{margin-top:8px}.elementor-widget-text-editor:not(.elementor-drop-cap-view-default) .elementor-drop-cap-letter{width:1em;height:1em}.elementor-widget-text-editor .elementor-drop-cap{float:left;text-align:center;line-height:1;font-size:50px}.elementor-widget-text-editor .elementor-drop-cap-letter{display:inline-block}<\/style>\t\t\t\t<p class=\"cvGsUA direction-ltr align-justify para-style-body\"><span class=\"OYPEnA text-decoration-none text-strikethrough-none\" style=\"font-family: 'trebuchet ms', geneva, sans-serif;\">El 06 de octubre de 2023, la Coalici\u00f3n por una Econom\u00eda Circular Manufacturera en Per\u00fa, junto a PRODUCE, la SNI, el Colegio de Ingenieros del Per\u00fa, con el apoyo de la cooperaci\u00f3n alemana para el desarrollo, implementada por la GIZ, organizaron la conferencia internacional \u201cEconom\u00eda Circular: Un camino para el desarrollo industrial sostenible\u201d. En el espacio asistieron m\u00e1s de 300 personas.<\/span><\/p><p class=\"cvGsUA direction-ltr align-justify para-style-body\"><span style=\"font-family: 'trebuchet ms', geneva, sans-serif; font-weight: var( --e-global-typography-text-font-weight );\">El evento cont\u00f3 con la participaci\u00f3n del experto internacional en Econom\u00eda Circular, Nicola Cerantola, quien destac\u00f3 la importancia de reemplazar el actual modelo econ\u00f3mico lineal, basado en la extracci\u00f3n de recursos escasos para ser desechados, por la EC que busca satisfacer las necesidades de las personas de forma compatible con los l\u00edmites del planeta.<\/span><\/p><p class=\"cvGsUA direction-ltr align-justify para-style-body\"><span style=\"font-family: 'trebuchet ms', geneva, sans-serif; font-weight: var( --e-global-typography-text-font-weight );\">En esta l\u00ednea, la EC es un marco de soluciones para la transformaci\u00f3n de los sistemas productivos que ayuda a las empresas a reducir costos, generar nuevas l\u00edneas de producci\u00f3n y, m\u00e1s importante a\u00fan, las ayuda a transitar hacia la sostenibilidad, haciendo un menor uso de recursos y materias, mayor reinserci\u00f3n de estos en el flujo de producci\u00f3n y, por tanto, una menor emisi\u00f3n de Gases de Efecto Invernadero (GEI).<\/span><\/p><p class=\"cvGsUA direction-ltr align-justify para-style-body\"><span style=\"font-family: 'trebuchet ms', geneva, sans-serif; font-weight: var( --e-global-typography-text-font-weight );\">Adem\u00e1s, en la conferencia se destac\u00f3 el apoyo brindado por la cooperaci\u00f3n alemana y la Uni\u00f3n Europea, a trav\u00e9s del Equipo Europa, a la Coalici\u00f3n por una EC Manufacturera en Per\u00fa. Por medio de la acci\u00f3n coordinada de los actores europeos se busca impulsar modelos de negocios respetuosos con el medio ambiente, promoviendo la innovaci\u00f3n y el intercambio de experiencias y conocimientos; as\u00ed como la formaci\u00f3n de agentes de cambio que sumen fuerzas para fomentar la transici\u00f3n circular.<\/span><\/p>\t\t\t\t\t\t<\/div>\n\t\t\t\t<\/div>\n\t\t\t\t\t<\/div>\n\t\t<\/div>\n\t\t\t\t\t\t\t<\/div>\n\t\t<\/section>\n\t\t\t\t\t\t\t<\/div>\n\t\t","protected":false},"excerpt":{"rendered":"<p>El 06 de octubre de 2023, la Coalici\u00f3n por una Econom\u00eda Circular Manufacturera en Per\u00fa, junto a PRODUCE, la SNI, el Colegio de Ingenieros del Per\u00fa, con el apoyo de la cooperaci\u00f3n alemana para el desarrollo, implementada por la GIZ, organizaron la conferencia internacional \u201cEconom\u00eda Circular: Un camino para el desarrollo industrial sostenible\u201d. En el [&hellip;]<\/p>\n","protected":false},"author":6,"featured_media":5973,"comment_status":"open","ping_status":"open","sticky":false,"template":"","format":"standard","meta":{"footnotes":""},"categories":[64,42],"tags":[141,144],"class_list":["post-5930","post","type-post","status-publish","format-standard","has-post-thumbnail","hentry","category-noticias","category-novedades","tag-economia-circular","tag-sostenibilidad"],"_links":{"self":[{"href":"https:\/\/desarrollo.infobox.com.pe\/miempresacircular\/wp-json\/wp\/v2\/posts\/5930","targetHints":{"allow":["GET"]}}],"collection":[{"href":"https:\/\/desarrollo.infobox.com.pe\/miempresacircular\/wp-json\/wp\/v2\/posts"}],"about":[{"href":"https:\/\/desarrollo.infobox.com.pe\/miempresacircular\/wp-json\/wp\/v2\/types\/post"}],"author":[{"embeddable":true,"href":"https:\/\/desarrollo.infobox.com.pe\/miempresacircular\/wp-json\/wp\/v2\/users\/6"}],"replies":[{"embeddable":true,"href":"https:\/\/desarrollo.infobox.com.pe\/miempresacircular\/wp-json\/wp\/v2\/comments?post=5930"}],"version-history":[{"count":4,"href":"https:\/\/desarrollo.infobox.com.pe\/miempresacircular\/wp-json\/wp\/v2\/posts\/5930\/revisions"}],"predecessor-version":[{"id":5976,"href":"https:\/\/desarrollo.infobox.com.pe\/miempresacircular\/wp-json\/wp\/v2\/posts\/5930\/revisions\/5976"}],"wp:featuredmedia":[{"embeddable":true,"href":"https:\/\/desarrollo.infobox.com.pe\/miempresacircular\/wp-json\/wp\/v2\/media\/5973"}],"wp:attachment":[{"href":"https:\/\/desarrollo.infobox.com.pe\/miempresacircular\/wp-json\/wp\/v2\/media?parent=5930"}],"wp:term":[{"taxonomy":"category","embeddable":true,"href":"https:\/\/desarrollo.infobox.com.pe\/miempresacircular\/wp-json\/wp\/v2\/categories?post=5930"},{"taxonomy":"post_tag","embeddable":true,"href":"https:\/\/desarrollo.infobox.com.pe\/miempresacircular\/wp-json\/wp\/v2\/tags?post=5930"}],"curies":[{"name":"wp","href":"https:\/\/api.w.org\/{rel}","templated":true}]}}