{"id":5977,"date":"2023-09-18T17:32:00","date_gmt":"2023-09-18T22:32:00","guid":{"rendered":"https:\/\/miempresacircular.pe\/?p=5977"},"modified":"2024-03-21T17:40:00","modified_gmt":"2024-03-21T22:40:00","slug":"nodo-la-libertad-de-la-coalicion-por-una-economia-circular-manufacturera-en-peru-continua-fortaleciendo-sus-acciones","status":"publish","type":"post","link":"https:\/\/desarrollo.infobox.com.pe\/miempresacircular\/2023\/09\/18\/nodo-la-libertad-de-la-coalicion-por-una-economia-circular-manufacturera-en-peru-continua-fortaleciendo-sus-acciones\/","title":{"rendered":"Nodo La Libertad de la Coalici\u00f3n por una Econom\u00eda Circular Manufacturera en Per\u00fa contin\u00faa fortaleciendo sus acciones"},"content":{"rendered":"\t\t<div data-elementor-type=\"wp-post\" data-elementor-id=\"5977\" class=\"elementor elementor-5977\">\n\t\t\t\t\t\t\t\t\t<section class=\"elementor-section elementor-top-section elementor-element elementor-element-7b61d51 elementor-section-boxed elementor-section-height-default elementor-section-height-default\" data-id=\"7b61d51\" data-element_type=\"section\">\n\t\t\t\t\t\t<div class=\"elementor-container elementor-column-gap-default\">\n\t\t\t\t\t<div class=\"elementor-column elementor-col-100 elementor-top-column elementor-element elementor-element-e54234c\" data-id=\"e54234c\" data-element_type=\"column\">\n\t\t\t<div class=\"elementor-widget-wrap elementor-element-populated\">\n\t\t\t\t\t\t\t\t<div class=\"elementor-element elementor-element-f736be8 elementor-widget elementor-widget-text-editor\" data-id=\"f736be8\" data-element_type=\"widget\" data-widget_type=\"text-editor.default\">\n\t\t\t\t<div class=\"elementor-widget-container\">\n\t\t\t<style>\/*! elementor - v3.9.0 - 06-12-2022 *\/\n.elementor-widget-text-editor.elementor-drop-cap-view-stacked .elementor-drop-cap{background-color:#818a91;color:#fff}.elementor-widget-text-editor.elementor-drop-cap-view-framed .elementor-drop-cap{color:#818a91;border:3px solid;background-color:transparent}.elementor-widget-text-editor:not(.elementor-drop-cap-view-default) .elementor-drop-cap{margin-top:8px}.elementor-widget-text-editor:not(.elementor-drop-cap-view-default) .elementor-drop-cap-letter{width:1em;height:1em}.elementor-widget-text-editor .elementor-drop-cap{float:left;text-align:center;line-height:1;font-size:50px}.elementor-widget-text-editor .elementor-drop-cap-letter{display:inline-block}<\/style>\t\t\t\t<p style=\"color: #000000; font-family: 'YAFdJt8dAY0 0', _fb_, auto; --font-size: 18.6667px; --line-height: 1.4; line-height: 26px;\"><span style=\"font-family: 'trebuchet ms', geneva, sans-serif;\">El<\/span><span style=\"font-family: 'trebuchet ms', geneva, sans-serif;\"> nodo La Libertad de la Coalici\u00f3n por una Econom\u00eda Circular Manufacturera en el Per\u00fa, a trav\u00e9s del Comit\u00e9 Regional de Empresa, Estado, Academia y Sociedad Civil Organizada (CREEAS) liderado por la C\u00e1mara de Comercio de La Libertad (CCLL) y con el apoyo de la cooperaci\u00f3n alemana para el desarrollo, implementada por la GIZ, viene realizando grandes avances para acelerar la transici\u00f3n las micro, peque\u00f1a y medianas empresas \u2013 mipyme manufactureras hacia un modelo de negocio sostenible basado en la Econom\u00eda Circular (EC) y la Eficiencia Energ\u00e9tica (EE).<\/span><\/p><p style=\"color: #000000; font-family: 'YAFdJt8dAY0 0', _fb_, auto; --font-size: 18.6667px; --line-height: 1.4; line-height: 26px;\"><span style=\"font-family: 'trebuchet ms', geneva, sans-serif;\">En este marco, el 06 de setiembre, organizaron la ceremonia de premiaci\u00f3n y reconocimiento a las empresas participantes en el Programa de Innovaci\u00f3n Abierta regional &#8211; OpenTech de Innova La Libertad; el cual busca conectar las capacidades de diversos actores p\u00fablicos, privados, organizaciones sociales y la academia, para crear valor compartido y desarrollar soluciones tecnol\u00f3gicas que reduzcan las brechas del sector productivo en la regi\u00f3n.<\/span><\/p><p style=\"color: #000000; font-family: 'YAFdJt8dAY0 0', _fb_, auto; --font-size: 18.6667px; --line-height: 1.4; line-height: 26px;\"><span style=\"font-family: 'trebuchet ms', geneva, sans-serif;\">El espacio, llevado a cabo junto al Programa Nacional de Desarrollo Tecnol\u00f3gico e Innovaci\u00f3n \u2013 ProInn\u00f3vate del Ministerio de la Producci\u00f3n, fue una gran oportunidad para posicionar el impacto positivo de incluir la EC y la EE en procesos de innovaci\u00f3n abierta para empresas. As\u00ed, se destac\u00f3 que la EC y la EC generan mejoras en la competitividad y sostenibilidad de las empresas, al reducir costos y generar nuevas l\u00edneas de producci\u00f3n, con menor uso de recursos y materias, mayor reinserci\u00f3n de estos en el flujo de producci\u00f3n y, por tanto, una menor emisi\u00f3n de GEI. Asimismo, abren la posibilidad de que las empresas generen mayor valor para sus consumidores, puesto que las tendencias se\u00f1alan que estos prefieren a negocios que cuidan el ambiente.<\/span><\/p><p class=\"cvGsUA direction-ltr align-justify para-style-body\" style=\"color: #000000; font-family: 'YAFdJt8dAY0 0', _fb_, auto; --font-size: 18.6667px; --line-height: 1.4; line-height: 26px;\"><span class=\"OYPEnA text-decoration-none text-strikethrough-none\" style=\"font-family: 'trebuchet ms', geneva, sans-serif;\">De igual forma, se invit\u00f3 a empresas tractoras a impulsar la transici\u00f3n hacia la circularidad de las mipyme que son parte de sus cadenas de proveedur\u00eda, convirti\u00e9ndose en aliadas de la Coalici\u00f3n. El objetivo es que los equipos de sostenibilidad de las grandes empresas sean capacitados en EC y EE, a trav\u00e9s de las distintas herramientas y recursos que dispone la Coalici\u00f3n, para que a su vez repliquen el conocimiento y promuevan la adquisici\u00f3n de habilidades pr\u00e1cticas en las mipyme; logrando que integren soluciones innovadoras y sostenibles en sus procesos productivos.<\/span><\/p><p class=\"cvGsUA direction-ltr align-justify para-style-body\" style=\"color: #000000; font-family: 'YAFdJt8dAY0 0', _fb_, auto; --font-size: 18.6667px; --line-height: 1.4; line-height: 26px;\"><span class=\"OYPEnA text-decoration-none text-strikethrough-none\" style=\"font-family: 'trebuchet ms', geneva, sans-serif;\">En esta l\u00ednea de desarrollo con empresas de tractoras y siempre en coordinaci\u00f3n con el CREEAS, se sostuvo una reuni\u00f3n de trabajo con la Asociaci\u00f3n para el Desarrollo Agropecuario Sostenible \u2013 ADAS, que agrupa a 30 empresas agroexportadoras ubicadas en el proyecto de irrigaci\u00f3n Chavimochic, para abordar el plan de trabajo con esta asociaci\u00f3n en el marco del nodo La Libertad.<\/span><\/p><p class=\"cvGsUA direction-ltr align-justify para-style-body\" style=\"color: #000000; font-family: 'YAFdJt8dAY0 0', _fb_, auto; --font-size: 18.6667px; --line-height: 1.4; line-height: 26px;\"><span class=\"OYPEnA text-decoration-none text-strikethrough-none\" style=\"font-family: 'trebuchet ms', geneva, sans-serif;\">Se espera que el nodo La Libertad de la Coalici\u00f3n contin\u00fae articulando y comprometiendo a los actores locales para fortalecer el ecosistema sostenible de la regi\u00f3n; en el marco de la implementaci\u00f3n del plan de trabajo detallado, recientemente aprobado, que fija el curso de las acciones que se realizar\u00e1n en el pr\u00f3ximo a\u00f1o y que considera las necesidades propias del territorio.<\/span><\/p>\t\t\t\t\t\t<\/div>\n\t\t\t\t<\/div>\n\t\t\t\t\t<\/div>\n\t\t<\/div>\n\t\t\t\t\t\t\t<\/div>\n\t\t<\/section>\n\t\t\t\t\t\t\t<\/div>\n\t\t","protected":false},"excerpt":{"rendered":"<p>El nodo La Libertad de la Coalici\u00f3n por una Econom\u00eda Circular Manufacturera en el Per\u00fa, a trav\u00e9s del Comit\u00e9 Regional de Empresa, Estado, Academia y Sociedad Civil Organizada (CREEAS) liderado por la C\u00e1mara de Comercio de La Libertad (CCLL) y con el apoyo de la cooperaci\u00f3n alemana para el desarrollo, implementada por la GIZ, viene [&hellip;]<\/p>\n","protected":false},"author":6,"featured_media":5978,"comment_status":"open","ping_status":"open","sticky":false,"template":"","format":"standard","meta":{"footnotes":""},"categories":[64,42],"tags":[141,144],"class_list":["post-5977","post","type-post","status-publish","format-standard","has-post-thumbnail","hentry","category-noticias","category-novedades","tag-economia-circular","tag-sostenibilidad"],"_links":{"self":[{"href":"https:\/\/desarrollo.infobox.com.pe\/miempresacircular\/wp-json\/wp\/v2\/posts\/5977","targetHints":{"allow":["GET"]}}],"collection":[{"href":"https:\/\/desarrollo.infobox.com.pe\/miempresacircular\/wp-json\/wp\/v2\/posts"}],"about":[{"href":"https:\/\/desarrollo.infobox.com.pe\/miempresacircular\/wp-json\/wp\/v2\/types\/post"}],"author":[{"embeddable":true,"href":"https:\/\/desarrollo.infobox.com.pe\/miempresacircular\/wp-json\/wp\/v2\/users\/6"}],"replies":[{"embeddable":true,"href":"https:\/\/desarrollo.infobox.com.pe\/miempresacircular\/wp-json\/wp\/v2\/comments?post=5977"}],"version-history":[{"count":4,"href":"https:\/\/desarrollo.infobox.com.pe\/miempresacircular\/wp-json\/wp\/v2\/posts\/5977\/revisions"}],"predecessor-version":[{"id":5982,"href":"https:\/\/desarrollo.infobox.com.pe\/miempresacircular\/wp-json\/wp\/v2\/posts\/5977\/revisions\/5982"}],"wp:featuredmedia":[{"embeddable":true,"href":"https:\/\/desarrollo.infobox.com.pe\/miempresacircular\/wp-json\/wp\/v2\/media\/5978"}],"wp:attachment":[{"href":"https:\/\/desarrollo.infobox.com.pe\/miempresacircular\/wp-json\/wp\/v2\/media?parent=5977"}],"wp:term":[{"taxonomy":"category","embeddable":true,"href":"https:\/\/desarrollo.infobox.com.pe\/miempresacircular\/wp-json\/wp\/v2\/categories?post=5977"},{"taxonomy":"post_tag","embeddable":true,"href":"https:\/\/desarrollo.infobox.com.pe\/miempresacircular\/wp-json\/wp\/v2\/tags?post=5977"}],"curies":[{"name":"wp","href":"https:\/\/api.w.org\/{rel}","templated":true}]}}