{"id":5993,"date":"2023-11-13T17:50:00","date_gmt":"2023-11-13T22:50:00","guid":{"rendered":"https:\/\/miempresacircular.pe\/?p=5993"},"modified":"2024-03-21T17:56:54","modified_gmt":"2024-03-21T22:56:54","slug":"especialistas-de-la-red-cite-potencian-sus-conocimientos-en-economia-circular-y-eficiencia-energetica","status":"publish","type":"post","link":"https:\/\/desarrollo.infobox.com.pe\/miempresacircular\/2023\/11\/13\/especialistas-de-la-red-cite-potencian-sus-conocimientos-en-economia-circular-y-eficiencia-energetica\/","title":{"rendered":"Especialistas de la red CITE potencian sus conocimientos en econom\u00eda circular y eficiencia energ\u00e9tica"},"content":{"rendered":"\t\t<div data-elementor-type=\"wp-post\" data-elementor-id=\"5993\" class=\"elementor elementor-5993\">\n\t\t\t\t\t\t\t\t\t<section class=\"elementor-section elementor-top-section elementor-element elementor-element-c080c96 elementor-section-boxed elementor-section-height-default elementor-section-height-default\" data-id=\"c080c96\" data-element_type=\"section\">\n\t\t\t\t\t\t<div class=\"elementor-container elementor-column-gap-default\">\n\t\t\t\t\t<div class=\"elementor-column elementor-col-100 elementor-top-column elementor-element elementor-element-7eaf500\" data-id=\"7eaf500\" data-element_type=\"column\">\n\t\t\t<div class=\"elementor-widget-wrap elementor-element-populated\">\n\t\t\t\t\t\t\t\t<div class=\"elementor-element elementor-element-2b46635 elementor-widget elementor-widget-text-editor\" data-id=\"2b46635\" data-element_type=\"widget\" data-widget_type=\"text-editor.default\">\n\t\t\t\t<div class=\"elementor-widget-container\">\n\t\t\t<style>\/*! elementor - v3.9.0 - 06-12-2022 *\/\n.elementor-widget-text-editor.elementor-drop-cap-view-stacked .elementor-drop-cap{background-color:#818a91;color:#fff}.elementor-widget-text-editor.elementor-drop-cap-view-framed .elementor-drop-cap{color:#818a91;border:3px solid;background-color:transparent}.elementor-widget-text-editor:not(.elementor-drop-cap-view-default) .elementor-drop-cap{margin-top:8px}.elementor-widget-text-editor:not(.elementor-drop-cap-view-default) .elementor-drop-cap-letter{width:1em;height:1em}.elementor-widget-text-editor .elementor-drop-cap{float:left;text-align:center;line-height:1;font-size:50px}.elementor-widget-text-editor .elementor-drop-cap-letter{display:inline-block}<\/style>\t\t\t\t<p class=\"cvGsUA direction-ltr align-justify para-style-body\" style=\"color: #000000; font-family: 'YAFdJt8dAY0 0', _fb_, auto; --font-size: 17.3334px; --line-height: 1.4; line-height: 24px;\"><span class=\"OYPEnA text-decoration-none text-strikethrough-none\" style=\"font-family: 'trebuchet ms', geneva, sans-serif;\">En el marco del apoyo que brinda la Coalici\u00f3n por una Econom\u00eda Circular Manufacturera en Per\u00fa, liderada por el Ministerio de la Producci\u00f3n &#8211; PRODUCE, con la asistencia t\u00e9cnica de la cooperaci\u00f3n alemana para el desarrollo, implementada por la GIZ, a trav\u00e9s de los proyectos \u201cEconom\u00eda circular para un desarrollo urbano amigable con el clima \u2013 KLW\u201d y \u201cPromoci\u00f3n de modelos de negocios amigables con el clima \u2013 DKTI BB\u201d, se inici\u00f3 el programa de capacitaci\u00f3n: \u201cCITExpress: Introducci\u00f3n a la econom\u00eda circular (EC) y la eficiencia energ\u00e9tica (EE)\u201d.<\/span><\/p><p class=\"cvGsUA direction-ltr align-justify para-style-body\" style=\"color: #000000; font-family: 'YAFdJt8dAY0 0', _fb_, auto; --font-size: 17.3334px; --line-height: 1.4; line-height: 24px;\"><span class=\"OYPEnA text-decoration-none text-strikethrough-none\" style=\"font-family: 'trebuchet ms', geneva, sans-serif;\">El programa, tiene por objetivo fortalecer las capacidades de los especialistas de la red CITE del Instituto de la Producci\u00f3n \u2013 ITP, en esta primera oportunidad en la regi\u00f3n Arequipa, CITEcuero y calzado Arequipa, CITEtextil cam\u00e9lidos Arequipa y CITEagroindustrial Majes; a trav\u00e9s de la transferencia de conocimientos, estrategias y herramientas de sensibilizaci\u00f3n y de diagn\u00f3stico, vinculadas tanto a econom\u00eda circular como a eficiencia energ\u00e9tica. Esta preparaci\u00f3n contribuye a que l*s especialistas cuenten con las capacidades necesarias para brindar asistencia t\u00e9cnica a micro, peque\u00f1as y medianas empresas (mipyme) manufactureras, a fin de facilitar su transici\u00f3n hacia modelos de negocios sostenibles.<\/span><\/p><p class=\"cvGsUA direction-ltr align-justify para-style-body\" style=\"color: #000000; font-family: 'YAFdJt8dAY0 0', _fb_, auto; --font-size: 17.3334px; --line-height: 1.4; line-height: 24px;\"><span class=\"OYPEnA text-decoration-none text-strikethrough-none\" style=\"font-family: 'trebuchet ms', geneva, sans-serif;\">Durante el primer taller presencial, se present\u00f3, como herramienta de sensibilizaci\u00f3n, el innovador micro curso de WhatsApp \u201cEconom\u00eda Circular y Eficiencia Energ\u00e9tica aplicadas a las mipyme\u201d, a trav\u00e9s del cual l*s empresari* podr\u00e1n iniciarse en los enfoques de la econom\u00eda circular y las buenas pr\u00e1cticas de eficiencia energ\u00e9tica, as\u00ed como conocer los beneficios que trae para su empresa. L*s empresari*s tendr\u00e1n total libertad de escoger cu\u00e1ndo y c\u00f3mo abordar cada uno de los tres m\u00f3dulos que lo comprenden (cada uno toma aproximadamente 15 minutos de manera continua), y podr\u00e1n obtener una constancia al finalizar cada uno de ellos.<\/span><\/p><p class=\"cvGsUA direction-ltr align-justify para-style-body\" style=\"color: #000000; font-family: 'YAFdJt8dAY0 0', _fb_, auto; --font-size: 17.3334px; --line-height: 1.4; line-height: 24px;\"><span class=\"OYPEnA text-decoration-none text-strikethrough-none\" style=\"font-family: 'trebuchet ms', geneva, sans-serif;\">Por otra parte, tambi\u00e9n se presentaron las herramientas de diagn\u00f3stico tanto para econom\u00eda circular, como para buenas pr\u00e1cticas de eficiencia energ\u00e9tica, que arrojan recomendaciones que las mipyme podr\u00e1n implementar de forma f\u00e1cil a trav\u00e9s de los servicios que prestan los CITE. En esta l\u00ednea, los profesionales de la red CITE recibir\u00e1n el acompa\u00f1amiento t\u00e9cnico de los proyectos KLW y DKTI BB, por un per\u00edodo aproximado de 12 semanas, para la prestaci\u00f3n de los servicios de implementaci\u00f3n de las recomendaciones derivadas de los diagn\u00f3sticos. Cada profesional que complete una implementaci\u00f3n con una empresa recibir\u00e1 una certificaci\u00f3n como facilitador CITExpress.<\/span><\/p><p class=\"cvGsUA direction-ltr align-justify para-style-body\" style=\"color: #000000; font-family: 'YAFdJt8dAY0 0', _fb_, auto; --font-size: 17.3334px; --line-height: 1.4; line-height: 24px;\"><span class=\"OYPEnA text-decoration-none text-strikethrough-none\" style=\"font-family: 'trebuchet ms', geneva, sans-serif;\">As\u00ed, con este programa de capacitaci\u00f3n se espera no solo sensibilizar a l*s especialistas, sino tambi\u00e9n incorporar en los servicios que presentan los CITE los enfoques de econom\u00eda circular y de eficiencia energ\u00e9tica. De esta manera, se reafirma el compromiso del Ministerio de Producci\u00f3n (Produce), con el apoyo de la cooperaci\u00f3n internacional y en alianza con instituciones p\u00fablicas y privadas, como el ITP, para continuar con los objetivos propuestos de incorporaci\u00f3n del enfoque de la circularidad y la eficiencia energ\u00e9tica en las actividades de manufacturaci\u00f3n.<\/span><\/p>\t\t\t\t\t\t<\/div>\n\t\t\t\t<\/div>\n\t\t\t\t\t<\/div>\n\t\t<\/div>\n\t\t\t\t\t\t\t<\/div>\n\t\t<\/section>\n\t\t\t\t\t\t\t<\/div>\n\t\t","protected":false},"excerpt":{"rendered":"<p>En el marco del apoyo que brinda la Coalici\u00f3n por una Econom\u00eda Circular Manufacturera en Per\u00fa, liderada por el Ministerio de la Producci\u00f3n &#8211; PRODUCE, con la asistencia t\u00e9cnica de la cooperaci\u00f3n alemana para el desarrollo, implementada por la GIZ, a trav\u00e9s de los proyectos \u201cEconom\u00eda circular para un desarrollo urbano amigable con el clima [&hellip;]<\/p>\n","protected":false},"author":6,"featured_media":5995,"comment_status":"open","ping_status":"open","sticky":false,"template":"","format":"standard","meta":{"footnotes":""},"categories":[64,42],"tags":[141,146],"class_list":["post-5993","post","type-post","status-publish","format-standard","has-post-thumbnail","hentry","category-noticias","category-novedades","tag-economia-circular","tag-eficiencia-energetica"],"_links":{"self":[{"href":"https:\/\/desarrollo.infobox.com.pe\/miempresacircular\/wp-json\/wp\/v2\/posts\/5993","targetHints":{"allow":["GET"]}}],"collection":[{"href":"https:\/\/desarrollo.infobox.com.pe\/miempresacircular\/wp-json\/wp\/v2\/posts"}],"about":[{"href":"https:\/\/desarrollo.infobox.com.pe\/miempresacircular\/wp-json\/wp\/v2\/types\/post"}],"author":[{"embeddable":true,"href":"https:\/\/desarrollo.infobox.com.pe\/miempresacircular\/wp-json\/wp\/v2\/users\/6"}],"replies":[{"embeddable":true,"href":"https:\/\/desarrollo.infobox.com.pe\/miempresacircular\/wp-json\/wp\/v2\/comments?post=5993"}],"version-history":[{"count":4,"href":"https:\/\/desarrollo.infobox.com.pe\/miempresacircular\/wp-json\/wp\/v2\/posts\/5993\/revisions"}],"predecessor-version":[{"id":5998,"href":"https:\/\/desarrollo.infobox.com.pe\/miempresacircular\/wp-json\/wp\/v2\/posts\/5993\/revisions\/5998"}],"wp:featuredmedia":[{"embeddable":true,"href":"https:\/\/desarrollo.infobox.com.pe\/miempresacircular\/wp-json\/wp\/v2\/media\/5995"}],"wp:attachment":[{"href":"https:\/\/desarrollo.infobox.com.pe\/miempresacircular\/wp-json\/wp\/v2\/media?parent=5993"}],"wp:term":[{"taxonomy":"category","embeddable":true,"href":"https:\/\/desarrollo.infobox.com.pe\/miempresacircular\/wp-json\/wp\/v2\/categories?post=5993"},{"taxonomy":"post_tag","embeddable":true,"href":"https:\/\/desarrollo.infobox.com.pe\/miempresacircular\/wp-json\/wp\/v2\/tags?post=5993"}],"curies":[{"name":"wp","href":"https:\/\/api.w.org\/{rel}","templated":true}]}}