{"id":6000,"date":"2023-11-27T18:00:00","date_gmt":"2023-11-27T23:00:00","guid":{"rendered":"https:\/\/miempresacircular.pe\/?p=6000"},"modified":"2024-03-21T18:13:59","modified_gmt":"2024-03-21T23:13:59","slug":"mujeres-emprendedoras-sumando-esfuerzos-por-modelos-de-negocios-sostenibles-e-inclusivos","status":"publish","type":"post","link":"https:\/\/desarrollo.infobox.com.pe\/miempresacircular\/2023\/11\/27\/mujeres-emprendedoras-sumando-esfuerzos-por-modelos-de-negocios-sostenibles-e-inclusivos\/","title":{"rendered":"Mujeres Emprendedoras: sumando esfuerzos por modelos de negocios sostenibles e inclusivos"},"content":{"rendered":"\t\t<div data-elementor-type=\"wp-post\" data-elementor-id=\"6000\" class=\"elementor elementor-6000\">\n\t\t\t\t\t\t\t\t\t<section class=\"elementor-section elementor-top-section elementor-element elementor-element-ebc2fc4 elementor-section-boxed elementor-section-height-default elementor-section-height-default\" data-id=\"ebc2fc4\" data-element_type=\"section\">\n\t\t\t\t\t\t<div class=\"elementor-container elementor-column-gap-default\">\n\t\t\t\t\t<div class=\"elementor-column elementor-col-100 elementor-top-column elementor-element elementor-element-0bc86b5\" data-id=\"0bc86b5\" data-element_type=\"column\">\n\t\t\t<div class=\"elementor-widget-wrap elementor-element-populated\">\n\t\t\t\t\t\t\t\t<div class=\"elementor-element elementor-element-ba3c9fd elementor-widget elementor-widget-text-editor\" data-id=\"ba3c9fd\" data-element_type=\"widget\" data-widget_type=\"text-editor.default\">\n\t\t\t\t<div class=\"elementor-widget-container\">\n\t\t\t<style>\/*! elementor - v3.9.0 - 06-12-2022 *\/\n.elementor-widget-text-editor.elementor-drop-cap-view-stacked .elementor-drop-cap{background-color:#818a91;color:#fff}.elementor-widget-text-editor.elementor-drop-cap-view-framed .elementor-drop-cap{color:#818a91;border:3px solid;background-color:transparent}.elementor-widget-text-editor:not(.elementor-drop-cap-view-default) .elementor-drop-cap{margin-top:8px}.elementor-widget-text-editor:not(.elementor-drop-cap-view-default) .elementor-drop-cap-letter{width:1em;height:1em}.elementor-widget-text-editor .elementor-drop-cap{float:left;text-align:center;line-height:1;font-size:50px}.elementor-widget-text-editor .elementor-drop-cap-letter{display:inline-block}<\/style>\t\t\t\t<p class=\"cvGsUA direction-ltr align-justify para-style-body\"><span style=\"font-family: 'trebuchet ms', geneva, sans-serif; font-size: 12pt;\"><span class=\"OYPEnA text-decoration-none text-strikethrough-none\">En el marco del D\u00eda Internacional de la Mujer Emprendedora, que se celebra cada 19 de noviembre, el Ministerio de la Producci\u00f3n (PRODUCE) realiz\u00f3 un encuentro con m\u00e1s de 200 emprendedoras. El espacio cont\u00f3 con la importante presencia de la ministra <\/span>Ana Mar\u00eda Choquehuanca<span class=\"OYPEnA text-decoration-none text-strikethrough-none\">, quien resalt\u00f3 que, desde PRODUCE, se implementar\u00e1 una agenda de actividades productivas y pol\u00edticas p\u00fablicas efectivas para el desarrollo empresarial femenino.<\/span><\/span><\/p><p class=\"cvGsUA direction-ltr align-justify para-style-body\"><span style=\"font-family: 'trebuchet ms', geneva, sans-serif; font-size: 12pt;\">Asimismo, el encuentro permiti\u00f3 la reflexi\u00f3n en torno a los avances y desaf\u00edos que enfrentan las mujeres, y respecto a su rol fundamental para impulsar el crecimiento econ\u00f3mico, social y sostenible de nuestro pa\u00eds. Produce se\u00f1al\u00f3 que en el Per\u00fa existen 1 mill\u00f3n 341 851 de mujeres emprendedoras que lideran negocios; las cuales representan el 41.9% del total de emprendedores del pa\u00eds. En esta l\u00ednea, el liderazgo femenino permite que 8 de cada 10 mujeres emprendedoras impulsen el crecimiento en su familia. Sin embargo, la realidad que enfrentan dichas mujeres es todav\u00eda adversa.<\/span><\/p><p class=\"cvGsUA direction-ltr align-justify para-style-body\"><span style=\"font-family: 'trebuchet ms', geneva, sans-serif; font-size: 12pt;\">Seg\u00fan el \u00cdndice del Desarrollo Social de la Mujer y el Hombre en los Pa\u00edses de Am\u00e9rica Latina 2023, a\u00fan existe en el Per\u00fa una brecha de g\u00e9nero del 10.8%. Considerando esta brecha, la mayor\u00eda de los emprendimientos femeninos se inician por necesidad, ya que el salario para las mujeres no es suficiente, se encuentran desempleadas o buscan otra nueva alternativa para su vida laboral, con el objetivo de ser due\u00f1as de su propio destino y escapar de la dependencia laboral tradicional.<\/span><\/p><p class=\"cvGsUA direction-ltr align-justify para-style-body\"><span style=\"font-family: 'trebuchet ms', geneva, sans-serif; font-size: 12pt;\">En este sentido, es necesario abordar las limitaciones que enfrentan las mujeres peruanas para lograr su inclusi\u00f3n en el sector productivo. Para enfrentar este desaf\u00edo, el Gobierno peruano cuenta con el apoyo de la cooperaci\u00f3n alemana para el desarrollo, implementada por la GIZ, a trav\u00e9s de sus diversos proyectos. As\u00ed lo destac\u00f3 la directora Regional (Per\u00fa, Chile, Argentina), Corinna K\u00fcsel, durante el encuentro de mujeres emprendedoras, indicando que fortalecer la igualdad de g\u00e9nero es un esfuerzo importante para lograr la igualdad de oportunidades y derechos para todas las personas. De igual forma, el incorporar las capacidades y perspectivas de diferentes grupos en los procesos de desarrollo, contribuye a hacer empresas m\u00e1s innovativas y exitosas. Este apoyo se realiza considerando la Pol\u00edtica de Desarrollo Feminista, que el Gobierno Alem\u00e1n ha elaborado bajo un enfoque transformador, es decir, con el prop\u00f3sito de no solamente tratar los s\u00edntomas de desigualdad, sino tambi\u00e9n atacar las causas estructurales de discriminaci\u00f3n hacia las mujeres y poblaciones vulnerables.<\/span><\/p><p class=\"cvGsUA direction-ltr align-justify para-style-body\"><span style=\"font-family: 'trebuchet ms', geneva, sans-serif; font-size: 12pt;\">As\u00ed, por ejemplo, la cooperaci\u00f3n alemana, a trav\u00e9s del proyecto Econom\u00eda Circular para un Desarrollo Urbano Amigable con el Clima \u2013 KLW, viene brindando apoyo a PRODUCE en su labor como l\u00edder de la Coalici\u00f3n por una Econom\u00eda Circular Manufacturera en el Per\u00fa; con el objetivo de lograr que 160 micro, peque\u00f1as y medianas empresas (mipyme) incorporan elementos de Econom\u00eda Circular (EC) en sus operaciones, siendo que, al menos, 40 de ellas sean lideradas por mujeres.<\/span><\/p><p class=\"cvGsUA direction-ltr align-justify para-style-body\"><span class=\"OYPEnA text-decoration-none text-strikethrough-none\" style=\"color: #000000; font-family: 'trebuchet ms', geneva, sans-serif; font-size: 12pt;\">Cabe destacar que, en esta l\u00ednea, se han desarrollado diversas herramientas dise\u00f1adas desde y para las mipyme, para facilitar su transici\u00f3n hacia la sostenibilidad y, adem\u00e1s, contribuir a fortalecer las capacidades de las mujeres emprendedoras. As\u00ed lo mencion\u00f3 la Dra. Ana Moreno, directora de proyectos de la cooperaci\u00f3n alemana para el desarrollo implementada por la GIZ, durante el encuentro. Entre las herramientas destaca el Microcurso de WhatsApp para que aprender conceptos b\u00e1sicos sobre EC y Eficiencia Energ\u00e9tica (EE) a ritmo propio; as\u00ed como la Calculadora de Circularidad, una herramienta de autodiagn\u00f3stico que permite a las empresas medir su nivel de circularidad y recibir recomendaciones para avanzar hacia una EC. De esta forma, Per\u00fa y Alemania siguen sumando esfuerzos a trav\u00e9s del trabajo conjunto para construir modelos de negocios sostenibles e inclusivos.<\/span><span style=\"font-weight: var( --e-global-typography-text-font-weight );\"><br \/><\/span><\/p>\t\t\t\t\t\t<\/div>\n\t\t\t\t<\/div>\n\t\t\t\t\t<\/div>\n\t\t<\/div>\n\t\t\t\t\t\t\t<\/div>\n\t\t<\/section>\n\t\t\t\t\t\t\t<\/div>\n\t\t","protected":false},"excerpt":{"rendered":"<p>En el marco del D\u00eda Internacional de la Mujer Emprendedora, que se celebra cada 19 de noviembre, el Ministerio de la Producci\u00f3n (PRODUCE) realiz\u00f3 un encuentro con m\u00e1s de 200 emprendedoras. El espacio cont\u00f3 con la importante presencia de la ministra Ana Mar\u00eda Choquehuanca, quien resalt\u00f3 que, desde PRODUCE, se implementar\u00e1 una agenda de actividades [&hellip;]<\/p>\n","protected":false},"author":6,"featured_media":6003,"comment_status":"open","ping_status":"open","sticky":false,"template":"","format":"standard","meta":{"footnotes":""},"categories":[64,42],"tags":[149,148,147,150,144],"class_list":["post-6000","post","type-post","status-publish","format-standard","has-post-thumbnail","hentry","category-noticias","category-novedades","tag-emprendedoras","tag-genero","tag-igualdad","tag-inclusividad","tag-sostenibilidad"],"_links":{"self":[{"href":"https:\/\/desarrollo.infobox.com.pe\/miempresacircular\/wp-json\/wp\/v2\/posts\/6000","targetHints":{"allow":["GET"]}}],"collection":[{"href":"https:\/\/desarrollo.infobox.com.pe\/miempresacircular\/wp-json\/wp\/v2\/posts"}],"about":[{"href":"https:\/\/desarrollo.infobox.com.pe\/miempresacircular\/wp-json\/wp\/v2\/types\/post"}],"author":[{"embeddable":true,"href":"https:\/\/desarrollo.infobox.com.pe\/miempresacircular\/wp-json\/wp\/v2\/users\/6"}],"replies":[{"embeddable":true,"href":"https:\/\/desarrollo.infobox.com.pe\/miempresacircular\/wp-json\/wp\/v2\/comments?post=6000"}],"version-history":[{"count":4,"href":"https:\/\/desarrollo.infobox.com.pe\/miempresacircular\/wp-json\/wp\/v2\/posts\/6000\/revisions"}],"predecessor-version":[{"id":6006,"href":"https:\/\/desarrollo.infobox.com.pe\/miempresacircular\/wp-json\/wp\/v2\/posts\/6000\/revisions\/6006"}],"wp:featuredmedia":[{"embeddable":true,"href":"https:\/\/desarrollo.infobox.com.pe\/miempresacircular\/wp-json\/wp\/v2\/media\/6003"}],"wp:attachment":[{"href":"https:\/\/desarrollo.infobox.com.pe\/miempresacircular\/wp-json\/wp\/v2\/media?parent=6000"}],"wp:term":[{"taxonomy":"category","embeddable":true,"href":"https:\/\/desarrollo.infobox.com.pe\/miempresacircular\/wp-json\/wp\/v2\/categories?post=6000"},{"taxonomy":"post_tag","embeddable":true,"href":"https:\/\/desarrollo.infobox.com.pe\/miempresacircular\/wp-json\/wp\/v2\/tags?post=6000"}],"curies":[{"name":"wp","href":"https:\/\/api.w.org\/{rel}","templated":true}]}}