{"id":6017,"date":"2023-12-11T19:37:00","date_gmt":"2023-12-12T00:37:00","guid":{"rendered":"https:\/\/miempresacircular.pe\/?p=6017"},"modified":"2024-03-21T19:43:48","modified_gmt":"2024-03-22T00:43:48","slug":"peru-celebro-vi-foro-internacional-de-economia-circular","status":"publish","type":"post","link":"https:\/\/desarrollo.infobox.com.pe\/miempresacircular\/2023\/12\/11\/peru-celebro-vi-foro-internacional-de-economia-circular\/","title":{"rendered":"Per\u00fa celebr\u00f3 VI Foro Internacional de Econom\u00eda Circular"},"content":{"rendered":"\t\t<div data-elementor-type=\"wp-post\" data-elementor-id=\"6017\" class=\"elementor elementor-6017\">\n\t\t\t\t\t\t\t\t\t<section class=\"elementor-section elementor-top-section elementor-element elementor-element-630289b elementor-section-boxed elementor-section-height-default elementor-section-height-default\" data-id=\"630289b\" data-element_type=\"section\">\n\t\t\t\t\t\t<div class=\"elementor-container elementor-column-gap-default\">\n\t\t\t\t\t<div class=\"elementor-column elementor-col-100 elementor-top-column elementor-element elementor-element-3dcbbaf\" data-id=\"3dcbbaf\" data-element_type=\"column\">\n\t\t\t<div class=\"elementor-widget-wrap elementor-element-populated\">\n\t\t\t\t\t\t\t\t<div class=\"elementor-element elementor-element-0fc3c09 elementor-widget elementor-widget-text-editor\" data-id=\"0fc3c09\" data-element_type=\"widget\" data-widget_type=\"text-editor.default\">\n\t\t\t\t<div class=\"elementor-widget-container\">\n\t\t\t<style>\/*! elementor - v3.9.0 - 06-12-2022 *\/\n.elementor-widget-text-editor.elementor-drop-cap-view-stacked .elementor-drop-cap{background-color:#818a91;color:#fff}.elementor-widget-text-editor.elementor-drop-cap-view-framed .elementor-drop-cap{color:#818a91;border:3px solid;background-color:transparent}.elementor-widget-text-editor:not(.elementor-drop-cap-view-default) .elementor-drop-cap{margin-top:8px}.elementor-widget-text-editor:not(.elementor-drop-cap-view-default) .elementor-drop-cap-letter{width:1em;height:1em}.elementor-widget-text-editor .elementor-drop-cap{float:left;text-align:center;line-height:1;font-size:50px}.elementor-widget-text-editor .elementor-drop-cap-letter{display:inline-block}<\/style>\t\t\t\t<p style=\"color: #000000; font-family: 'YAFdJt8dAY0 0', _fb_, auto; --font-size: 17.7333px; --line-height: 1.4; line-height: 24px;\"><span style=\"font-family: 'trebuchet ms', geneva, sans-serif;\">El 23 de noviembre, diversos representantes del sector p\u00fablico, l\u00edderes empresariales, acad\u00e9micos y de la sociedad civil se reunieron en el VI Foro Internacional de Econom\u00eda Circular (FIEC); que busc\u00f3 inspirar, dinamizar y articular el esfuerzo multiactor en el impulso y acci\u00f3n para la transici\u00f3n justa y con enfoque territorial hacia una econom\u00eda circular en el Per\u00fa y la regi\u00f3n.<\/span><\/p><p style=\"color: #000000; font-family: 'YAFdJt8dAY0 0', _fb_, auto; --font-size: 17.7333px; --line-height: 1.4; line-height: 24px;\">\u00a0<\/p><p style=\"color: #000000; font-family: 'YAFdJt8dAY0 0', _fb_, auto; --font-size: 17.7333px; --line-height: 1.4; line-height: 24px;\"><span style=\"font-family: 'trebuchet ms', geneva, sans-serif;\">El evento, organizado por seis ministerios peruanos: Ministerio del Ambiente, Ministerio de Econom\u00eda y Finanzas, Ministerio de Desarrollo Agrario y Riego, Ministerio de la Producci\u00f3n, Ministerio de Comercio Exterior y Turismo, y Ministerio de Vivienda, Construcci\u00f3n y Saneamiento; en conjunto con la Uni\u00f3n Europea, cont\u00f3 con la participaci\u00f3n de los titulares de dichas instituciones y fue clave para establecer el compromiso multisectorial para el desarrollo de pol\u00edticas p\u00fablicas circulares y sostenibles.<\/span><\/p><p style=\"color: #000000; font-family: 'YAFdJt8dAY0 0', _fb_, auto; --font-size: 17.7333px; --line-height: 1.4; line-height: 24px;\">\u00a0<\/p><p style=\"color: #000000; font-family: 'YAFdJt8dAY0 0', _fb_, auto; --font-size: 17.7333px; --line-height: 1.4; line-height: 24px;\"><span style=\"font-family: 'trebuchet ms', geneva, sans-serif;\">De igual forma, por medio de exposiciones magistrales y paneles, se difundieron los avances y resultados de la transici\u00f3n circular en el Per\u00fa; as\u00ed como comparti\u00f3 experiencias de buenas pr\u00e1cticas en Econom\u00eda Circular (EC) con actores relevantes para que analicen su replicabilidad en el territorio peruano.<\/span><\/p><p style=\"color: #000000; font-family: 'YAFdJt8dAY0 0', _fb_, auto; --font-size: 17.7333px; --line-height: 1.4; line-height: 24px;\">\u00a0<\/p><p style=\"color: #000000; font-family: 'YAFdJt8dAY0 0', _fb_, auto; --font-size: 17.7333px; --line-height: 1.4; line-height: 24px;\"><span style=\"font-family: 'trebuchet ms', geneva, sans-serif;\">Uno de los puntos m\u00e1s resaltantes del foro fue la presentaci\u00f3n de la &#8216;Hoja de Ruta Nacional de Econom\u00eda Circular al 2030&#8217;, un documento estrat\u00e9gico que involucra a todos los sectores clave para facilitar una transici\u00f3n justa, efectiva, coherente y coordinada del Per\u00fa hacia una EC; descrito como un modelo econ\u00f3mico que contribuir\u00e1 a alcanzar la sostenibilidad del pa\u00eds en sus tres dimensiones: ambiental, econ\u00f3mica y social. Este instrumento instituye un horizonte com\u00fan para la planificaci\u00f3n y orientaci\u00f3n de pol\u00edticas, normas y pr\u00e1cticas en las actividades econ\u00f3micas a nivel sectorial y territorial.<\/span><\/p><p style=\"color: #000000; font-family: 'YAFdJt8dAY0 0', _fb_, auto; --font-size: 17.7333px; --line-height: 1.4; line-height: 24px;\">\u00a0<\/p><p style=\"color: #000000; font-family: 'YAFdJt8dAY0 0', _fb_, auto; --font-size: 17.7333px; --line-height: 1.4; line-height: 24px;\"><span style=\"font-family: 'trebuchet ms', geneva, sans-serif;\">Es fundamental resaltar la participaci\u00f3n en el Foro de la Coalici\u00f3n por una Econom\u00eda Circular Manufacturera en el Per\u00fa, liderada por el Ministerio de la Producci\u00f3n, con el apoyo de la cooperaci\u00f3n alemana para el desarrollo, implementada por la GIZ, a trav\u00e9s del proyecto \u00abEconom\u00eda Circular para un Desarrollo Urbano Amigable con el Clima- KLW\u00bb; que estuvo a cargo del panel dedicado a explorar oportunidades y aplicaciones de pr\u00e1cticas circulares en el sector manufactura.<\/span><\/p><p style=\"color: #000000; font-family: 'YAFdJt8dAY0 0', _fb_, auto; --font-size: 17.7333px; --line-height: 1.4; line-height: 24px;\"><span style=\"font-family: 'trebuchet ms', geneva, sans-serif;\">Durante el panel, se cont\u00f3 con la presencia de destacados l\u00edderes, como la Sra. Gabriela Merino, gerente de sostenibilidad de la Sociedad Nacional de Industrias; la Sra. Maria Isabel Valle directora general de asuntos ambientales de la Industria del Ministerio de la Producci\u00f3n; la Sra. Deysi Lozano, gerente general de Away; el Sr. Jorge Hern\u00e1ndez, Gerente General de All Center; y la Sra. Ana Moreno, directora de proyectos de la cooperaci\u00f3n alemana.<\/span><\/p><p style=\"color: #000000; font-family: 'YAFdJt8dAY0 0', _fb_, auto; --font-size: 17.7333px; --line-height: 1.4; line-height: 24px;\"><span class=\"OYPEnA text-decoration-none text-strikethrough-none\" style=\"font-family: 'trebuchet ms', geneva, sans-serif;\">El intercambio llevado a cabo permiti\u00f3 conocer c\u00f3mo la econom\u00eda circular puede transformar las micro, peque\u00f1as y medianas empresas (mipyme) haci\u00e9ndolas m\u00e1s eficientes, productivas y competitivas. Asimismo, los l\u00edderes y expertos compartieron las mejores pr\u00e1cticas y estrategias innovadoras que permitir\u00e1n trazar estrategias para cubrir las necesidades y prioridades del sector manufactura en el marco de la promoci\u00f3n de la circularidad empresarial.<\/span><span style=\"font-weight: bold;\"><br \/><\/span><\/p>\t\t\t\t\t\t<\/div>\n\t\t\t\t<\/div>\n\t\t\t\t\t<\/div>\n\t\t<\/div>\n\t\t\t\t\t\t\t<\/div>\n\t\t<\/section>\n\t\t\t\t\t\t\t<\/div>\n\t\t","protected":false},"excerpt":{"rendered":"<p>El 23 de noviembre, diversos representantes del sector p\u00fablico, l\u00edderes empresariales, acad\u00e9micos y de la sociedad civil se reunieron en el VI Foro Internacional de Econom\u00eda Circular (FIEC); que busc\u00f3 inspirar, dinamizar y articular el esfuerzo multiactor en el impulso y acci\u00f3n para la transici\u00f3n justa y con enfoque territorial hacia una econom\u00eda circular en [&hellip;]<\/p>\n","protected":false},"author":6,"featured_media":6020,"comment_status":"open","ping_status":"open","sticky":false,"template":"","format":"standard","meta":{"footnotes":""},"categories":[64,42],"tags":[120,141,121,123,122],"class_list":["post-6017","post","type-post","status-publish","format-standard","has-post-thumbnail","hentry","category-noticias","category-novedades","tag-comienza-a-cerrar-el-circulo","tag-economia-circular","tag-manten-el-circulo","tag-piensa-circular","tag-ve-mas-alla-del-circulo"],"_links":{"self":[{"href":"https:\/\/desarrollo.infobox.com.pe\/miempresacircular\/wp-json\/wp\/v2\/posts\/6017","targetHints":{"allow":["GET"]}}],"collection":[{"href":"https:\/\/desarrollo.infobox.com.pe\/miempresacircular\/wp-json\/wp\/v2\/posts"}],"about":[{"href":"https:\/\/desarrollo.infobox.com.pe\/miempresacircular\/wp-json\/wp\/v2\/types\/post"}],"author":[{"embeddable":true,"href":"https:\/\/desarrollo.infobox.com.pe\/miempresacircular\/wp-json\/wp\/v2\/users\/6"}],"replies":[{"embeddable":true,"href":"https:\/\/desarrollo.infobox.com.pe\/miempresacircular\/wp-json\/wp\/v2\/comments?post=6017"}],"version-history":[{"count":7,"href":"https:\/\/desarrollo.infobox.com.pe\/miempresacircular\/wp-json\/wp\/v2\/posts\/6017\/revisions"}],"predecessor-version":[{"id":6026,"href":"https:\/\/desarrollo.infobox.com.pe\/miempresacircular\/wp-json\/wp\/v2\/posts\/6017\/revisions\/6026"}],"wp:featuredmedia":[{"embeddable":true,"href":"https:\/\/desarrollo.infobox.com.pe\/miempresacircular\/wp-json\/wp\/v2\/media\/6020"}],"wp:attachment":[{"href":"https:\/\/desarrollo.infobox.com.pe\/miempresacircular\/wp-json\/wp\/v2\/media?parent=6017"}],"wp:term":[{"taxonomy":"category","embeddable":true,"href":"https:\/\/desarrollo.infobox.com.pe\/miempresacircular\/wp-json\/wp\/v2\/categories?post=6017"},{"taxonomy":"post_tag","embeddable":true,"href":"https:\/\/desarrollo.infobox.com.pe\/miempresacircular\/wp-json\/wp\/v2\/tags?post=6017"}],"curies":[{"name":"wp","href":"https:\/\/api.w.org\/{rel}","templated":true}]}}