{"id":6029,"date":"2024-01-08T19:47:00","date_gmt":"2024-01-09T00:47:00","guid":{"rendered":"https:\/\/miempresacircular.pe\/?p=6029"},"modified":"2024-03-21T19:56:19","modified_gmt":"2024-03-22T00:56:19","slug":"coalicion-por-una-economia-circular-manufacturera-en-peru-logros-2023","status":"publish","type":"post","link":"https:\/\/desarrollo.infobox.com.pe\/miempresacircular\/2024\/01\/08\/coalicion-por-una-economia-circular-manufacturera-en-peru-logros-2023\/","title":{"rendered":"Coalici\u00f3n por una Econom\u00eda circular Manufacturera en Per\u00fa: Logros 2023"},"content":{"rendered":"\t\t<div data-elementor-type=\"wp-post\" data-elementor-id=\"6029\" class=\"elementor elementor-6029\">\n\t\t\t\t\t\t\t\t\t<section class=\"elementor-section elementor-top-section elementor-element elementor-element-5bc0645 elementor-section-boxed elementor-section-height-default elementor-section-height-default\" data-id=\"5bc0645\" data-element_type=\"section\">\n\t\t\t\t\t\t<div class=\"elementor-container elementor-column-gap-default\">\n\t\t\t\t\t<div class=\"elementor-column elementor-col-100 elementor-top-column elementor-element elementor-element-6841d85\" data-id=\"6841d85\" data-element_type=\"column\">\n\t\t\t<div class=\"elementor-widget-wrap elementor-element-populated\">\n\t\t\t\t\t\t\t\t<div class=\"elementor-element elementor-element-c2fadf0 elementor-widget elementor-widget-text-editor\" data-id=\"c2fadf0\" data-element_type=\"widget\" data-widget_type=\"text-editor.default\">\n\t\t\t\t<div class=\"elementor-widget-container\">\n\t\t\t<style>\/*! elementor - v3.9.0 - 06-12-2022 *\/\n.elementor-widget-text-editor.elementor-drop-cap-view-stacked .elementor-drop-cap{background-color:#818a91;color:#fff}.elementor-widget-text-editor.elementor-drop-cap-view-framed .elementor-drop-cap{color:#818a91;border:3px solid;background-color:transparent}.elementor-widget-text-editor:not(.elementor-drop-cap-view-default) .elementor-drop-cap{margin-top:8px}.elementor-widget-text-editor:not(.elementor-drop-cap-view-default) .elementor-drop-cap-letter{width:1em;height:1em}.elementor-widget-text-editor .elementor-drop-cap{float:left;text-align:center;line-height:1;font-size:50px}.elementor-widget-text-editor .elementor-drop-cap-letter{display:inline-block}<\/style>\t\t\t\t<p class=\"cvGsUA direction-ltr align-justify para-style-body\" style=\"color: #000000; font-family: 'YAFdJt8dAY0 0', _fb_, auto; --font-size: 17.0667px; --line-height: 1.4; line-height: 23px;\"><span class=\"OYPEnA text-decoration-none text-strikethrough-none\" style=\"font-family: 'trebuchet ms', geneva, sans-serif;\">La \u201cCoalici\u00f3n por una Econom\u00eda Circular Manufacturera en Per\u00fa\u201d, liderada por el Ministerio de la Producci\u00f3n \u2013 PRODUCE, con el apoyo de la cooperaci\u00f3n alemana para el desarrollo, implementada por la GIZ, contribuye, de manera articulada, a cubrir las necesidades y prioridades del sector manufactura en el marco de la promoci\u00f3n de la circularidad empresarial. As\u00ed, durante el 2023 ha venido trabajando por orientar a las empresas hacia la eficiencia, productividad y la competitividad, con perspectiva de sostenibilidad econ\u00f3mica, social y ambiental. A continuaci\u00f3n, presentamos los principales logros alcanzados en el \u00faltimo a\u00f1o.<\/span><\/p>\n<p class=\"cvGsUA direction-ltr align-justify para-style-body\" style=\"color: #000000; font-family: 'YAFdJt8dAY0 0', _fb_, auto; --font-size: 17.0667px; --line-height: 1.4; line-height: 23px;\"><span style=\"font-family: &quot;trebuchet ms&quot;, geneva, sans-serif; font-weight: var( --e-global-typography-text-font-weight );\">En primer lugar, el lanzamiento de la Coalici\u00f3n el cual se llev\u00f3 a cabo el 25 de abril del 2023, de forma simult\u00e1nea en tres regiones: Lima, Trujillo y Arequipa. Este importante suceso fue encabezado por la presidenta de la Rep\u00fablica, Dina Boluarte, quien destac\u00f3 la necesidad de reemplazar el actual modelo econ\u00f3mico lineal por el modelo econ\u00f3mico circular, para enfrentar el cambio clim\u00e1tico, la p\u00e9rdida de biodiversidad, la contaminaci\u00f3n, y alcanzar los objetivos de desarrollo sostenible.<\/span><br><\/p>\n<p class=\"cvGsUA direction-ltr align-justify para-style-body\" style=\"color: #000000; font-family: 'YAFdJt8dAY0 0', _fb_, auto; --font-size: 17.0667px; --line-height: 1.4; line-height: 23px;\"><span style=\"font-family: &quot;trebuchet ms&quot;, geneva, sans-serif; font-weight: var( --e-global-typography-text-font-weight );\">A partir de su lanzamiento, la Coalici\u00f3n ha logrado sumar entre sus miembros y aliados a 33 instituciones provenientes del sector p\u00fablico, privado, academia, sociedad civil, apoyados por la cooperaci\u00f3n internacional. Destacamos la participaci\u00f3n de su Grupo Impulsor conformado por PRODUCE, la cooperaci\u00f3n alemana, el Ministerio del Ambiente (MINAM), el Concejo Nacional de Competitividad y Formalizaci\u00f3n (CNCF), la Sociedad Nacional de Industrias (SIN), la Universidad de Ingenier\u00eda y Tecnolog\u00eda (UTEC), el instituto superior privado TECSUP, el Banco Interamericano de Desarrollo (BID) y la Uni\u00f3n Europea (UE) por medio del Equipo Europa.<\/span><br><\/p>\n<p class=\"cvGsUA direction-ltr align-justify para-style-body\" style=\"color: #000000; font-family: 'YAFdJt8dAY0 0', _fb_, auto; --font-size: 17.0667px; --line-height: 1.4; line-height: 23px;\"><span style=\"font-family: &quot;trebuchet ms&quot;, geneva, sans-serif; font-weight: var( --e-global-typography-text-font-weight );\">De igual forma, la Coalici\u00f3n ha conformado 3 nodos regionales en Lima, Trujillo y Arequipa, bajo un enfoque territorial, que integra las diferentes idiosincrasias y caracter\u00edsticas de las empresas a nivel nacional. Los nodos se encuentran liderados por el Comit\u00e9 Regional de Empresa, Estado, Academia y Sociedad Civil Organizada (CREEAS) de La Libertad y la C\u00e1mara de Comercio e Industria de Arequipa. Estos son los responsables de impulsar el fortalecimiento del ecosistema circular en su regi\u00f3n, a trav\u00e9s de la implementaci\u00f3n de un plan de trabajo adaptado a su realidad.<\/span><br><\/p>\n<p class=\"cvGsUA direction-ltr align-justify para-style-body\" style=\"color: #000000; font-family: 'YAFdJt8dAY0 0', _fb_, auto; --font-size: 17.0667px; --line-height: 1.4; line-height: 23px;\"><span style=\"font-family: &quot;trebuchet ms&quot;, geneva, sans-serif; font-weight: var( --e-global-typography-text-font-weight );\">Asimismo, la Coalici\u00f3n ha desarrollado dos herramientas de sensibilizaci\u00f3n y de diagn\u00f3stico dirigidas a las mipyme manufactureras. Estas son el Microcurso de WhatsApp, para que las empresas aprendan conceptos b\u00e1sicos sobre EC y Eficiencia Energ\u00e9tica (EE) a ritmo propio; y la Calculadora de Circularidad, que permite a las mipyme medir su nivel de circularidad y recibir recomendaciones para avanzar hacia una EC.<\/span><br><\/p>\n<p class=\"cvGsUA direction-ltr align-justify para-style-body\" style=\"color: #000000; font-family: 'YAFdJt8dAY0 0', _fb_, auto; --font-size: 17.0667px; --line-height: 1.4; line-height: 23px;\"><span style=\"font-family: &quot;trebuchet ms&quot;, geneva, sans-serif; font-weight: var( --e-global-typography-text-font-weight );\">Tambi\u00e9n ha desarrollado programas de capacitaci\u00f3n para las mipyme manufactureras, en el marco de importantes alianzas con el Programa Nacional Tu Empresa y el Instituto Tecnol\u00f3gico de la Producci\u00f3n- ITP. Estos programas son: CITExpress, PROSOSTENIBILIDAD, CIRCULARexpress, CITEsmart.<\/span><br><\/p>\n<p class=\"cvGsUA direction-ltr align-justify para-style-body\" style=\"color: #000000; font-family: 'YAFdJt8dAY0 0', _fb_, auto; --font-size: 17.0667px; --line-height: 1.4; line-height: 23px;\"><span style=\"font-family: &quot;trebuchet ms&quot;, geneva, sans-serif; font-weight: var( --e-global-typography-text-font-weight );\">Por otra parte, la Coalici\u00f3n ha podido consolidar un sistema de monitoreo que le permite hacer seguimiento a las metas propuestas. Es importante destacar que para el 2024 la Coalici\u00f3n espera sensibilizar a 5 mil mipyme y lograr que 160 empresas incorporen elementos de circularidad, siendo, al menos, 40 dirigidas por mujeres. Hasta el momento ha logrado alcanzar a 1874 mipyme sensibilizadas a trav\u00e9s del trabajo de aliados en cada nodo regional.<\/span><br><\/p>\n<p class=\"cvGsUA direction-ltr align-justify para-style-body\" style=\"color: #000000; font-family: 'YAFdJt8dAY0 0', _fb_, auto; --font-size: 17.0667px; --line-height: 1.4; line-height: 23px;\"><span style=\"font-family: &quot;trebuchet ms&quot;, geneva, sans-serif; font-weight: var( --e-global-typography-text-font-weight );\">En este nuevo a\u00f1o, la Coalici\u00f3n mantendr\u00e1 el compromiso de impulsar la transici\u00f3n circular de las micro, peque\u00f1as y medianas empresas; as\u00ed contribuir\u00e1 a mejorar la industria manufacturera en el pa\u00eds.<\/span><br><\/p>\t\t\t\t\t\t<\/div>\n\t\t\t\t<\/div>\n\t\t\t\t\t<\/div>\n\t\t<\/div>\n\t\t\t\t\t\t\t<\/div>\n\t\t<\/section>\n\t\t\t\t\t\t\t<\/div>\n\t\t","protected":false},"excerpt":{"rendered":"<p>La \u201cCoalici\u00f3n por una Econom\u00eda Circular Manufacturera en Per\u00fa\u201d, liderada por el Ministerio de la Producci\u00f3n \u2013 PRODUCE, con el apoyo de la cooperaci\u00f3n alemana para el desarrollo, implementada por la GIZ, contribuye, de manera articulada, a cubrir las necesidades y prioridades del sector manufactura en el marco de la promoci\u00f3n de la circularidad empresarial. [&hellip;]<\/p>\n","protected":false},"author":6,"featured_media":6031,"comment_status":"open","ping_status":"open","sticky":false,"template":"","format":"standard","meta":{"footnotes":""},"categories":[64,42],"tags":[120,141,152,121,151,144,122],"class_list":["post-6029","post","type-post","status-publish","format-standard","has-post-thumbnail","hentry","category-noticias","category-novedades","tag-comienza-a-cerrar-el-circulo","tag-economia-circular","tag-emprendedores","tag-manten-el-circulo","tag-mipyme","tag-sostenibilidad","tag-ve-mas-alla-del-circulo"],"_links":{"self":[{"href":"https:\/\/desarrollo.infobox.com.pe\/miempresacircular\/wp-json\/wp\/v2\/posts\/6029","targetHints":{"allow":["GET"]}}],"collection":[{"href":"https:\/\/desarrollo.infobox.com.pe\/miempresacircular\/wp-json\/wp\/v2\/posts"}],"about":[{"href":"https:\/\/desarrollo.infobox.com.pe\/miempresacircular\/wp-json\/wp\/v2\/types\/post"}],"author":[{"embeddable":true,"href":"https:\/\/desarrollo.infobox.com.pe\/miempresacircular\/wp-json\/wp\/v2\/users\/6"}],"replies":[{"embeddable":true,"href":"https:\/\/desarrollo.infobox.com.pe\/miempresacircular\/wp-json\/wp\/v2\/comments?post=6029"}],"version-history":[{"count":4,"href":"https:\/\/desarrollo.infobox.com.pe\/miempresacircular\/wp-json\/wp\/v2\/posts\/6029\/revisions"}],"predecessor-version":[{"id":6034,"href":"https:\/\/desarrollo.infobox.com.pe\/miempresacircular\/wp-json\/wp\/v2\/posts\/6029\/revisions\/6034"}],"wp:featuredmedia":[{"embeddable":true,"href":"https:\/\/desarrollo.infobox.com.pe\/miempresacircular\/wp-json\/wp\/v2\/media\/6031"}],"wp:attachment":[{"href":"https:\/\/desarrollo.infobox.com.pe\/miempresacircular\/wp-json\/wp\/v2\/media?parent=6029"}],"wp:term":[{"taxonomy":"category","embeddable":true,"href":"https:\/\/desarrollo.infobox.com.pe\/miempresacircular\/wp-json\/wp\/v2\/categories?post=6029"},{"taxonomy":"post_tag","embeddable":true,"href":"https:\/\/desarrollo.infobox.com.pe\/miempresacircular\/wp-json\/wp\/v2\/tags?post=6029"}],"curies":[{"name":"wp","href":"https:\/\/api.w.org\/{rel}","templated":true}]}}