{"id":6055,"date":"2024-02-10T08:48:00","date_gmt":"2024-02-10T13:48:00","guid":{"rendered":"https:\/\/miempresacircular.pe\/?p=6055"},"modified":"2024-03-22T09:00:02","modified_gmt":"2024-03-22T14:00:02","slug":"se-renueva-mi-empresa-circular-impulsando-la-transformacion-de-las-mipyme-manufactureras","status":"publish","type":"post","link":"https:\/\/desarrollo.infobox.com.pe\/miempresacircular\/2024\/02\/10\/se-renueva-mi-empresa-circular-impulsando-la-transformacion-de-las-mipyme-manufactureras\/","title":{"rendered":"\u00a1Se Renueva! Mi Empresa Circular: Impulsando la Transformaci\u00f3n de las Mipyme Manufactureras"},"content":{"rendered":"\t\t<div data-elementor-type=\"wp-post\" data-elementor-id=\"6055\" class=\"elementor elementor-6055\">\n\t\t\t\t\t\t\t\t\t<section class=\"elementor-section elementor-top-section elementor-element elementor-element-72d46bc elementor-section-boxed elementor-section-height-default elementor-section-height-default\" data-id=\"72d46bc\" data-element_type=\"section\">\n\t\t\t\t\t\t<div class=\"elementor-container elementor-column-gap-default\">\n\t\t\t\t\t<div class=\"elementor-column elementor-col-100 elementor-top-column elementor-element elementor-element-0284703\" data-id=\"0284703\" data-element_type=\"column\">\n\t\t\t<div class=\"elementor-widget-wrap elementor-element-populated\">\n\t\t\t\t\t\t\t\t<div class=\"elementor-element elementor-element-229dc63 elementor-widget elementor-widget-text-editor\" data-id=\"229dc63\" data-element_type=\"widget\" data-widget_type=\"text-editor.default\">\n\t\t\t\t<div class=\"elementor-widget-container\">\n\t\t\t<style>\/*! elementor - v3.9.0 - 06-12-2022 *\/\n.elementor-widget-text-editor.elementor-drop-cap-view-stacked .elementor-drop-cap{background-color:#818a91;color:#fff}.elementor-widget-text-editor.elementor-drop-cap-view-framed .elementor-drop-cap{color:#818a91;border:3px solid;background-color:transparent}.elementor-widget-text-editor:not(.elementor-drop-cap-view-default) .elementor-drop-cap{margin-top:8px}.elementor-widget-text-editor:not(.elementor-drop-cap-view-default) .elementor-drop-cap-letter{width:1em;height:1em}.elementor-widget-text-editor .elementor-drop-cap{float:left;text-align:center;line-height:1;font-size:50px}.elementor-widget-text-editor .elementor-drop-cap-letter{display:inline-block}<\/style>\t\t\t\t<p style=\"color: #000000; font-family: 'YAFdJt8dAY0 0', _fb_, auto; --font-size: 20px; --line-height: 1.4; line-height: 28px;\"><span style=\"font-family: 'trebuchet ms', geneva, sans-serif;\">Mi Empresa Circular es un espacio de articulaci\u00f3n entre los diversos actores del ecosistema manufacturero para sumar y potenciar esfuerzos, a fin de acelerar la transici\u00f3n hacia la econom\u00eda circular (EC) en las mipyme; elevando su competitividad y productividad. Probablemente, ya ha escuchado sobre esta iniciativa bajo el nombre \u201cCoalici\u00f3n por una Econom\u00eda Circular Manufactura en Per\u00fa\u201d, liderada por el Ministerio de la Producci\u00f3n, con el apoyo de la cooperaci\u00f3n alemana para el desarrollo, implementada por la GIZ. Hoy la iniciativa se renueva, convirti\u00e9ndose en una Comisi\u00f3n.<\/span><\/p>\n<p style=\"color: #000000; font-family: 'YAFdJt8dAY0 0', _fb_, auto; --font-size: 20px; --line-height: 1.4; line-height: 28px;\"><span style=\"font-family: &quot;trebuchet ms&quot;, geneva, sans-serif; font-weight: var( --e-global-typography-text-font-weight );\">La \u201cComisi\u00f3n por una Econom\u00eda Circular Manufactura en Per\u00fa\u201d es el primer brazo operativo sectorial de la Coalici\u00f3n Nacional de Econom\u00eda Circular \u201cPer\u00fa Pa\u00eds Circular\u201d. A trav\u00e9s de ella se impulsa la sensibilizaci\u00f3n y desarrollo de capacidades en EC, la innovaci\u00f3n y difusi\u00f3n tecnol\u00f3gica, el intercambio de buenas pr\u00e1cticas y experiencias exitosas; as\u00ed como la gesti\u00f3n del conocimiento y el impulso de fondos de concursables, entre otros. Todo ello se realiza desde un enfoque de colaboraci\u00f3n e inclusi\u00f3n, que considera las necesidades y prioridades del sector manufactura.<\/span><br><\/p>\n<p style=\"color: #000000; font-family: 'YAFdJt8dAY0 0', _fb_, auto; --font-size: 20px; --line-height: 1.4; line-height: 28px;\"><span style=\"font-family: &quot;trebuchet ms&quot;, geneva, sans-serif; font-weight: var( --e-global-typography-text-font-weight );\">Cabe resaltar que, la Comisi\u00f3n trabaja bajo un enfoque territorial al estar conformada por los nodos regionales de Arequipa y La Libertad. Los nodos regionales impulsan el fortalecimiento del ecosistema circular en su regi\u00f3n, a trav\u00e9s de la implementaci\u00f3n de planes de trabajo alineados a los objetivos de la Comisi\u00f3n. En la actualidad, el Nodo La Libertad ya cuenta con un plan de trabajo aprobado. Por su parte, el nodo Arequipa ha identificado las principales acciones de los actores de su regi\u00f3n que contribuyen al cumplimiento de las metas de la Comisi\u00f3n.<\/span><br><\/p>\n<p class=\"cvGsUA direction-ltr align-justify para-style-body\" style=\"color: #000000; font-family: 'YAFdJt8dAY0 0', _fb_, auto; --font-size: 20px; --line-height: 1.4; line-height: 28px;\"><span class=\"OYPEnA text-decoration-none text-strikethrough-none\" style=\"font-family: 'trebuchet ms', geneva, sans-serif;\">Asimismo, la Comisi\u00f3n ofrece herramientas pr\u00e1cticas y accesibles. Por una parte, el \u00abMicro Curso de WhatsApp de Econom\u00eda Circular y Eficiencia Energ\u00e9tica para Mipymes\u00bb proporciona conocimientos b\u00e1sicos e introductorios sobre econom\u00eda circular y eficiencia energ\u00e9tica. Por otro lado, la \u00abCalculadora de Circularidad\u00bb ofrece a las empresas la posibilidad de descubrir el impacto circular de su operaci\u00f3n, y recibir recomendaciones pr\u00e1cticas para avanzar hacia un modelo sostenible.<\/span><\/p>\n<p class=\"cvGsUA direction-ltr align-justify para-style-body\" style=\"color: #000000; font-family: 'YAFdJt8dAY0 0', _fb_, auto; --font-size: 20px; --line-height: 1.4; line-height: 28px;\"><span style=\"font-family: &quot;trebuchet ms&quot;, geneva, sans-serif; font-weight: var( --e-global-typography-text-font-weight );\">\u00bfQuiere saber m\u00e1s de la Comisi\u00f3n y las oportunidades que brinda a las mipyme? Ingresa a la plataforma digital www.MiEmpresaCircular.pe. Ac\u00e1 encontrar\u00e1 informaci\u00f3n especializada de actualidad para potenciar las capacidades de las empresas manufactureras en temas de circularidad.<\/span><br><\/p>\t\t\t\t\t\t<\/div>\n\t\t\t\t<\/div>\n\t\t\t\t\t<\/div>\n\t\t<\/div>\n\t\t\t\t\t\t\t<\/div>\n\t\t<\/section>\n\t\t\t\t\t\t\t<\/div>\n\t\t","protected":false},"excerpt":{"rendered":"<p>Mi Empresa Circular es un espacio de articulaci\u00f3n entre los diversos actores del ecosistema manufacturero para sumar y potenciar esfuerzos, a fin de acelerar la transici\u00f3n hacia la econom\u00eda circular (EC) en las mipyme; elevando su competitividad y productividad. Probablemente, ya ha escuchado sobre esta iniciativa bajo el nombre \u201cCoalici\u00f3n por una Econom\u00eda Circular Manufactura [&hellip;]<\/p>\n","protected":false},"author":6,"featured_media":6057,"comment_status":"open","ping_status":"open","sticky":false,"template":"","format":"standard","meta":{"footnotes":""},"categories":[64,42],"tags":[120,141,121,132,151,123,144,122],"class_list":["post-6055","post","type-post","status-publish","format-standard","has-post-thumbnail","hentry","category-noticias","category-novedades","tag-comienza-a-cerrar-el-circulo","tag-economia-circular","tag-manten-el-circulo","tag-manufactura","tag-mipyme","tag-piensa-circular","tag-sostenibilidad","tag-ve-mas-alla-del-circulo"],"_links":{"self":[{"href":"https:\/\/desarrollo.infobox.com.pe\/miempresacircular\/wp-json\/wp\/v2\/posts\/6055","targetHints":{"allow":["GET"]}}],"collection":[{"href":"https:\/\/desarrollo.infobox.com.pe\/miempresacircular\/wp-json\/wp\/v2\/posts"}],"about":[{"href":"https:\/\/desarrollo.infobox.com.pe\/miempresacircular\/wp-json\/wp\/v2\/types\/post"}],"author":[{"embeddable":true,"href":"https:\/\/desarrollo.infobox.com.pe\/miempresacircular\/wp-json\/wp\/v2\/users\/6"}],"replies":[{"embeddable":true,"href":"https:\/\/desarrollo.infobox.com.pe\/miempresacircular\/wp-json\/wp\/v2\/comments?post=6055"}],"version-history":[{"count":4,"href":"https:\/\/desarrollo.infobox.com.pe\/miempresacircular\/wp-json\/wp\/v2\/posts\/6055\/revisions"}],"predecessor-version":[{"id":6060,"href":"https:\/\/desarrollo.infobox.com.pe\/miempresacircular\/wp-json\/wp\/v2\/posts\/6055\/revisions\/6060"}],"wp:featuredmedia":[{"embeddable":true,"href":"https:\/\/desarrollo.infobox.com.pe\/miempresacircular\/wp-json\/wp\/v2\/media\/6057"}],"wp:attachment":[{"href":"https:\/\/desarrollo.infobox.com.pe\/miempresacircular\/wp-json\/wp\/v2\/media?parent=6055"}],"wp:term":[{"taxonomy":"category","embeddable":true,"href":"https:\/\/desarrollo.infobox.com.pe\/miempresacircular\/wp-json\/wp\/v2\/categories?post=6055"},{"taxonomy":"post_tag","embeddable":true,"href":"https:\/\/desarrollo.infobox.com.pe\/miempresacircular\/wp-json\/wp\/v2\/tags?post=6055"}],"curies":[{"name":"wp","href":"https:\/\/api.w.org\/{rel}","templated":true}]}}