{"id":6064,"date":"2024-03-04T09:08:00","date_gmt":"2024-03-04T14:08:00","guid":{"rendered":"https:\/\/miempresacircular.pe\/?p=6064"},"modified":"2024-03-22T09:19:13","modified_gmt":"2024-03-22T14:19:13","slug":"inicia-ciclo-de-conferencias-internacionales-sobre-economia-circular","status":"publish","type":"post","link":"https:\/\/desarrollo.infobox.com.pe\/miempresacircular\/2024\/03\/04\/inicia-ciclo-de-conferencias-internacionales-sobre-economia-circular\/","title":{"rendered":"Inicia ciclo de conferencias internacionales sobre Econom\u00eda Circular"},"content":{"rendered":"\t\t<div data-elementor-type=\"wp-post\" data-elementor-id=\"6064\" class=\"elementor elementor-6064\">\n\t\t\t\t\t\t\t\t\t<section class=\"elementor-section elementor-top-section elementor-element elementor-element-55e8039 elementor-section-boxed elementor-section-height-default elementor-section-height-default\" data-id=\"55e8039\" data-element_type=\"section\">\n\t\t\t\t\t\t<div class=\"elementor-container elementor-column-gap-default\">\n\t\t\t\t\t<div class=\"elementor-column elementor-col-100 elementor-top-column elementor-element elementor-element-3aa4444\" data-id=\"3aa4444\" data-element_type=\"column\">\n\t\t\t<div class=\"elementor-widget-wrap elementor-element-populated\">\n\t\t\t\t\t\t\t\t<div class=\"elementor-element elementor-element-10743e4 elementor-widget elementor-widget-text-editor\" data-id=\"10743e4\" data-element_type=\"widget\" data-widget_type=\"text-editor.default\">\n\t\t\t\t<div class=\"elementor-widget-container\">\n\t\t\t<style>\/*! elementor - v3.9.0 - 06-12-2022 *\/\n.elementor-widget-text-editor.elementor-drop-cap-view-stacked .elementor-drop-cap{background-color:#818a91;color:#fff}.elementor-widget-text-editor.elementor-drop-cap-view-framed .elementor-drop-cap{color:#818a91;border:3px solid;background-color:transparent}.elementor-widget-text-editor:not(.elementor-drop-cap-view-default) .elementor-drop-cap{margin-top:8px}.elementor-widget-text-editor:not(.elementor-drop-cap-view-default) .elementor-drop-cap-letter{width:1em;height:1em}.elementor-widget-text-editor .elementor-drop-cap{float:left;text-align:center;line-height:1;font-size:50px}.elementor-widget-text-editor .elementor-drop-cap-letter{display:inline-block}<\/style>\t\t\t\t<p class=\"cvGsUA direction-ltr align-justify para-style-body\"><span style=\"font-family: 'trebuchet ms', geneva, sans-serif;\"><span class=\"OYPEnA text-decoration-none text-strikethrough-none\">Impulsar la Econom\u00eda Circular para enfrentar el cambio clim\u00e1tico, la p\u00e9rdida de biodiversidad, la contaminaci\u00f3n, y alcanzar el desarrollo sostenible, es una prioridad para el Per\u00fa.<\/span> <span class=\"OYPEnA text-decoration-none text-strikethrough-none\">Por ello, en el 2020, el Ministerio de la Producci\u00f3n \u2013 PRODUCE aprob\u00f3 Hoja de Ruta hacia una Econom\u00eda Circular en la industria manufacturera (HR-EC).<\/span> <span class=\"OYPEnA text-decoration-none text-strikethrough-none\">El objetivo de este instrumento es trazar el camino para la adopci\u00f3n de modelos de econom\u00eda circular para la industria manufacturera a trav\u00e9s de cuatro enfoques: producci\u00f3n industrial sostenible, consumo sostenible, aprovechamiento de material de descarte y gesti\u00f3n de residuos industriales e innovaci\u00f3n y financiamiento.<\/span><\/span><\/p><p class=\"cvGsUA direction-ltr align-justify para-style-body\"><span style=\"font-weight: var( --e-global-typography-text-font-weight ); font-family: 'trebuchet ms', geneva, sans-serif;\">En este contexto, el jueves 29 de febrero, PRODUCE organiz\u00f3 la conferencia \u201cEconom\u00eda Circular como estrategia de desarrollo\u201d, con apoyo de la cooperaci\u00f3n alemana para el desarrollo, implementada por la GIZ, a trav\u00e9s del Proyecto Econom\u00eda circular para un desarrollo amigable con el clima &#8211; KLW, y el Programa Regional Seguridad Energ\u00e9tica y Cambio Clim\u00e1tico de la Fundaci\u00f3n Konrad Adenauer (EKLA KAS). Esta conferencia es la primera de un ciclo de conferencias internacionales que ser\u00e1n desarrolladas con la finalidad de intercambiar aprendizajes y experiencias en temas de Econom\u00eda Circular (EC). Se espera que el intercambio facilite la adquisici\u00f3n de conocimientos que contribuyan a mejorar las condiciones para la implementaci\u00f3n de la HR-EC.<\/span><\/p><p class=\"cvGsUA direction-ltr align-justify para-style-body\"><span style=\"font-weight: var( --e-global-typography-text-font-weight ); font-family: 'trebuchet ms', geneva, sans-serif;\">La primera conferencia fue inaugurada por la viceministra de MYPE e Industria, Noela Pantoja Crespo y la directora del Programa Regional EKLA, Julia Sandner. Asimismo, cont\u00f3 con las exposiciones de dos expertas internacionales, Mar\u00eda Laura Lacuague Ministerio de Industria, Energ\u00eda y Miner\u00eda del gobierno de Uruguay y Laura Barahona del MIDEPLAN de Costa Rica, quienes explicaron las estrategias de sus pa\u00edses para impulsar la EC en la industria manufacturera y c\u00f3mo abordar los retos de la transici\u00f3n circular. Las expertas resaltaron la importancia de contar con espacios como los generados por PRODUCE para impulsar la econom\u00eda circular.<\/span><\/p><p class=\"cvGsUA direction-ltr align-justify para-style-body\"><span style=\"font-weight: var( --e-global-typography-text-font-weight ); font-family: 'trebuchet ms', geneva, sans-serif;\">El desarrollo de estas conferencias permitir\u00e1 a PRODUCE obtener valiosos conocimientos para ejecutar las acciones en el marco del cumplimiento de la HR-EC. As\u00ed, se busca dar sostenibilidad de las acciones que realiza el ministerio para cubrir las necesidades y prioridades del sector manufactura en el marco de la promoci\u00f3n de la circularidad empresarial.<\/span><\/p>\t\t\t\t\t\t<\/div>\n\t\t\t\t<\/div>\n\t\t\t\t\t<\/div>\n\t\t<\/div>\n\t\t\t\t\t\t\t<\/div>\n\t\t<\/section>\n\t\t\t\t\t\t\t<\/div>\n\t\t","protected":false},"excerpt":{"rendered":"<p>Impulsar la Econom\u00eda Circular para enfrentar el cambio clim\u00e1tico, la p\u00e9rdida de biodiversidad, la contaminaci\u00f3n, y alcanzar el desarrollo sostenible, es una prioridad para el Per\u00fa. Por ello, en el 2020, el Ministerio de la Producci\u00f3n \u2013 PRODUCE aprob\u00f3 Hoja de Ruta hacia una Econom\u00eda Circular en la industria manufacturera (HR-EC). El objetivo de este [&hellip;]<\/p>\n","protected":false},"author":6,"featured_media":6066,"comment_status":"open","ping_status":"open","sticky":false,"template":"","format":"standard","meta":{"footnotes":""},"categories":[64,42],"tags":[141,153,132,151],"class_list":["post-6064","post","type-post","status-publish","format-standard","has-post-thumbnail","hentry","category-noticias","category-novedades","tag-economia-circular","tag-intercambio-de-experiencias","tag-manufactura","tag-mipyme"],"_links":{"self":[{"href":"https:\/\/desarrollo.infobox.com.pe\/miempresacircular\/wp-json\/wp\/v2\/posts\/6064","targetHints":{"allow":["GET"]}}],"collection":[{"href":"https:\/\/desarrollo.infobox.com.pe\/miempresacircular\/wp-json\/wp\/v2\/posts"}],"about":[{"href":"https:\/\/desarrollo.infobox.com.pe\/miempresacircular\/wp-json\/wp\/v2\/types\/post"}],"author":[{"embeddable":true,"href":"https:\/\/desarrollo.infobox.com.pe\/miempresacircular\/wp-json\/wp\/v2\/users\/6"}],"replies":[{"embeddable":true,"href":"https:\/\/desarrollo.infobox.com.pe\/miempresacircular\/wp-json\/wp\/v2\/comments?post=6064"}],"version-history":[{"count":4,"href":"https:\/\/desarrollo.infobox.com.pe\/miempresacircular\/wp-json\/wp\/v2\/posts\/6064\/revisions"}],"predecessor-version":[{"id":6069,"href":"https:\/\/desarrollo.infobox.com.pe\/miempresacircular\/wp-json\/wp\/v2\/posts\/6064\/revisions\/6069"}],"wp:featuredmedia":[{"embeddable":true,"href":"https:\/\/desarrollo.infobox.com.pe\/miempresacircular\/wp-json\/wp\/v2\/media\/6066"}],"wp:attachment":[{"href":"https:\/\/desarrollo.infobox.com.pe\/miempresacircular\/wp-json\/wp\/v2\/media?parent=6064"}],"wp:term":[{"taxonomy":"category","embeddable":true,"href":"https:\/\/desarrollo.infobox.com.pe\/miempresacircular\/wp-json\/wp\/v2\/categories?post=6064"},{"taxonomy":"post_tag","embeddable":true,"href":"https:\/\/desarrollo.infobox.com.pe\/miempresacircular\/wp-json\/wp\/v2\/tags?post=6064"}],"curies":[{"name":"wp","href":"https:\/\/api.w.org\/{rel}","templated":true}]}}