{"id":6071,"date":"2024-03-18T09:23:43","date_gmt":"2024-03-18T14:23:43","guid":{"rendered":"https:\/\/miempresacircular.pe\/?p=6071"},"modified":"2024-03-22T09:43:56","modified_gmt":"2024-03-22T14:43:56","slug":"mipymes-lideradas-por-mujeres-implementaran-modelos-de-negocios-circulares-con-la-metodologia-ecocanvas","status":"publish","type":"post","link":"https:\/\/desarrollo.infobox.com.pe\/miempresacircular\/2024\/03\/18\/mipymes-lideradas-por-mujeres-implementaran-modelos-de-negocios-circulares-con-la-metodologia-ecocanvas\/","title":{"rendered":"Mipymes lideradas por mujeres implementar\u00e1n modelos de negocios circulares con la metodolog\u00eda Ecocanvas"},"content":{"rendered":"\t\t<div data-elementor-type=\"wp-post\" data-elementor-id=\"6071\" class=\"elementor elementor-6071\">\n\t\t\t\t\t\t\t\t\t<section class=\"elementor-section elementor-top-section elementor-element elementor-element-f096587 elementor-section-boxed elementor-section-height-default elementor-section-height-default\" data-id=\"f096587\" data-element_type=\"section\">\n\t\t\t\t\t\t<div class=\"elementor-container elementor-column-gap-default\">\n\t\t\t\t\t<div class=\"elementor-column elementor-col-100 elementor-top-column elementor-element elementor-element-c332af1\" data-id=\"c332af1\" data-element_type=\"column\">\n\t\t\t<div class=\"elementor-widget-wrap elementor-element-populated\">\n\t\t\t\t\t\t\t\t<div class=\"elementor-element elementor-element-31877bb elementor-widget elementor-widget-text-editor\" data-id=\"31877bb\" data-element_type=\"widget\" data-widget_type=\"text-editor.default\">\n\t\t\t\t<div class=\"elementor-widget-container\">\n\t\t\t<style>\/*! elementor - v3.9.0 - 06-12-2022 *\/\n.elementor-widget-text-editor.elementor-drop-cap-view-stacked .elementor-drop-cap{background-color:#818a91;color:#fff}.elementor-widget-text-editor.elementor-drop-cap-view-framed .elementor-drop-cap{color:#818a91;border:3px solid;background-color:transparent}.elementor-widget-text-editor:not(.elementor-drop-cap-view-default) .elementor-drop-cap{margin-top:8px}.elementor-widget-text-editor:not(.elementor-drop-cap-view-default) .elementor-drop-cap-letter{width:1em;height:1em}.elementor-widget-text-editor .elementor-drop-cap{float:left;text-align:center;line-height:1;font-size:50px}.elementor-widget-text-editor .elementor-drop-cap-letter{display:inline-block}<\/style>\t\t\t\t<p class=\"cvGsUA direction-ltr align-justify para-style-body\" style=\"color: #000000; font-family: 'YAFdJt8dAY0 0', _fb_, auto; --font-size: 20px; --line-height: 1.4; line-height: 28px;\"><span class=\"OYPEnA text-decoration-none text-strikethrough-none\" style=\"font-family: 'trebuchet ms', geneva, sans-serif;\">A inicios de marzo, inici\u00f3 el programa de capacitaci\u00f3n que potenciar\u00e1 las habilidades productivas y de negocio de mujeres empresarias con la metodolog\u00eda Ecocanvas. Esta metodolog\u00eda permite, de forma sencilla, conectar la estrategia de los negocios con la sostenibilidad a trav\u00e9s de la identificaci\u00f3n, an\u00e1lisis y selecci\u00f3n de pr\u00e1cticas de la circularidad que permiten incrementar la rentabilidad y el desempe\u00f1o ambiental de las empresas.<\/span><\/p><p class=\"cvGsUA direction-ltr align-justify para-style-body\" style=\"color: #000000; font-family: 'YAFdJt8dAY0 0', _fb_, auto; --font-size: 20px; --line-height: 1.4; line-height: 28px;\"><span class=\"OYPEnA text-decoration-none text-strikethrough-none\" style=\"font-family: 'trebuchet ms', geneva, sans-serif;\">El programa de capacitaci\u00f3n es impartido por el experto internacional Nicola Cerantola; quien formar\u00e1 a 20 participantes para convertirse en mentores de 20 mipymes lideradas por mujeres del sector textil, confecciones y cuero y calzado. El prop\u00f3sito es que los mentores adquieran las competencias necesarias para acompa\u00f1ar a las empresas en su tr\u00e1nsito hacia una Econom\u00eda Circular.<\/span><\/p><p class=\"cvGsUA direction-ltr align-justify para-style-body\" style=\"color: #000000; font-family: 'YAFdJt8dAY0 0', _fb_, auto; --font-size: 20px; --line-height: 1.4; line-height: 28px;\"><span class=\"OYPEnA text-decoration-none text-strikethrough-none\" style=\"font-family: 'trebuchet ms', geneva, sans-serif;\">De esta forma, los futuros mentores y las mipymes que ser\u00e1n asesoradas adquirir\u00e1n conocimientos sobre lo \u00faltimo en innovaci\u00f3n y econom\u00eda circular. As\u00ed, podr\u00e1n ser m\u00e1s proactivos en la generaci\u00f3n de ideas y oportunidades para construir negocios circulares, aplicando un conjunto de visiones, herramientas y m\u00e9todos que consiga hacer m\u00e1s resilientes a las empresas. Igualmente, es importante destacar que a trav\u00e9s del programa se busca articular a diversos actores con la academia para lograr la sostenibilidad y replicabilidad de este.<\/span><\/p><p class=\"cvGsUA direction-ltr align-justify para-style-body\" style=\"color: #000000; font-family: 'YAFdJt8dAY0 0', _fb_, auto; --font-size: 20px; --line-height: 1.4; line-height: 28px;\"><span class=\"OYPEnA text-decoration-none text-strikethrough-none\" style=\"font-family: 'trebuchet ms', geneva, sans-serif;\">El Programa de capacitaci\u00f3n se desarrolla en el marco de la Comisi\u00f3n por una Econom\u00eda Circular Manufacturera en Per\u00fa \u00abMi Empresa Circular\u00bb, con el apoyo de la cooperaci\u00f3n alemana para el desarrollo, implementada por la GIZ, a trav\u00e9s del proyecto Econom\u00eda Circular para un Desarrollo Urbano Amigable con el Clima \u2013 KWL; y ASPEm &#8211; Asociaci\u00f3n Solidaridad Pa\u00edses Emergentes por medio del programa AL INVEST Verde, con el apoyo de la Uni\u00f3n Europea en Per\u00fa.<\/span><\/p>\t\t\t\t\t\t<\/div>\n\t\t\t\t<\/div>\n\t\t\t\t\t<\/div>\n\t\t<\/div>\n\t\t\t\t\t\t\t<\/div>\n\t\t<\/section>\n\t\t\t\t\t\t\t<\/div>\n\t\t","protected":false},"excerpt":{"rendered":"<p>A inicios de marzo, inici\u00f3 el programa de capacitaci\u00f3n que potenciar\u00e1 las habilidades productivas y de negocio de mujeres empresarias con la metodolog\u00eda Ecocanvas. Esta metodolog\u00eda permite, de forma sencilla, conectar la estrategia de los negocios con la sostenibilidad a trav\u00e9s de la identificaci\u00f3n, an\u00e1lisis y selecci\u00f3n de pr\u00e1cticas de la circularidad que permiten incrementar [&hellip;]<\/p>\n","protected":false},"author":6,"featured_media":6074,"comment_status":"open","ping_status":"open","sticky":false,"template":"","format":"standard","meta":{"footnotes":""},"categories":[64,42],"tags":[142,141,148,151],"class_list":["post-6071","post","type-post","status-publish","format-standard","has-post-thumbnail","hentry","category-noticias","category-novedades","tag-ecocanvas","tag-economia-circular","tag-genero","tag-mipyme"],"_links":{"self":[{"href":"https:\/\/desarrollo.infobox.com.pe\/miempresacircular\/wp-json\/wp\/v2\/posts\/6071","targetHints":{"allow":["GET"]}}],"collection":[{"href":"https:\/\/desarrollo.infobox.com.pe\/miempresacircular\/wp-json\/wp\/v2\/posts"}],"about":[{"href":"https:\/\/desarrollo.infobox.com.pe\/miempresacircular\/wp-json\/wp\/v2\/types\/post"}],"author":[{"embeddable":true,"href":"https:\/\/desarrollo.infobox.com.pe\/miempresacircular\/wp-json\/wp\/v2\/users\/6"}],"replies":[{"embeddable":true,"href":"https:\/\/desarrollo.infobox.com.pe\/miempresacircular\/wp-json\/wp\/v2\/comments?post=6071"}],"version-history":[{"count":4,"href":"https:\/\/desarrollo.infobox.com.pe\/miempresacircular\/wp-json\/wp\/v2\/posts\/6071\/revisions"}],"predecessor-version":[{"id":6077,"href":"https:\/\/desarrollo.infobox.com.pe\/miempresacircular\/wp-json\/wp\/v2\/posts\/6071\/revisions\/6077"}],"wp:featuredmedia":[{"embeddable":true,"href":"https:\/\/desarrollo.infobox.com.pe\/miempresacircular\/wp-json\/wp\/v2\/media\/6074"}],"wp:attachment":[{"href":"https:\/\/desarrollo.infobox.com.pe\/miempresacircular\/wp-json\/wp\/v2\/media?parent=6071"}],"wp:term":[{"taxonomy":"category","embeddable":true,"href":"https:\/\/desarrollo.infobox.com.pe\/miempresacircular\/wp-json\/wp\/v2\/categories?post=6071"},{"taxonomy":"post_tag","embeddable":true,"href":"https:\/\/desarrollo.infobox.com.pe\/miempresacircular\/wp-json\/wp\/v2\/tags?post=6071"}],"curies":[{"name":"wp","href":"https:\/\/api.w.org\/{rel}","templated":true}]}}