{"id":6282,"date":"2024-04-01T19:46:57","date_gmt":"2024-04-02T00:46:57","guid":{"rendered":"https:\/\/miempresacircular.pe\/?p=6282"},"modified":"2025-06-04T18:07:14","modified_gmt":"2025-06-04T23:07:14","slug":"desbloquear-la-revolucion-en-el-reuso-ampliando-el-uso-de-los-envases-retornables","status":"publish","type":"post","link":"https:\/\/desarrollo.infobox.com.pe\/miempresacircular\/2024\/04\/01\/desbloquear-la-revolucion-en-el-reuso-ampliando-el-uso-de-los-envases-retornables\/","title":{"rendered":"Desbloquear la revoluci\u00f3n en el re\u00faso: Ampliando el uso de los envases retornables"},"content":{"rendered":"\t\t<div data-elementor-type=\"wp-post\" data-elementor-id=\"6282\" class=\"elementor elementor-6282\">\n\t\t\t\t\t\t\t\t\t<section class=\"elementor-section elementor-top-section elementor-element elementor-element-29591e2 elementor-section-boxed elementor-section-height-default elementor-section-height-default\" data-id=\"29591e2\" data-element_type=\"section\">\n\t\t\t\t\t\t<div class=\"elementor-container elementor-column-gap-default\">\n\t\t\t\t\t<div class=\"elementor-column elementor-col-100 elementor-top-column elementor-element elementor-element-ec014e0\" data-id=\"ec014e0\" data-element_type=\"column\">\n\t\t\t<div class=\"elementor-widget-wrap elementor-element-populated\">\n\t\t\t\t\t\t\t\t<div class=\"elementor-element elementor-element-0b662d4 elementor-widget elementor-widget-text-editor\" data-id=\"0b662d4\" data-element_type=\"widget\" data-widget_type=\"text-editor.default\">\n\t\t\t\t<div class=\"elementor-widget-container\">\n\t\t\t<style>\/*! elementor - v3.9.0 - 06-12-2022 *\/\n.elementor-widget-text-editor.elementor-drop-cap-view-stacked .elementor-drop-cap{background-color:#818a91;color:#fff}.elementor-widget-text-editor.elementor-drop-cap-view-framed .elementor-drop-cap{color:#818a91;border:3px solid;background-color:transparent}.elementor-widget-text-editor:not(.elementor-drop-cap-view-default) .elementor-drop-cap{margin-top:8px}.elementor-widget-text-editor:not(.elementor-drop-cap-view-default) .elementor-drop-cap-letter{width:1em;height:1em}.elementor-widget-text-editor .elementor-drop-cap{float:left;text-align:center;line-height:1;font-size:50px}.elementor-widget-text-editor .elementor-drop-cap-letter{display:inline-block}<\/style>\t\t\t\t<p>Este estudio ofrece ideas y recomendaciones para dise\u00f1ar y ampliar la incorporaci\u00f3n de los envases retornables en los sectores productivos. Se estima que pasar a los modelos de reutilizaci\u00f3n puede proporcionar una reducci\u00f3n de m\u00e1s del 20 % en el total anual de p\u00e9rdidas de pl\u00e1stico al oc\u00e9ano para 2040.&nbsp;<\/p><p>Adem\u00e1s, los envases de pl\u00e1stico retornables tienen el potencial de lograr beneficios medioambientales significativos&nbsp; en comparaci\u00f3n con los de un solo uso, reduciendo las emisiones de gases de efecto invernadero y el consumo&nbsp; de agua hasta en un 70 % y el uso de materiales hasta en un 75 % en determinadas aplicaciones.<\/p>\t\t\t\t\t\t<\/div>\n\t\t\t\t<\/div>\n\t\t\t\t\t<\/div>\n\t\t<\/div>\n\t\t\t\t\t\t\t<\/div>\n\t\t<\/section>\n\t\t\t\t<section class=\"elementor-section elementor-top-section elementor-element elementor-element-dd89cdb elementor-section-boxed elementor-section-height-default elementor-section-height-default\" data-id=\"dd89cdb\" data-element_type=\"section\">\n\t\t\t\t\t\t<div class=\"elementor-container elementor-column-gap-default\">\n\t\t\t\t\t<div class=\"elementor-column elementor-col-100 elementor-top-column elementor-element elementor-element-ea9a186\" data-id=\"ea9a186\" data-element_type=\"column\">\n\t\t\t<div class=\"elementor-widget-wrap elementor-element-populated\">\n\t\t\t\t\t\t\t\t<div class=\"elementor-element elementor-element-c93659a elementor-align-right elementor-widget elementor-widget-button\" data-id=\"c93659a\" data-element_type=\"widget\" data-widget_type=\"button.default\">\n\t\t\t\t<div class=\"elementor-widget-container\">\n\t\t\t\t\t<div class=\"elementor-button-wrapper\">\n\t\t\t<a href=\"https:\/\/emf.thirdlight.com\/link\/a4oq70hlm7ey-lnedy0\/@\/preview\/1?o\" class=\"elementor-button-link elementor-button elementor-size-xs\" role=\"button\">\n\t\t\t\t\t\t<span class=\"elementor-button-content-wrapper\">\n\t\t\t\t\t\t\t<span class=\"elementor-button-icon elementor-align-icon-right\">\n\t\t\t\t<i aria-hidden=\"true\" class=\"fas fa-arrow-circle-right\"><\/i>\t\t\t<\/span>\n\t\t\t\t\t\t<span class=\"elementor-button-text\">Ent\u00e9rate m\u00e1s <\/span>\n\t\t<\/span>\n\t\t\t\t\t<\/a>\n\t\t<\/div>\n\t\t\t\t<\/div>\n\t\t\t\t<\/div>\n\t\t\t\t\t<\/div>\n\t\t<\/div>\n\t\t\t\t\t\t\t<\/div>\n\t\t<\/section>\n\t\t\t\t<section class=\"elementor-section elementor-top-section elementor-element elementor-element-3e28a42 elementor-section-boxed elementor-section-height-default elementor-section-height-default\" data-id=\"3e28a42\" data-element_type=\"section\">\n\t\t\t\t\t\t<div class=\"elementor-container elementor-column-gap-default\">\n\t\t\t\t\t<div class=\"elementor-column elementor-col-100 elementor-top-column elementor-element elementor-element-1bda48f\" data-id=\"1bda48f\" data-element_type=\"column\">\n\t\t\t<div class=\"elementor-widget-wrap\">\n\t\t\t\t\t\t\t\t\t<\/div>\n\t\t<\/div>\n\t\t\t\t\t\t\t<\/div>\n\t\t<\/section>\n\t\t\t\t<section class=\"elementor-section elementor-top-section elementor-element elementor-element-4016cc7 elementor-section-boxed elementor-section-height-default elementor-section-height-default\" data-id=\"4016cc7\" data-element_type=\"section\">\n\t\t\t\t\t\t<div class=\"elementor-container elementor-column-gap-default\">\n\t\t\t\t\t<div class=\"elementor-column elementor-col-100 elementor-top-column elementor-element elementor-element-ccf172d\" data-id=\"ccf172d\" data-element_type=\"column\">\n\t\t\t<div class=\"elementor-widget-wrap\">\n\t\t\t\t\t\t\t\t\t<\/div>\n\t\t<\/div>\n\t\t\t\t\t\t\t<\/div>\n\t\t<\/section>\n\t\t\t\t\t\t\t<\/div>\n\t\t","protected":false},"excerpt":{"rendered":"<p>Este estudio ofrece ideas y recomendaciones para dise\u00f1ar y ampliar la incorporaci\u00f3n de los envases retornables en los sectores productivos. Se estima que pasar a los modelos de reutilizaci\u00f3n puede proporcionar una reducci\u00f3n de m\u00e1s del 20 % en el total anual de p\u00e9rdidas de pl\u00e1stico al oc\u00e9ano para 2040.&nbsp; Adem\u00e1s, los envases de pl\u00e1stico [&hellip;]<\/p>\n","protected":false},"author":5,"featured_media":6287,"comment_status":"open","ping_status":"open","sticky":false,"template":"","format":"standard","meta":{"footnotes":""},"categories":[43,95],"tags":[121,155,20],"class_list":["post-6282","post","type-post","status-publish","format-standard","has-post-thumbnail","hentry","category-centro-de-conocimiento","category-tecnico","tag-manten-el-circulo","tag-plastico","tag-green"],"_links":{"self":[{"href":"https:\/\/desarrollo.infobox.com.pe\/miempresacircular\/wp-json\/wp\/v2\/posts\/6282","targetHints":{"allow":["GET"]}}],"collection":[{"href":"https:\/\/desarrollo.infobox.com.pe\/miempresacircular\/wp-json\/wp\/v2\/posts"}],"about":[{"href":"https:\/\/desarrollo.infobox.com.pe\/miempresacircular\/wp-json\/wp\/v2\/types\/post"}],"author":[{"embeddable":true,"href":"https:\/\/desarrollo.infobox.com.pe\/miempresacircular\/wp-json\/wp\/v2\/users\/5"}],"replies":[{"embeddable":true,"href":"https:\/\/desarrollo.infobox.com.pe\/miempresacircular\/wp-json\/wp\/v2\/comments?post=6282"}],"version-history":[{"count":12,"href":"https:\/\/desarrollo.infobox.com.pe\/miempresacircular\/wp-json\/wp\/v2\/posts\/6282\/revisions"}],"predecessor-version":[{"id":10178,"href":"https:\/\/desarrollo.infobox.com.pe\/miempresacircular\/wp-json\/wp\/v2\/posts\/6282\/revisions\/10178"}],"wp:featuredmedia":[{"embeddable":true,"href":"https:\/\/desarrollo.infobox.com.pe\/miempresacircular\/wp-json\/wp\/v2\/media\/6287"}],"wp:attachment":[{"href":"https:\/\/desarrollo.infobox.com.pe\/miempresacircular\/wp-json\/wp\/v2\/media?parent=6282"}],"wp:term":[{"taxonomy":"category","embeddable":true,"href":"https:\/\/desarrollo.infobox.com.pe\/miempresacircular\/wp-json\/wp\/v2\/categories?post=6282"},{"taxonomy":"post_tag","embeddable":true,"href":"https:\/\/desarrollo.infobox.com.pe\/miempresacircular\/wp-json\/wp\/v2\/tags?post=6282"}],"curies":[{"name":"wp","href":"https:\/\/api.w.org\/{rel}","templated":true}]}}