{"id":6377,"date":"2024-04-09T16:25:04","date_gmt":"2024-04-09T21:25:04","guid":{"rendered":"https:\/\/miempresacircular.pe\/?p=6377"},"modified":"2024-05-10T14:33:19","modified_gmt":"2024-05-10T19:33:19","slug":"produce-impulsa-ciclo-de-conferencias-internacionales-sobre-economia-circular-revisa-la-segunda-edicion","status":"publish","type":"post","link":"https:\/\/desarrollo.infobox.com.pe\/miempresacircular\/2024\/04\/09\/produce-impulsa-ciclo-de-conferencias-internacionales-sobre-economia-circular-revisa-la-segunda-edicion\/","title":{"rendered":"PRODUCE impulsa ciclo de conferencias internacionales sobre Econom\u00eda Circular: Revisa la segunda edici\u00f3n"},"content":{"rendered":"<p>El Ministerio de la Producci\u00f3n \u2013 PRODUCE se encuentra comprometido con impulsar la Econom\u00eda Circular para enfrentar el cambio clim\u00e1tico, la p\u00e9rdida de biodiversidad, la contaminaci\u00f3n, y alcanzar el desarrollo sostenible en el Per\u00fa.\u00a0 En este marco, el PRODUCE organiza un Ciclo de Conferencias Internacionales desarrolladas con la finalidad de intercambiar aprendizajes y experiencias en temas de Econom\u00eda Circular (EC). Estos intercambios cuentan con apoyo de la cooperaci\u00f3n alemana para el desarrollo, implementada por la GIZ, a trav\u00e9s del Proyecto Econom\u00eda circular para un desarrollo amigable con el clima &#8211; KLW, y el Programa Regional Seguridad Energ\u00e9tica y Cambio Clim\u00e1tico de la Fundaci\u00f3n Konrad Adenauer (EKLA KAS).<\/p>\n<p>El desarrollo de estas conferencias permitir\u00e1 a PRODUCE obtener valiosos conocimientos para ejecutar las acciones en el marco del cumplimiento de la Hoja de Ruta hacia una Econom\u00eda Circular en la Industria Manufacturera (HR-EC). Este instrumento traza el camino para la adopci\u00f3n de modelos de econom\u00eda circular para la industria manufacturera a trav\u00e9s de cuatro enfoques: producci\u00f3n industrial sostenible, consumo sostenible, aprovechamiento de material de descarte y gesti\u00f3n de residuos industriales e innovaci\u00f3n y financiamiento.<\/p>\n<p>La segunda conferencia internacional abord\u00f3 las pol\u00edticas p\u00fablicas y estrategias que ha llevado a cabo Chile para impulsar la circularidad en sus industrias. La presentaci\u00f3n estuvo a cargo de Tom\u00e1s Saieg, jefe de la Oficina de Econom\u00eda Circular del Ministerio del Medio Ambiente de Chile. El experto explic\u00f3\u00a0 el funcionamiento de la Hoja de Ruta para un Chile Circular al 2040, cuya visi\u00f3n es lograr la transici\u00f3n hacia una econom\u00eda circular regenerativa que impulse un desarrollo\u00a0 sostenible, justo y participativo que ponga el bienestar de las personas al centro. Adem\u00e1s, profundiz\u00f3 en la normativa chilena, exponiendo, por ejemplo, la Ley que establece el marco para la gesti\u00f3n de residuos, la responsabilidad extendida del productor y fomento al reciclaje; y la Ley que regula la entrega de pl\u00e1sticos de un solo uso y las botellas pl\u00e1sticas.<\/p>\n<p>\u00bfQuieres conocer m\u00e1s? Puedes ver la primera y la segunda conferencia internacional en: <a href=\"https:\/\/miempresacircular.pe\/2024\/03\/25\/ciclo-de-conferencias-internacionales-en-economia-circular\/\">Mi Empresa Circular<\/a><\/p>\n<p>\u00a1No te lo pierdas!<\/p>\n<p>\u00a0<\/p>\n","protected":false},"excerpt":{"rendered":"<p>El Ministerio de la Producci\u00f3n \u2013 PRODUCE se encuentra comprometido con impulsar la Econom\u00eda Circular para enfrentar el cambio clim\u00e1tico, la p\u00e9rdida de biodiversidad, la contaminaci\u00f3n, y alcanzar el desarrollo sostenible en el Per\u00fa.\u00a0 En este marco, el PRODUCE organiza un Ciclo de Conferencias Internacionales desarrolladas con la finalidad de intercambiar aprendizajes y experiencias en [&hellip;]<\/p>\n","protected":false},"author":6,"featured_media":6387,"comment_status":"open","ping_status":"open","sticky":false,"template":"","format":"standard","meta":{"footnotes":""},"categories":[195,64,42],"tags":[168,169,167],"class_list":["post-6377","post","type-post","status-publish","format-standard","has-post-thumbnail","hentry","category-funcionarios","category-noticias","category-novedades","tag-conferencias-internacionales","tag-intercambio-de-conocimientos","tag-politicas-publicas"],"_links":{"self":[{"href":"https:\/\/desarrollo.infobox.com.pe\/miempresacircular\/wp-json\/wp\/v2\/posts\/6377","targetHints":{"allow":["GET"]}}],"collection":[{"href":"https:\/\/desarrollo.infobox.com.pe\/miempresacircular\/wp-json\/wp\/v2\/posts"}],"about":[{"href":"https:\/\/desarrollo.infobox.com.pe\/miempresacircular\/wp-json\/wp\/v2\/types\/post"}],"author":[{"embeddable":true,"href":"https:\/\/desarrollo.infobox.com.pe\/miempresacircular\/wp-json\/wp\/v2\/users\/6"}],"replies":[{"embeddable":true,"href":"https:\/\/desarrollo.infobox.com.pe\/miempresacircular\/wp-json\/wp\/v2\/comments?post=6377"}],"version-history":[{"count":5,"href":"https:\/\/desarrollo.infobox.com.pe\/miempresacircular\/wp-json\/wp\/v2\/posts\/6377\/revisions"}],"predecessor-version":[{"id":6386,"href":"https:\/\/desarrollo.infobox.com.pe\/miempresacircular\/wp-json\/wp\/v2\/posts\/6377\/revisions\/6386"}],"wp:featuredmedia":[{"embeddable":true,"href":"https:\/\/desarrollo.infobox.com.pe\/miempresacircular\/wp-json\/wp\/v2\/media\/6387"}],"wp:attachment":[{"href":"https:\/\/desarrollo.infobox.com.pe\/miempresacircular\/wp-json\/wp\/v2\/media?parent=6377"}],"wp:term":[{"taxonomy":"category","embeddable":true,"href":"https:\/\/desarrollo.infobox.com.pe\/miempresacircular\/wp-json\/wp\/v2\/categories?post=6377"},{"taxonomy":"post_tag","embeddable":true,"href":"https:\/\/desarrollo.infobox.com.pe\/miempresacircular\/wp-json\/wp\/v2\/tags?post=6377"}],"curies":[{"name":"wp","href":"https:\/\/api.w.org\/{rel}","templated":true}]}}