{"id":6530,"date":"2024-04-30T16:12:30","date_gmt":"2024-04-30T21:12:30","guid":{"rendered":"https:\/\/miempresacircular.pe\/?p=6530"},"modified":"2024-05-03T17:15:31","modified_gmt":"2024-05-03T22:15:31","slug":"conferencia-internacional-sobre-economia-circular-y-simbiosis-industrial","status":"publish","type":"post","link":"https:\/\/desarrollo.infobox.com.pe\/miempresacircular\/2024\/04\/30\/conferencia-internacional-sobre-economia-circular-y-simbiosis-industrial\/","title":{"rendered":"Conferencia Internacional sobre Econom\u00eda Circular y Simbiosis Industrial"},"content":{"rendered":"\t\t<div data-elementor-type=\"wp-post\" data-elementor-id=\"6530\" class=\"elementor elementor-6530\">\n\t\t\t\t\t\t\t\t\t<section class=\"elementor-section elementor-top-section elementor-element elementor-element-eba089b elementor-section-boxed elementor-section-height-default elementor-section-height-default\" data-id=\"eba089b\" data-element_type=\"section\">\n\t\t\t\t\t\t<div class=\"elementor-container elementor-column-gap-default\">\n\t\t\t\t\t<div class=\"elementor-column elementor-col-100 elementor-top-column elementor-element elementor-element-00bb3bc\" data-id=\"00bb3bc\" data-element_type=\"column\">\n\t\t\t<div class=\"elementor-widget-wrap elementor-element-populated\">\n\t\t\t\t\t\t\t\t<div class=\"elementor-element elementor-element-9859351 elementor-widget elementor-widget-text-editor\" data-id=\"9859351\" data-element_type=\"widget\" data-widget_type=\"text-editor.default\">\n\t\t\t\t<div class=\"elementor-widget-container\">\n\t\t\t<style>\/*! elementor - v3.9.0 - 06-12-2022 *\/\n.elementor-widget-text-editor.elementor-drop-cap-view-stacked .elementor-drop-cap{background-color:#818a91;color:#fff}.elementor-widget-text-editor.elementor-drop-cap-view-framed .elementor-drop-cap{color:#818a91;border:3px solid;background-color:transparent}.elementor-widget-text-editor:not(.elementor-drop-cap-view-default) .elementor-drop-cap{margin-top:8px}.elementor-widget-text-editor:not(.elementor-drop-cap-view-default) .elementor-drop-cap-letter{width:1em;height:1em}.elementor-widget-text-editor .elementor-drop-cap{float:left;text-align:center;line-height:1;font-size:50px}.elementor-widget-text-editor .elementor-drop-cap-letter{display:inline-block}<\/style>\t\t\t\t<p><a class=\"OYPEnA text-decoration-none text-strikethrough-none\" draggable=\"false\" href=\"https:\/\/miempresacircular.pe\/2024\/03\/25\/ciclo-de-conferencias-internacionales-en-economia-circular\/\" target=\"_blank\" rel=\"noopener\">Con la importante presencia de Soraya Caro Vargas, viceministra de Desarrollo Empresarial del Ministerio de Comercio, Industria y Turismo de Colombia; y C\u00e9sar Quispe Luj\u00e1n viceministro de MYPE e Industria del Ministerio de la Producci\u00f3n de Per\u00fa, se llev\u00f3 a cabo la conferencia internacional \u201cEconom\u00eda Circular y la Simbiosis Industrial\u201d. Ambos viceministros destacaron la relevancia y el compromiso con impulsar la Econom\u00eda Circular en las micro y peque\u00f1as empresas para un desarrollo productivo sostenible de Colombia y Per\u00fa.<\/a><\/p>\n<p class=\"cvGsUA direction-ltr align-justify para-style-body\"><span class=\"OYPEnA text-decoration-none text-strikethrough-none\" style=\"font-weight: var( --e-global-typography-text-font-weight );\">El seminario, realizado el<\/span><span style=\"font-weight: var( --e-global-typography-text-font-weight );\"> <\/span><span class=\"OYPEnA text-decoration-none text-strikethrough-none\" style=\"font-weight: var( --e-global-typography-text-font-weight );\">25 de abril, permiti\u00f3 profundizar el concepto de Simbiosis Industrial, el cual se viene difundiendo en todo el mundo y parece ser un desaf\u00edo grande y complejo, pues implica generar mecanismos para que los residuos que desecha una empresa sean utilizados por otra como material secundario. En la regi\u00f3n, Colombia es uno de los pa\u00edses latinoamericanos que ha mostrado avances interesantes en la materia, los cuales pueden servir para alimentar los esfuerzos del Per\u00fa y otros pa\u00edses.<\/span><br><\/p>\n<p class=\"cvGsUA direction-ltr align-justify para-style-body\"><span style=\"font-weight: var( --e-global-typography-text-font-weight );\">Por este motivo, se invit\u00f3 como ponente a Juan Sebasti\u00e1n Guti\u00e9rrez Botero, Coordinador Nacional del Programa Global de Parques Eco-Industriales de ONUDI (Organizaci\u00f3n de las Naciones Unidas para el Desarrollo Industrial) en Colombia. El ponente mostr\u00f3 el ejemplo de Parque Eco-Industrial como modelo de desarrollo industrial sostenible, que conecta empresas, con plantas de tratamiento de aguas residuales, centros de reciclaje, y plantas de energ\u00eda. Ello permite hacer un uso eficiente de recursos y lograr una producci\u00f3n m\u00e1s limpia, al reducir el uso de energ\u00eda, agua y materiales de las empresas que forman parte del parque.<\/span><br><\/p>\n<p class=\"cvGsUA direction-ltr align-justify para-style-body\"><span style=\"font-weight: var( --e-global-typography-text-font-weight );\">Cabe destacar que esta conferencia ha sido organizada por el Ministerio de la Producci\u00f3n \u2013 PRODUCE, comprometido con impulsar la Econom\u00eda Circular para enfrentar el cambio clim\u00e1tico, la p\u00e9rdida de biodiversidad, la contaminaci\u00f3n, y alcanzar el desarrollo sostenible en el Per\u00fa. Forma parte de un ciclo de Conferencias Internacionales llevadas a cabo con la finalidad de intercambiar aprendizajes y experiencias en temas de Econom\u00eda Circular (EC) entre diversos pa\u00edses de la regi\u00f3n. Estos intercambios cuentan con apoyo de la cooperaci\u00f3n alemana para el desarrollo, implementada por la GIZ, a trav\u00e9s del Proyecto Econom\u00eda circular para un desarrollo amigable con el clima &#8211; KLW, y el Programa Regional Seguridad Energ\u00e9tica y Cambio Clim\u00e1tico de la Fundaci\u00f3n Konrad Adenauer (EKLA KAS).<\/span><br><\/p>\t\t\t\t\t\t<\/div>\n\t\t\t\t<\/div>\n\t\t\t\t\t<\/div>\n\t\t<\/div>\n\t\t\t\t\t\t\t<\/div>\n\t\t<\/section>\n\t\t\t\t\t\t\t<\/div>\n\t\t","protected":false},"excerpt":{"rendered":"<p>Con la importante presencia de Soraya Caro Vargas, viceministra de Desarrollo Empresarial del Ministerio de Comercio, Industria y Turismo de Colombia; y C\u00e9sar Quispe Luj\u00e1n viceministro de MYPE e Industria del Ministerio de la Producci\u00f3n de Per\u00fa, se llev\u00f3 a cabo la conferencia internacional \u201cEconom\u00eda Circular y la Simbiosis Industrial\u201d. Ambos viceministros destacaron la relevancia [&hellip;]<\/p>\n","protected":false},"author":6,"featured_media":6532,"comment_status":"open","ping_status":"open","sticky":false,"template":"","format":"standard","meta":{"footnotes":""},"categories":[64,42],"tags":[141,176,175],"class_list":["post-6530","post","type-post","status-publish","format-standard","has-post-thumbnail","hentry","category-noticias","category-novedades","tag-economia-circular","tag-seminario-internacional","tag-simbiosis-industrial"],"_links":{"self":[{"href":"https:\/\/desarrollo.infobox.com.pe\/miempresacircular\/wp-json\/wp\/v2\/posts\/6530","targetHints":{"allow":["GET"]}}],"collection":[{"href":"https:\/\/desarrollo.infobox.com.pe\/miempresacircular\/wp-json\/wp\/v2\/posts"}],"about":[{"href":"https:\/\/desarrollo.infobox.com.pe\/miempresacircular\/wp-json\/wp\/v2\/types\/post"}],"author":[{"embeddable":true,"href":"https:\/\/desarrollo.infobox.com.pe\/miempresacircular\/wp-json\/wp\/v2\/users\/6"}],"replies":[{"embeddable":true,"href":"https:\/\/desarrollo.infobox.com.pe\/miempresacircular\/wp-json\/wp\/v2\/comments?post=6530"}],"version-history":[{"count":4,"href":"https:\/\/desarrollo.infobox.com.pe\/miempresacircular\/wp-json\/wp\/v2\/posts\/6530\/revisions"}],"predecessor-version":[{"id":6535,"href":"https:\/\/desarrollo.infobox.com.pe\/miempresacircular\/wp-json\/wp\/v2\/posts\/6530\/revisions\/6535"}],"wp:featuredmedia":[{"embeddable":true,"href":"https:\/\/desarrollo.infobox.com.pe\/miempresacircular\/wp-json\/wp\/v2\/media\/6532"}],"wp:attachment":[{"href":"https:\/\/desarrollo.infobox.com.pe\/miempresacircular\/wp-json\/wp\/v2\/media?parent=6530"}],"wp:term":[{"taxonomy":"category","embeddable":true,"href":"https:\/\/desarrollo.infobox.com.pe\/miempresacircular\/wp-json\/wp\/v2\/categories?post=6530"},{"taxonomy":"post_tag","embeddable":true,"href":"https:\/\/desarrollo.infobox.com.pe\/miempresacircular\/wp-json\/wp\/v2\/tags?post=6530"}],"curies":[{"name":"wp","href":"https:\/\/api.w.org\/{rel}","templated":true}]}}