{"id":6536,"date":"2024-04-30T16:18:00","date_gmt":"2024-04-30T21:18:00","guid":{"rendered":"https:\/\/miempresacircular.pe\/?p=6536"},"modified":"2024-05-03T17:25:03","modified_gmt":"2024-05-03T22:25:03","slug":"arranco-la-ideathon-iniciando-el-camino-para-la-circularidad","status":"publish","type":"post","link":"https:\/\/desarrollo.infobox.com.pe\/miempresacircular\/2024\/04\/30\/arranco-la-ideathon-iniciando-el-camino-para-la-circularidad\/","title":{"rendered":"Arranc\u00f3 la Ideathon: \u00a1Iniciando el camino para la Circularidad!"},"content":{"rendered":"\t\t<div data-elementor-type=\"wp-post\" data-elementor-id=\"6536\" class=\"elementor elementor-6536\">\n\t\t\t\t\t\t\t\t\t<section class=\"elementor-section elementor-top-section elementor-element elementor-element-ae89fe5 elementor-section-boxed elementor-section-height-default elementor-section-height-default\" data-id=\"ae89fe5\" data-element_type=\"section\">\n\t\t\t\t\t\t<div class=\"elementor-container elementor-column-gap-default\">\n\t\t\t\t\t<div class=\"elementor-column elementor-col-100 elementor-top-column elementor-element elementor-element-f8b1914\" data-id=\"f8b1914\" data-element_type=\"column\">\n\t\t\t<div class=\"elementor-widget-wrap elementor-element-populated\">\n\t\t\t\t\t\t\t\t<div class=\"elementor-element elementor-element-6b3e930 elementor-widget elementor-widget-text-editor\" data-id=\"6b3e930\" data-element_type=\"widget\" data-widget_type=\"text-editor.default\">\n\t\t\t\t<div class=\"elementor-widget-container\">\n\t\t\t<style>\/*! elementor - v3.9.0 - 06-12-2022 *\/\n.elementor-widget-text-editor.elementor-drop-cap-view-stacked .elementor-drop-cap{background-color:#818a91;color:#fff}.elementor-widget-text-editor.elementor-drop-cap-view-framed .elementor-drop-cap{color:#818a91;border:3px solid;background-color:transparent}.elementor-widget-text-editor:not(.elementor-drop-cap-view-default) .elementor-drop-cap{margin-top:8px}.elementor-widget-text-editor:not(.elementor-drop-cap-view-default) .elementor-drop-cap-letter{width:1em;height:1em}.elementor-widget-text-editor .elementor-drop-cap{float:left;text-align:center;line-height:1;font-size:50px}.elementor-widget-text-editor .elementor-drop-cap-letter{display:inline-block}<\/style>\t\t\t\t<p class=\"cvGsUA direction-ltr align-justify para-style-body\"><span class=\"OYPEnA text-decoration-none text-strikethrough-none\">Del 20 de abril al 4 de mayo se lleva a cabo la primera edici\u00f3n del Ideathon: Iniciando el camino para la Circularidad. Esta iniciativa tiene por objetivo identificar las problem\u00e1ticas que enfrentan empresas de los sectores textiles y pl\u00e1stico, y que puedan ser abordados de manera colaborativa.<\/span><\/p><p class=\"cvGsUA direction-ltr align-justify para-style-body\"><span style=\"font-weight: var( --e-global-typography-text-font-weight );\">A partir de ello, se busca generar soluciones pr\u00e1cticas que puedan ser aplicadas en las empresas para avanzar hacia la econom\u00eda circular en base a los ejes: en segregaci\u00f3n, reciclaje, rescate, mantenimiento y reparaci\u00f3n, reutilizaci\u00f3n, eficiencia, modelos de negocio circulares y ecodise\u00f1o.<\/span><\/p><p class=\"cvGsUA direction-ltr align-justify para-style-body\"><span style=\"font-weight: var( --e-global-typography-text-font-weight );\">En esa l\u00ednea, son seis equipos conformados por estudiantes, profesores y expertos en econom\u00eda circular que vienen poniendo a prueba toda su creatividad y potencial para idear soluciones circulares replicables, de alto impacto, bajo costo y r\u00e1pida ejecuci\u00f3n. Ello incluye determinar los recursos necesarios para que las empresas puedan cumplir con las recomendaciones identificadas: actores regionales que pueda brindar asistencia t\u00e9cnica u otros recursos que faciliten alcanzar la recomendaci\u00f3n.<\/span><\/p><p class=\"cvGsUA direction-ltr align-justify para-style-body\"><span style=\"font-weight: var( --e-global-typography-text-font-weight );\">Estas soluciones se dise\u00f1an a partir del an\u00e1lisis de los casos reales de las empresas participantes: Textil El Amazonas, Amcor, TEXTGROUP, CREAPLAST, Topitop, TDV Textil del Valle y Pamolsa. De esta forma, se busca motivar a los empresarios\/as a implementar las soluciones que contribuyen a la prevenci\u00f3n de los efectos del cambio clim\u00e1tico y a la sostenibilidad de sus empresas.<\/span><\/p><p class=\"cvGsUA direction-ltr align-justify para-style-body\"><span style=\"font-weight: var( --e-global-typography-text-font-weight );\">Esta acci\u00f3n se realiza en el marco de la Comisi\u00f3n por una Econom\u00eda Circular Manufacturera en Per\u00fa \u2013 Mi Empresa Circular, liderada por el Ministerio de la Producci\u00f3n \u2013 PRODUCE, con el apoyo de la cooperaci\u00f3n alemana para el desarrollo, implementada por la GIZ, junto a la UTEC, la SNI, PRODUCE, y la Uni\u00f3n Europea.<\/span><\/p>\t\t\t\t\t\t<\/div>\n\t\t\t\t<\/div>\n\t\t\t\t\t<\/div>\n\t\t<\/div>\n\t\t\t\t\t\t\t<\/div>\n\t\t<\/section>\n\t\t\t\t\t\t\t<\/div>\n\t\t","protected":false},"excerpt":{"rendered":"<p>Del 20 de abril al 4 de mayo se lleva a cabo la primera edici\u00f3n del Ideathon: Iniciando el camino para la Circularidad. Esta iniciativa tiene por objetivo identificar las problem\u00e1ticas que enfrentan empresas de los sectores textiles y pl\u00e1stico, y que puedan ser abordados de manera colaborativa. A partir de ello, se busca generar [&hellip;]<\/p>\n","protected":false},"author":6,"featured_media":6539,"comment_status":"open","ping_status":"open","sticky":false,"template":"","format":"standard","meta":{"footnotes":""},"categories":[64,42],"tags":[178,177,155,144,179],"class_list":["post-6536","post","type-post","status-publish","format-standard","has-post-thumbnail","hentry","category-noticias","category-novedades","tag-ideathon","tag-innovacion","tag-plastico","tag-sostenibilidad","tag-textiles"],"_links":{"self":[{"href":"https:\/\/desarrollo.infobox.com.pe\/miempresacircular\/wp-json\/wp\/v2\/posts\/6536","targetHints":{"allow":["GET"]}}],"collection":[{"href":"https:\/\/desarrollo.infobox.com.pe\/miempresacircular\/wp-json\/wp\/v2\/posts"}],"about":[{"href":"https:\/\/desarrollo.infobox.com.pe\/miempresacircular\/wp-json\/wp\/v2\/types\/post"}],"author":[{"embeddable":true,"href":"https:\/\/desarrollo.infobox.com.pe\/miempresacircular\/wp-json\/wp\/v2\/users\/6"}],"replies":[{"embeddable":true,"href":"https:\/\/desarrollo.infobox.com.pe\/miempresacircular\/wp-json\/wp\/v2\/comments?post=6536"}],"version-history":[{"count":4,"href":"https:\/\/desarrollo.infobox.com.pe\/miempresacircular\/wp-json\/wp\/v2\/posts\/6536\/revisions"}],"predecessor-version":[{"id":6542,"href":"https:\/\/desarrollo.infobox.com.pe\/miempresacircular\/wp-json\/wp\/v2\/posts\/6536\/revisions\/6542"}],"wp:featuredmedia":[{"embeddable":true,"href":"https:\/\/desarrollo.infobox.com.pe\/miempresacircular\/wp-json\/wp\/v2\/media\/6539"}],"wp:attachment":[{"href":"https:\/\/desarrollo.infobox.com.pe\/miempresacircular\/wp-json\/wp\/v2\/media?parent=6536"}],"wp:term":[{"taxonomy":"category","embeddable":true,"href":"https:\/\/desarrollo.infobox.com.pe\/miempresacircular\/wp-json\/wp\/v2\/categories?post=6536"},{"taxonomy":"post_tag","embeddable":true,"href":"https:\/\/desarrollo.infobox.com.pe\/miempresacircular\/wp-json\/wp\/v2\/tags?post=6536"}],"curies":[{"name":"wp","href":"https:\/\/api.w.org\/{rel}","templated":true}]}}