{"id":6543,"date":"2024-04-16T16:25:43","date_gmt":"2024-04-16T21:25:43","guid":{"rendered":"https:\/\/miempresacircular.pe\/?p=6543"},"modified":"2024-05-10T14:32:14","modified_gmt":"2024-05-10T19:32:14","slug":"produce-realizo-seminario-alcances-de-la-economia-circular-para-el-programa-compras-a-myperu","status":"publish","type":"post","link":"https:\/\/desarrollo.infobox.com.pe\/miempresacircular\/2024\/04\/16\/produce-realizo-seminario-alcances-de-la-economia-circular-para-el-programa-compras-a-myperu\/","title":{"rendered":"PRODUCE realiz\u00f3 seminario \u201cAlcances de la Econom\u00eda Circular para el Programa Compras a MYPEr\u00fa\u201d"},"content":{"rendered":"\t\t<div data-elementor-type=\"wp-post\" data-elementor-id=\"6543\" class=\"elementor elementor-6543\">\n\t\t\t\t\t\t\t\t\t<section class=\"elementor-section elementor-top-section elementor-element elementor-element-4b128eb elementor-section-boxed elementor-section-height-default elementor-section-height-default\" data-id=\"4b128eb\" data-element_type=\"section\">\n\t\t\t\t\t\t<div class=\"elementor-container elementor-column-gap-default\">\n\t\t\t\t\t<div class=\"elementor-column elementor-col-100 elementor-top-column elementor-element elementor-element-d4474bb\" data-id=\"d4474bb\" data-element_type=\"column\">\n\t\t\t<div class=\"elementor-widget-wrap elementor-element-populated\">\n\t\t\t\t\t\t\t\t<div class=\"elementor-element elementor-element-b825b35 elementor-widget elementor-widget-text-editor\" data-id=\"b825b35\" data-element_type=\"widget\" data-widget_type=\"text-editor.default\">\n\t\t\t\t<div class=\"elementor-widget-container\">\n\t\t\t<style>\/*! elementor - v3.9.0 - 06-12-2022 *\/\n.elementor-widget-text-editor.elementor-drop-cap-view-stacked .elementor-drop-cap{background-color:#818a91;color:#fff}.elementor-widget-text-editor.elementor-drop-cap-view-framed .elementor-drop-cap{color:#818a91;border:3px solid;background-color:transparent}.elementor-widget-text-editor:not(.elementor-drop-cap-view-default) .elementor-drop-cap{margin-top:8px}.elementor-widget-text-editor:not(.elementor-drop-cap-view-default) .elementor-drop-cap-letter{width:1em;height:1em}.elementor-widget-text-editor .elementor-drop-cap{float:left;text-align:center;line-height:1;font-size:50px}.elementor-widget-text-editor .elementor-drop-cap-letter{display:inline-block}<\/style>\t\t\t\t<p><span class=\"OYPEnA text-decoration-none text-strikethrough-none\">El 17 de abril del 2024, la Direcci\u00f3n General de Asuntos Ambientales de Industria (DGAAMI) del Ministerio de la Producci\u00f3n \u2013 PRODUCE, con apoyo de la cooperaci\u00f3n alemana para el desarrollo, implementada por la GIZ, a trav\u00e9s del proyecto Econom\u00eda Circular para un Desarrollo Urbano Amigable con el Clima \u2013 KLW, llevo a cabo el seminario \u201cAlcances de la Econom\u00eda Circular para el Programa Nacional Compras a MYPEr\u00fa\u201d. El Programa Nacional Compras a MYPEr\u00fa, del PRODUCE, tiene como objetivo impulsar la participaci\u00f3n de las micro y peque\u00f1as empresas (MYPE) en las compras del Estado, a trav\u00e9s del Proceso Especial de Compras, bajo el modelo de N\u00facleos Ejecutores de Compras (NEC).<\/span><\/p>\n<p class=\"cvGsUA direction-ltr align-justify para-style-body\"><span class=\"OYPEnA text-decoration-none text-strikethrough-none\">Este primer seminario fue dirigido a las MYPE del sector textil- confecciones con el objetivo de brindarles una capacitaci\u00f3n b\u00e1sica sobre Econom\u00eda Circular. De esta forma, m\u00e1s de 100 participantes, de forma presencial pudieron conocer c\u00f3mo se aplica la econom\u00eda circular en el sector textil y confecciones en el Per\u00fa y en el mundo, de la mano de expertos nacionales e internacionales.<\/span><\/p>\n<p class=\"cvGsUA direction-ltr align-justify para-style-body\"><span style=\"font-weight: var( --e-global-typography-text-font-weight );\">Es importante destacar que esta primera sesi\u00f3n presencial se desarrolla en el marco del programa de capacitaci\u00f3n PROCIRCULARIDAD, que tiene por objetivo establecer una ruta metodol\u00f3gica que permita promover la inclusi\u00f3n transversal de la EC en las micro, peque\u00f1as y medianas empresas (mipyme). As\u00ed, por medio de PROCIRCULARIDAD, las empresas pueden acceder a herramientas para iniciar la transici\u00f3n hacia la econom\u00eda circular, lo que les permitir\u00e1 a aumentar la productividad, rentabilidad y resiliencia de sus empresas.<\/span><br><\/p>\n<p class=\"cvGsUA direction-ltr align-justify para-style-body\"><span style=\"font-weight: var( --e-global-typography-text-font-weight );\">El evento fue clausurado por la, en ese entonces, viceministra de MYPE e Industria del PRODUCE, Noela Pantoja, quien destac\u00f3 que el objetivo de realizar seminarios es alcanzar y beneficiar a 5000 MYPE. En esa l\u00ednea, anunci\u00f3 que en el 2024 se realizar\u00e1n m\u00e1s eventos para MYPE de otros sectores como cuero-calzado, mueble-madera y metalmec\u00e1nica.<\/span><br><\/p>\n<p class=\"cvGsUA direction-ltr align-justify para-style-body\"><span style=\"font-weight: var( --e-global-typography-text-font-weight );\">De esta forma, se promueve la inclusi\u00f3n de la Econom\u00eda Circular en las empresas, por medio de la sensibilizaci\u00f3n y capacitaci\u00f3n sobre el uso de herramientas y recursos para su implementaci\u00f3n efectiva.<\/span><br><\/p>\t\t\t\t\t\t<\/div>\n\t\t\t\t<\/div>\n\t\t\t\t\t<\/div>\n\t\t<\/div>\n\t\t\t\t\t\t\t<\/div>\n\t\t<\/section>\n\t\t\t\t\t\t\t<\/div>\n\t\t","protected":false},"excerpt":{"rendered":"<p>El 17 de abril del 2024, la Direcci\u00f3n General de Asuntos Ambientales de Industria (DGAAMI) del Ministerio de la Producci\u00f3n \u2013 PRODUCE, con apoyo de la cooperaci\u00f3n alemana para el desarrollo, implementada por la GIZ, a trav\u00e9s del proyecto Econom\u00eda Circular para un Desarrollo Urbano Amigable con el Clima \u2013 KLW, llevo a cabo el [&hellip;]<\/p>\n","protected":false},"author":6,"featured_media":6545,"comment_status":"open","ping_status":"open","sticky":false,"template":"","format":"standard","meta":{"footnotes":""},"categories":[195,64,42],"tags":[141,173,174],"class_list":["post-6543","post","type-post","status-publish","format-standard","has-post-thumbnail","hentry","category-funcionarios","category-noticias","category-novedades","tag-economia-circular","tag-procircular","tag-pyme"],"_links":{"self":[{"href":"https:\/\/desarrollo.infobox.com.pe\/miempresacircular\/wp-json\/wp\/v2\/posts\/6543","targetHints":{"allow":["GET"]}}],"collection":[{"href":"https:\/\/desarrollo.infobox.com.pe\/miempresacircular\/wp-json\/wp\/v2\/posts"}],"about":[{"href":"https:\/\/desarrollo.infobox.com.pe\/miempresacircular\/wp-json\/wp\/v2\/types\/post"}],"author":[{"embeddable":true,"href":"https:\/\/desarrollo.infobox.com.pe\/miempresacircular\/wp-json\/wp\/v2\/users\/6"}],"replies":[{"embeddable":true,"href":"https:\/\/desarrollo.infobox.com.pe\/miempresacircular\/wp-json\/wp\/v2\/comments?post=6543"}],"version-history":[{"count":4,"href":"https:\/\/desarrollo.infobox.com.pe\/miempresacircular\/wp-json\/wp\/v2\/posts\/6543\/revisions"}],"predecessor-version":[{"id":6548,"href":"https:\/\/desarrollo.infobox.com.pe\/miempresacircular\/wp-json\/wp\/v2\/posts\/6543\/revisions\/6548"}],"wp:featuredmedia":[{"embeddable":true,"href":"https:\/\/desarrollo.infobox.com.pe\/miempresacircular\/wp-json\/wp\/v2\/media\/6545"}],"wp:attachment":[{"href":"https:\/\/desarrollo.infobox.com.pe\/miempresacircular\/wp-json\/wp\/v2\/media?parent=6543"}],"wp:term":[{"taxonomy":"category","embeddable":true,"href":"https:\/\/desarrollo.infobox.com.pe\/miempresacircular\/wp-json\/wp\/v2\/categories?post=6543"},{"taxonomy":"post_tag","embeddable":true,"href":"https:\/\/desarrollo.infobox.com.pe\/miempresacircular\/wp-json\/wp\/v2\/tags?post=6543"}],"curies":[{"name":"wp","href":"https:\/\/api.w.org\/{rel}","templated":true}]}}