{"id":6549,"date":"2024-04-23T16:34:22","date_gmt":"2024-04-23T21:34:22","guid":{"rendered":"https:\/\/miempresacircular.pe\/?p=6549"},"modified":"2024-05-03T16:44:48","modified_gmt":"2024-05-03T21:44:48","slug":"mujeres-futuro-circular-pioneras-en-la-transformacion-empresarial-hacia-una-economia-circular","status":"publish","type":"post","link":"https:\/\/desarrollo.infobox.com.pe\/miempresacircular\/2024\/04\/23\/mujeres-futuro-circular-pioneras-en-la-transformacion-empresarial-hacia-una-economia-circular\/","title":{"rendered":"Mujeres Futuro Circular: Pioneras en la Transformaci\u00f3n Empresarial hacia una Econom\u00eda Circular"},"content":{"rendered":"\t\t<div data-elementor-type=\"wp-post\" data-elementor-id=\"6549\" class=\"elementor elementor-6549\">\n\t\t\t\t\t\t\t\t\t<section class=\"elementor-section elementor-top-section elementor-element elementor-element-8f088b5 elementor-section-boxed elementor-section-height-default elementor-section-height-default\" data-id=\"8f088b5\" data-element_type=\"section\">\n\t\t\t\t\t\t<div class=\"elementor-container elementor-column-gap-default\">\n\t\t\t\t\t<div class=\"elementor-column elementor-col-100 elementor-top-column elementor-element elementor-element-78ca1dc\" data-id=\"78ca1dc\" data-element_type=\"column\">\n\t\t\t<div class=\"elementor-widget-wrap elementor-element-populated\">\n\t\t\t\t\t\t\t\t<div class=\"elementor-element elementor-element-6f0e6a2 elementor-widget elementor-widget-text-editor\" data-id=\"6f0e6a2\" data-element_type=\"widget\" data-widget_type=\"text-editor.default\">\n\t\t\t\t<div class=\"elementor-widget-container\">\n\t\t\t<style>\/*! elementor - v3.9.0 - 06-12-2022 *\/\n.elementor-widget-text-editor.elementor-drop-cap-view-stacked .elementor-drop-cap{background-color:#818a91;color:#fff}.elementor-widget-text-editor.elementor-drop-cap-view-framed .elementor-drop-cap{color:#818a91;border:3px solid;background-color:transparent}.elementor-widget-text-editor:not(.elementor-drop-cap-view-default) .elementor-drop-cap{margin-top:8px}.elementor-widget-text-editor:not(.elementor-drop-cap-view-default) .elementor-drop-cap-letter{width:1em;height:1em}.elementor-widget-text-editor .elementor-drop-cap{float:left;text-align:center;line-height:1;font-size:50px}.elementor-widget-text-editor .elementor-drop-cap-letter{display:inline-block}<\/style>\t\t\t\t<p class=\"cvGsUA direction-ltr align-justify para-style-body\"><a class=\"OYPEnA text-decoration-none text-strikethrough-none\" draggable=\"false\" href=\"https:\/\/miempresacircular.pe\/2024\/03\/25\/ciclo-de-conferencias-internacionales-en-economia-circular\/\" target=\"_blank\" rel=\"noopener\">n el marco de la Campa\u00f1a Mujeres Futuro Circular, que destac\u00f3 las historias inspiradoras de ocho mujeres l\u00edderes que est\u00e1n redefiniendo los l\u00edmites de la econom\u00eda circular y la sostenibilidad, se realiz\u00f3 el evento de reconocimiento \u201cPioneras en la transformaci\u00f3n empresarial hacia una econom\u00eda circular\u201d.<\/a><\/p>\n<p class=\"cvGsUA direction-ltr align-justify para-style-body\"><span style=\"font-weight: var( --e-global-typography-text-font-weight );\">El evento, realizado el 18 de abril, cont\u00f3 con presencia de la embajadora de Alemania en Per\u00fa, Sabine Bloch; junto al embajador de la Uni\u00f3n Europea en Per\u00fa, Gaspar Frontini; el rector de la Universidad de Lima, \u00d3scar Quezada, y la, en ese entonces, viceministra de MYPE e Industria del Ministerio de la Producci\u00f3n, Noela Pantoja.<\/span><\/p>\n<p class=\"cvGsUA direction-ltr align-justify para-style-body\"><span class=\"OYPEnA text-decoration-none text-strikethrough-none\">La embajadora, Sabine Bloch, destac\u00f3 que Alemania, como parte del equipo Europa, felicita el ejemplo y liderazgo de las ocho mujere reconocidas por su contribuci\u00f3n al impulso de negocios amigables con el medio ambiente. Asimismo, destac\u00f3 que, en el marco de la Alianza por el Clima entre Per\u00fa y Alemania, las mujeres son una fuerza motriz clave para hacer frente al cambio clim\u00e1tico, en pro de un futuro m\u00e1s sostenible y equitativo.<\/span><\/p>\n<p class=\"cvGsUA direction-ltr align-justify para-style-body\"><span style=\"font-weight: var( --e-global-typography-text-font-weight );\">De igual forma, en la l\u00ednea de la pol\u00edtica exterior y de desarrollo feminista, para el gobierno alem\u00e1n es prioritario promover la representaci\u00f3n y participaci\u00f3n de las mujeres en el \u00e1mbito empresarial. Ello es importante para potenciar los negocios circulares y caminar hacia una sociedad global m\u00e1s justa y pr\u00f3spera. En ese sentido, la cooperaci\u00f3n alemana para el desarrollo, implementada por la GIZ, a trav\u00e9s del proyecto Econom\u00eda Circular para un Desarrollo Urbano con el Clima \u2013 KLW, apoya al Ministerio de la Producci\u00f3n, que lidera la Comisi\u00f3n por una Econom\u00eda Circular Manufactuera en Per\u00fa \u2013 Mi Empresa Circular para desarrollar iniciativas que fortalecen las capacidades de las empresarias que cuentan con una micro, peque\u00f1a y mediana empresa manufacturera.<\/span><br><\/p>\n<p class=\"cvGsUA direction-ltr align-justify para-style-body\"><span style=\"font-weight: var( --e-global-typography-text-font-weight );\">Este es el caso de Daysi Lozano, de la empresa Away, dedicada a la confecci\u00f3n de prendas textiles haciendo un uso responsable de la fibra de alpaca. Con el apoyo recibido, Daysi pudo seguir potenciando su negocio y lograr \u00e9xitos aplicando la Econom\u00eda Circular. Por el gran trabajo que ha venido realizando, la empresaria fue destacada en la ceremonia de reconocimiento de la campa\u00f1a Mujeres Futuro Circular, recibiendo una especial menci\u00f3n por parte de la embajadora de Alemania y la ex viceministra de MYPE e Industria. As\u00ed, Per\u00fa y Alemania siguen trabajando juntos por futuro circular inclusivo y justo, brindando oportunidades a m\u00e1s mujeres para que se conviertan en l\u00edderes del cambio sostenible, pioneras en la transformaci\u00f3n empresarial hacia una Econom\u00eda Circular.<\/span><br><\/p>\t\t\t\t\t\t<\/div>\n\t\t\t\t<\/div>\n\t\t\t\t\t<\/div>\n\t\t<\/div>\n\t\t\t\t\t\t\t<\/div>\n\t\t<\/section>\n\t\t\t\t\t\t\t<\/div>\n\t\t","protected":false},"excerpt":{"rendered":"<p>n el marco de la Campa\u00f1a Mujeres Futuro Circular, que destac\u00f3 las historias inspiradoras de ocho mujeres l\u00edderes que est\u00e1n redefiniendo los l\u00edmites de la econom\u00eda circular y la sostenibilidad, se realiz\u00f3 el evento de reconocimiento \u201cPioneras en la transformaci\u00f3n empresarial hacia una econom\u00eda circular\u201d. El evento, realizado el 18 de abril, cont\u00f3 con presencia [&hellip;]<\/p>\n","protected":false},"author":6,"featured_media":6553,"comment_status":"open","ping_status":"open","sticky":false,"template":"","format":"standard","meta":{"footnotes":""},"categories":[1],"tags":[141,172,151],"class_list":["post-6549","post","type-post","status-publish","format-standard","has-post-thumbnail","hentry","category-sin-categoria","tag-economia-circular","tag-igualdad-de-genero","tag-mipyme"],"_links":{"self":[{"href":"https:\/\/desarrollo.infobox.com.pe\/miempresacircular\/wp-json\/wp\/v2\/posts\/6549","targetHints":{"allow":["GET"]}}],"collection":[{"href":"https:\/\/desarrollo.infobox.com.pe\/miempresacircular\/wp-json\/wp\/v2\/posts"}],"about":[{"href":"https:\/\/desarrollo.infobox.com.pe\/miempresacircular\/wp-json\/wp\/v2\/types\/post"}],"author":[{"embeddable":true,"href":"https:\/\/desarrollo.infobox.com.pe\/miempresacircular\/wp-json\/wp\/v2\/users\/6"}],"replies":[{"embeddable":true,"href":"https:\/\/desarrollo.infobox.com.pe\/miempresacircular\/wp-json\/wp\/v2\/comments?post=6549"}],"version-history":[{"count":4,"href":"https:\/\/desarrollo.infobox.com.pe\/miempresacircular\/wp-json\/wp\/v2\/posts\/6549\/revisions"}],"predecessor-version":[{"id":6556,"href":"https:\/\/desarrollo.infobox.com.pe\/miempresacircular\/wp-json\/wp\/v2\/posts\/6549\/revisions\/6556"}],"wp:featuredmedia":[{"embeddable":true,"href":"https:\/\/desarrollo.infobox.com.pe\/miempresacircular\/wp-json\/wp\/v2\/media\/6553"}],"wp:attachment":[{"href":"https:\/\/desarrollo.infobox.com.pe\/miempresacircular\/wp-json\/wp\/v2\/media?parent=6549"}],"wp:term":[{"taxonomy":"category","embeddable":true,"href":"https:\/\/desarrollo.infobox.com.pe\/miempresacircular\/wp-json\/wp\/v2\/categories?post=6549"},{"taxonomy":"post_tag","embeddable":true,"href":"https:\/\/desarrollo.infobox.com.pe\/miempresacircular\/wp-json\/wp\/v2\/tags?post=6549"}],"curies":[{"name":"wp","href":"https:\/\/api.w.org\/{rel}","templated":true}]}}