{"id":6606,"date":"2024-05-09T04:58:22","date_gmt":"2024-05-09T09:58:22","guid":{"rendered":"https:\/\/miempresacircular.pe\/?p=6606"},"modified":"2024-05-09T04:58:58","modified_gmt":"2024-05-09T09:58:58","slug":"programa-de-ecoemprendedores-juveniles-2025","status":"publish","type":"post","link":"https:\/\/desarrollo.infobox.com.pe\/miempresacircular\/2024\/05\/09\/programa-de-ecoemprendedores-juveniles-2025\/","title":{"rendered":"Programa de Ecoemprendedores Juveniles 2025"},"content":{"rendered":"<div id=\"pl-6606\"  class=\"panel-layout\" ><div id=\"pg-6606-0\"  class=\"panel-grid panel-no-style\" ><div id=\"pgc-6606-0-0\"  class=\"panel-grid-cell\" ><div id=\"panel-6606-0-0-0\" class=\"so-panel widget widget_sow-editor panel-first-child panel-last-child\" data-index=\"0\" ><div\n\t\t\t\n\t\t\tclass=\"so-widget-sow-editor so-widget-sow-editor-base\"\n\t\t\t\n\t\t>\n<div class=\"siteorigin-widget-tinymce textwidget\">\n\t<p class=\"cvGsUA direction-ltr align-start para-style-body\"><span class=\"OYPEnA text-decoration-none text-strikethrough-none\">Programa colaborativo de Ye! Comunidad\/International Trade Center y la Iniciativa Mundial sobre la Tierra del G20. Aplicado para j\u00f3venes emprendedores (menor de 35 a\u00f1os) que lideran un negocio verde, especialmente en el campo de la restauraci\u00f3n de tierras, gesti\u00f3n sostenible de la tierra y otros temas ambientales.<\/span><\/p>\n<p class=\"cvGsUA direction-ltr align-start para-style-body\"><span class=\"OYPEnA text-decoration-none text-strikethrough-none\">El programa se lleva a cabo en colaboraci\u00f3n con la OMPI, Sidley y Google Startup for Sustainable Development.<\/span><\/p>\n<p class=\"cvGsUA direction-ltr align-start para-style-body\"><span class=\"OYPEnA text-decoration-none text-strikethrough-none\">El programa integral en 2025 ofrece:<\/span><\/p>\n<ul>\n<li><strong><span class=\"OYPEnA text-decoration-none text-strikethrough-none\">Bootcamp global<\/span><\/strong><span class=\"OYPEnA text-decoration-none text-strikethrough-none\"><strong>:<\/strong> desarrolle habilidades fundamentales en preparaci\u00f3n para inversiones, propuestas y otros temas cruciales para j\u00f3venes emprendedores.<\/span><\/li>\n<li><strong><span class=\"OYPEnA text-decoration-none text-strikethrough-none\">Acelerador global<\/span><\/strong><span class=\"OYPEnA text-decoration-none text-strikethrough-none\"><strong>:<\/strong> acceda a capacitaci\u00f3n, tutor\u00eda y apoyo personalizados para escalar su negocio ecol\u00f3gico.<\/span><\/li>\n<li><strong><span class=\"OYPEnA text-decoration-none text-strikethrough-none\">Premio J\u00f3venes Ecopreneur<\/span><\/strong><span class=\"OYPEnA text-decoration-none text-strikethrough-none\"><strong>:<\/strong> Aprovecha la oportunidad de ganar un prestigioso premio, obteniendo reconocimiento y premio en met\u00e1lico al finalizar el programa.<\/span><\/li>\n<\/ul>\n<p>\u00bfTienes curiosidad por saber qu\u00e9 esperar? Explora ediciones pasadas y conoce a los ganadores de los Premios J\u00f3venes Ecopreneur '23.<\/p>\n<p><strong>CONOCE M\u00c1S AQU\u00cd<\/strong><br \/>\n<a href=\"https:\/\/social.yecommunity.com\/page\/youth-ecopreneur-programme\" target=\"_blank\" rel=\"noopener\">https:\/\/social.yecommunity.com\/page\/youth-ecopreneur-programme<\/a><\/p>\n<p><strong>PREMIOS<\/strong><\/p>\n<ul>\n<li><span class=\"OYPEnA text-decoration-none text-strikethrough-none\">Viaje con todos los gastos pagados a la conferencia internacional<\/span><\/li>\n<li><span class=\"OYPEnA text-decoration-none text-strikethrough-none\">Desarrollo de capacidades presenciales<\/span><\/li>\n<li><span class=\"OYPEnA text-decoration-none text-strikethrough-none\">Entrenamiento y entrenamiento personalizado<\/span><\/li>\n<li><span class=\"OYPEnA text-decoration-none text-strikethrough-none\">Visibilidad con las partes interesadas y los inversores<\/span><\/li>\n<li><span class=\"OYPEnA text-decoration-none text-strikethrough-none\">Premios especiales de los socios<\/span><\/li>\n<li><span class=\"OYPEnA text-decoration-none text-strikethrough-none\">Gana el Premio Ecoemprendedor Juvenil y obt\u00e9n un premio en met\u00e1lico de $10,000 USD<\/span><\/li>\n<\/ul>\n<p><strong>Inscr\u00edbete aqu\u00ed<\/strong><br \/>\n<a href=\"https:\/\/surveys.intracen.org\/response\/G2tIYnJbRgUKZFNxVlJ6S0d-cXs\" target=\"_blank\" rel=\"noopener\">https:\/\/surveys.intracen.org\/response\/G2tIYnJbRgUKZFNxVlJ6S0d-cXs<\/a><\/p>\n<\/div>\n<\/div><\/div><\/div><\/div><\/div>","protected":false},"excerpt":{"rendered":"<p>Programa colaborativo de Ye! Comunidad\/International Trade Center y la Iniciativa Mundial sobre la Tierra del G20. Aplicado para j\u00f3venes emprendedores (menor de 35 a\u00f1os) que lideran un negocio verde, especialmente en el campo de la restauraci\u00f3n de tierras, gesti\u00f3n sostenible de la tierra y otros temas ambientales. El programa se lleva a cabo en colaboraci\u00f3n [&hellip;]<\/p>\n","protected":false},"author":1,"featured_media":6607,"comment_status":"open","ping_status":"open","sticky":false,"template":"","format":"standard","meta":{"footnotes":""},"categories":[184],"tags":[154,189,190,155,188],"class_list":["post-6606","post","type-post","status-publish","format-standard","has-post-thumbnail","hentry","category-financiamiento-internacional","tag-agroindustria","tag-cuero-y-calzado","tag-mobiliario","tag-plastico","tag-textil-y-confecciones"],"_links":{"self":[{"href":"https:\/\/desarrollo.infobox.com.pe\/miempresacircular\/wp-json\/wp\/v2\/posts\/6606","targetHints":{"allow":["GET"]}}],"collection":[{"href":"https:\/\/desarrollo.infobox.com.pe\/miempresacircular\/wp-json\/wp\/v2\/posts"}],"about":[{"href":"https:\/\/desarrollo.infobox.com.pe\/miempresacircular\/wp-json\/wp\/v2\/types\/post"}],"author":[{"embeddable":true,"href":"https:\/\/desarrollo.infobox.com.pe\/miempresacircular\/wp-json\/wp\/v2\/users\/1"}],"replies":[{"embeddable":true,"href":"https:\/\/desarrollo.infobox.com.pe\/miempresacircular\/wp-json\/wp\/v2\/comments?post=6606"}],"version-history":[{"count":1,"href":"https:\/\/desarrollo.infobox.com.pe\/miempresacircular\/wp-json\/wp\/v2\/posts\/6606\/revisions"}],"predecessor-version":[{"id":6608,"href":"https:\/\/desarrollo.infobox.com.pe\/miempresacircular\/wp-json\/wp\/v2\/posts\/6606\/revisions\/6608"}],"wp:featuredmedia":[{"embeddable":true,"href":"https:\/\/desarrollo.infobox.com.pe\/miempresacircular\/wp-json\/wp\/v2\/media\/6607"}],"wp:attachment":[{"href":"https:\/\/desarrollo.infobox.com.pe\/miempresacircular\/wp-json\/wp\/v2\/media?parent=6606"}],"wp:term":[{"taxonomy":"category","embeddable":true,"href":"https:\/\/desarrollo.infobox.com.pe\/miempresacircular\/wp-json\/wp\/v2\/categories?post=6606"},{"taxonomy":"post_tag","embeddable":true,"href":"https:\/\/desarrollo.infobox.com.pe\/miempresacircular\/wp-json\/wp\/v2\/tags?post=6606"}],"curies":[{"name":"wp","href":"https:\/\/api.w.org\/{rel}","templated":true}]}}