{"id":6793,"date":"2024-05-13T16:51:12","date_gmt":"2024-05-13T21:51:12","guid":{"rendered":"https:\/\/miempresacircular.pe\/?p=6793"},"modified":"2025-06-04T18:31:37","modified_gmt":"2025-06-04T23:31:37","slug":"fussion-economia-circular-en-el-sector-plastico","status":"publish","type":"post","link":"https:\/\/desarrollo.infobox.com.pe\/miempresacircular\/2024\/05\/13\/fussion-economia-circular-en-el-sector-plastico\/","title":{"rendered":"FUSSION: Econom\u00eda circular en el sector pl\u00e1stico"},"content":{"rendered":"\t\t<div data-elementor-type=\"wp-post\" data-elementor-id=\"6793\" class=\"elementor elementor-6793\">\n\t\t\t\t\t\t\t\t\t<section class=\"elementor-section elementor-top-section elementor-element elementor-element-f7694f1 elementor-section-boxed elementor-section-height-default elementor-section-height-default\" data-id=\"f7694f1\" data-element_type=\"section\">\n\t\t\t\t\t\t<div class=\"elementor-container elementor-column-gap-default\">\n\t\t\t\t\t<div class=\"elementor-column elementor-col-100 elementor-top-column elementor-element elementor-element-8e7d40d\" data-id=\"8e7d40d\" data-element_type=\"column\">\n\t\t\t<div class=\"elementor-widget-wrap elementor-element-populated\">\n\t\t\t\t\t\t\t\t<div class=\"elementor-element elementor-element-c961463 elementor-widget elementor-widget-text-editor\" data-id=\"c961463\" data-element_type=\"widget\" data-widget_type=\"text-editor.default\">\n\t\t\t\t<div class=\"elementor-widget-container\">\n\t\t\t<style>\/*! elementor - v3.9.0 - 06-12-2022 *\/\n.elementor-widget-text-editor.elementor-drop-cap-view-stacked .elementor-drop-cap{background-color:#818a91;color:#fff}.elementor-widget-text-editor.elementor-drop-cap-view-framed .elementor-drop-cap{color:#818a91;border:3px solid;background-color:transparent}.elementor-widget-text-editor:not(.elementor-drop-cap-view-default) .elementor-drop-cap{margin-top:8px}.elementor-widget-text-editor:not(.elementor-drop-cap-view-default) .elementor-drop-cap-letter{width:1em;height:1em}.elementor-widget-text-editor .elementor-drop-cap{float:left;text-align:center;line-height:1;font-size:50px}.elementor-widget-text-editor .elementor-drop-cap-letter{display:inline-block}<\/style>\t\t\t\t<p><span class=\"yt-core-attributed-string--link-inherit-color\">Conoce a<strong> FUSSION<\/strong>, una marca peruana de moda sostenible que trabaja a favor de la conservaci\u00f3n de los oc\u00e9anos, recolectan bolsas pl\u00e1sticas y las reciclan artesanalmente hasta crear cuero pl\u00e1stico con el cual dise\u00f1an accesorios. Son un caso de \u00e9xito en la implementaci\u00f3n de la <\/span><span class=\"yt-core-attributed-string--link-inherit-color\"><a class=\"yt-core-attributed-string__link yt-core-attributed-string__link--display-type yt-core-attributed-string__link--call-to-action-color\" tabindex=\"0\" href=\"https:\/\/www.youtube.com\/hashtag\/economiacircular\" target=\"\" rel=\"nofollow\">#economiacircular<\/a><\/span><span class=\"yt-core-attributed-string--link-inherit-color\">, promovido por Mi Empresa Circular.<\/span><\/p>\t\t\t\t\t\t<\/div>\n\t\t\t\t<\/div>\n\t\t\t\t\t<\/div>\n\t\t<\/div>\n\t\t\t\t\t\t\t<\/div>\n\t\t<\/section>\n\t\t\t\t<section class=\"elementor-section elementor-top-section elementor-element elementor-element-c42e017 elementor-section-boxed elementor-section-height-default elementor-section-height-default\" data-id=\"c42e017\" data-element_type=\"section\">\n\t\t\t\t\t\t<div class=\"elementor-container elementor-column-gap-default\">\n\t\t\t\t\t<div class=\"elementor-column elementor-col-100 elementor-top-column elementor-element elementor-element-a75da07\" data-id=\"a75da07\" data-element_type=\"column\">\n\t\t\t<div class=\"elementor-widget-wrap\">\n\t\t\t\t\t\t\t\t\t<\/div>\n\t\t<\/div>\n\t\t\t\t\t\t\t<\/div>\n\t\t<\/section>\n\t\t\t\t\t\t\t<\/div>\n\t\t","protected":false},"excerpt":{"rendered":"<p>Conoce a FUSSION, una marca peruana de moda sostenible que trabaja a favor de la conservaci\u00f3n de los oc\u00e9anos, recolectan bolsas pl\u00e1sticas y las reciclan artesanalmente hasta crear cuero pl\u00e1stico con el cual dise\u00f1an accesorios. Son un caso de \u00e9xito en la implementaci\u00f3n de la #economiacircular, promovido por Mi Empresa Circular.<\/p>\n","protected":false},"author":6,"featured_media":6796,"comment_status":"open","ping_status":"open","sticky":false,"template":"","format":"video","meta":{"footnotes":""},"categories":[59,13,139,97],"tags":[23,132,123,155],"class_list":["post-6793","post","type-post","status-publish","format-video","has-post-thumbnail","hentry","category-ecodiseno","category-historias-de-exito","category-historias-exito-circular","category-plastico","tag-quote-post","tag-manufactura","tag-piensa-circular","tag-plastico","post_format-post-format-video"],"_links":{"self":[{"href":"https:\/\/desarrollo.infobox.com.pe\/miempresacircular\/wp-json\/wp\/v2\/posts\/6793","targetHints":{"allow":["GET"]}}],"collection":[{"href":"https:\/\/desarrollo.infobox.com.pe\/miempresacircular\/wp-json\/wp\/v2\/posts"}],"about":[{"href":"https:\/\/desarrollo.infobox.com.pe\/miempresacircular\/wp-json\/wp\/v2\/types\/post"}],"author":[{"embeddable":true,"href":"https:\/\/desarrollo.infobox.com.pe\/miempresacircular\/wp-json\/wp\/v2\/users\/6"}],"replies":[{"embeddable":true,"href":"https:\/\/desarrollo.infobox.com.pe\/miempresacircular\/wp-json\/wp\/v2\/comments?post=6793"}],"version-history":[{"count":10,"href":"https:\/\/desarrollo.infobox.com.pe\/miempresacircular\/wp-json\/wp\/v2\/posts\/6793\/revisions"}],"predecessor-version":[{"id":10280,"href":"https:\/\/desarrollo.infobox.com.pe\/miempresacircular\/wp-json\/wp\/v2\/posts\/6793\/revisions\/10280"}],"wp:featuredmedia":[{"embeddable":true,"href":"https:\/\/desarrollo.infobox.com.pe\/miempresacircular\/wp-json\/wp\/v2\/media\/6796"}],"wp:attachment":[{"href":"https:\/\/desarrollo.infobox.com.pe\/miempresacircular\/wp-json\/wp\/v2\/media?parent=6793"}],"wp:term":[{"taxonomy":"category","embeddable":true,"href":"https:\/\/desarrollo.infobox.com.pe\/miempresacircular\/wp-json\/wp\/v2\/categories?post=6793"},{"taxonomy":"post_tag","embeddable":true,"href":"https:\/\/desarrollo.infobox.com.pe\/miempresacircular\/wp-json\/wp\/v2\/tags?post=6793"}],"curies":[{"name":"wp","href":"https:\/\/api.w.org\/{rel}","templated":true}]}}