{"id":6803,"date":"2024-05-13T17:09:40","date_gmt":"2024-05-13T22:09:40","guid":{"rendered":"https:\/\/miempresacircular.pe\/?p=6803"},"modified":"2025-06-04T18:34:49","modified_gmt":"2025-06-04T23:34:49","slug":"heroes-del-planeta-economia-circular-en-el-sector-plastico","status":"publish","type":"post","link":"https:\/\/desarrollo.infobox.com.pe\/miempresacircular\/2024\/05\/13\/heroes-del-planeta-economia-circular-en-el-sector-plastico\/","title":{"rendered":"H\u00e9roes del Planeta: Econom\u00eda Circular en el sector pl\u00e1stico"},"content":{"rendered":"\t\t<div data-elementor-type=\"wp-post\" data-elementor-id=\"6803\" class=\"elementor elementor-6803\">\n\t\t\t\t\t\t\t\t\t<section class=\"elementor-section elementor-top-section elementor-element elementor-element-bfd3550 elementor-section-boxed elementor-section-height-default elementor-section-height-default\" data-id=\"bfd3550\" data-element_type=\"section\">\n\t\t\t\t\t\t<div class=\"elementor-container elementor-column-gap-default\">\n\t\t\t\t\t<div class=\"elementor-column elementor-col-100 elementor-top-column elementor-element elementor-element-5502b1d\" data-id=\"5502b1d\" data-element_type=\"column\">\n\t\t\t<div class=\"elementor-widget-wrap elementor-element-populated\">\n\t\t\t\t\t\t\t\t<div class=\"elementor-element elementor-element-d6e67d4 elementor-widget elementor-widget-text-editor\" data-id=\"d6e67d4\" data-element_type=\"widget\" data-widget_type=\"text-editor.default\">\n\t\t\t\t<div class=\"elementor-widget-container\">\n\t\t\t<style>\/*! elementor - v3.9.0 - 06-12-2022 *\/\n.elementor-widget-text-editor.elementor-drop-cap-view-stacked .elementor-drop-cap{background-color:#818a91;color:#fff}.elementor-widget-text-editor.elementor-drop-cap-view-framed .elementor-drop-cap{color:#818a91;border:3px solid;background-color:transparent}.elementor-widget-text-editor:not(.elementor-drop-cap-view-default) .elementor-drop-cap{margin-top:8px}.elementor-widget-text-editor:not(.elementor-drop-cap-view-default) .elementor-drop-cap-letter{width:1em;height:1em}.elementor-widget-text-editor .elementor-drop-cap{float:left;text-align:center;line-height:1;font-size:50px}.elementor-widget-text-editor .elementor-drop-cap-letter{display:inline-block}<\/style>\t\t\t\t<p><span class=\"yt-core-attributed-string--link-inherit-color\">Conoce a <strong>H\u00e9roes del Planeta<\/strong>: un modelo local de econom\u00eda circular que recicla el pl\u00e1stico que descarta la pesca artesanal. Educan sobre el impacto de la contaminaci\u00f3n pl\u00e1stica marina y desarrollan habilidades para la sostenibilidad en comunidades y organizaciones. Son un caso de \u00e9xito en la implementaci\u00f3n de la <\/span><span class=\"yt-core-attributed-string--link-inherit-color\"><a class=\"yt-core-attributed-string__link yt-core-attributed-string__link--display-type yt-core-attributed-string__link--call-to-action-color\" tabindex=\"0\" href=\"https:\/\/www.youtube.com\/hashtag\/economiacircular\" target=\"\" rel=\"nofollow\">#economiacircular<\/a><\/span><span class=\"yt-core-attributed-string--link-inherit-color\">, promovido por Mi Empresa Circular.<\/span><\/p>\t\t\t\t\t\t<\/div>\n\t\t\t\t<\/div>\n\t\t\t\t\t<\/div>\n\t\t<\/div>\n\t\t\t\t\t\t\t<\/div>\n\t\t<\/section>\n\t\t\t\t<section class=\"elementor-section elementor-top-section elementor-element elementor-element-307c90d elementor-section-boxed elementor-section-height-default elementor-section-height-default\" data-id=\"307c90d\" data-element_type=\"section\">\n\t\t\t\t\t\t<div class=\"elementor-container elementor-column-gap-default\">\n\t\t\t\t\t<div class=\"elementor-column elementor-col-100 elementor-top-column elementor-element elementor-element-3035a90\" data-id=\"3035a90\" data-element_type=\"column\">\n\t\t\t<div class=\"elementor-widget-wrap\">\n\t\t\t\t\t\t\t\t\t<\/div>\n\t\t<\/div>\n\t\t\t\t\t\t\t<\/div>\n\t\t<\/section>\n\t\t\t\t\t\t\t<\/div>\n\t\t","protected":false},"excerpt":{"rendered":"<p>Conoce a H\u00e9roes del Planeta: un modelo local de econom\u00eda circular que recicla el pl\u00e1stico que descarta la pesca artesanal. Educan sobre el impacto de la contaminaci\u00f3n pl\u00e1stica marina y desarrollan habilidades para la sostenibilidad en comunidades y organizaciones. Son un caso de \u00e9xito en la implementaci\u00f3n de la #economiacircular, promovido por Mi Empresa Circular.<\/p>\n","protected":false},"author":6,"featured_media":6805,"comment_status":"open","ping_status":"open","sticky":false,"template":"","format":"video","meta":{"footnotes":""},"categories":[13,139,97],"tags":[132,123,155,144],"class_list":["post-6803","post","type-post","status-publish","format-video","has-post-thumbnail","hentry","category-historias-de-exito","category-historias-exito-circular","category-plastico","tag-manufactura","tag-piensa-circular","tag-plastico","tag-sostenibilidad","post_format-post-format-video"],"_links":{"self":[{"href":"https:\/\/desarrollo.infobox.com.pe\/miempresacircular\/wp-json\/wp\/v2\/posts\/6803","targetHints":{"allow":["GET"]}}],"collection":[{"href":"https:\/\/desarrollo.infobox.com.pe\/miempresacircular\/wp-json\/wp\/v2\/posts"}],"about":[{"href":"https:\/\/desarrollo.infobox.com.pe\/miempresacircular\/wp-json\/wp\/v2\/types\/post"}],"author":[{"embeddable":true,"href":"https:\/\/desarrollo.infobox.com.pe\/miempresacircular\/wp-json\/wp\/v2\/users\/6"}],"replies":[{"embeddable":true,"href":"https:\/\/desarrollo.infobox.com.pe\/miempresacircular\/wp-json\/wp\/v2\/comments?post=6803"}],"version-history":[{"count":10,"href":"https:\/\/desarrollo.infobox.com.pe\/miempresacircular\/wp-json\/wp\/v2\/posts\/6803\/revisions"}],"predecessor-version":[{"id":10285,"href":"https:\/\/desarrollo.infobox.com.pe\/miempresacircular\/wp-json\/wp\/v2\/posts\/6803\/revisions\/10285"}],"wp:featuredmedia":[{"embeddable":true,"href":"https:\/\/desarrollo.infobox.com.pe\/miempresacircular\/wp-json\/wp\/v2\/media\/6805"}],"wp:attachment":[{"href":"https:\/\/desarrollo.infobox.com.pe\/miempresacircular\/wp-json\/wp\/v2\/media?parent=6803"}],"wp:term":[{"taxonomy":"category","embeddable":true,"href":"https:\/\/desarrollo.infobox.com.pe\/miempresacircular\/wp-json\/wp\/v2\/categories?post=6803"},{"taxonomy":"post_tag","embeddable":true,"href":"https:\/\/desarrollo.infobox.com.pe\/miempresacircular\/wp-json\/wp\/v2\/tags?post=6803"}],"curies":[{"name":"wp","href":"https:\/\/api.w.org\/{rel}","templated":true}]}}