{"id":6869,"date":"2024-05-07T16:33:47","date_gmt":"2024-05-07T21:33:47","guid":{"rendered":"https:\/\/miempresacircular.pe\/?p=6869"},"modified":"2024-05-14T16:49:00","modified_gmt":"2024-05-14T21:49:00","slug":"culmino-la-ideathon-iniciando-el-camino-para-la-circularidad","status":"publish","type":"post","link":"https:\/\/desarrollo.infobox.com.pe\/miempresacircular\/2024\/05\/07\/culmino-la-ideathon-iniciando-el-camino-para-la-circularidad\/","title":{"rendered":"Culmin\u00f3 la Ideathon: \u00a1Iniciando el camino para la Circularidad!"},"content":{"rendered":"\t\t<div data-elementor-type=\"wp-post\" data-elementor-id=\"6869\" class=\"elementor elementor-6869\">\n\t\t\t\t\t\t\t\t\t<section class=\"elementor-section elementor-top-section elementor-element elementor-element-9408418 elementor-section-boxed elementor-section-height-default elementor-section-height-default\" data-id=\"9408418\" data-element_type=\"section\">\n\t\t\t\t\t\t<div class=\"elementor-container elementor-column-gap-default\">\n\t\t\t\t\t<div class=\"elementor-column elementor-col-100 elementor-top-column elementor-element elementor-element-6c75cfe\" data-id=\"6c75cfe\" data-element_type=\"column\">\n\t\t\t<div class=\"elementor-widget-wrap elementor-element-populated\">\n\t\t\t\t\t\t\t\t<div class=\"elementor-element elementor-element-ae44032 elementor-widget elementor-widget-text-editor\" data-id=\"ae44032\" data-element_type=\"widget\" data-widget_type=\"text-editor.default\">\n\t\t\t\t<div class=\"elementor-widget-container\">\n\t\t\t<style>\/*! elementor - v3.9.0 - 06-12-2022 *\/\n.elementor-widget-text-editor.elementor-drop-cap-view-stacked .elementor-drop-cap{background-color:#818a91;color:#fff}.elementor-widget-text-editor.elementor-drop-cap-view-framed .elementor-drop-cap{color:#818a91;border:3px solid;background-color:transparent}.elementor-widget-text-editor:not(.elementor-drop-cap-view-default) .elementor-drop-cap{margin-top:8px}.elementor-widget-text-editor:not(.elementor-drop-cap-view-default) .elementor-drop-cap-letter{width:1em;height:1em}.elementor-widget-text-editor .elementor-drop-cap{float:left;text-align:center;line-height:1;font-size:50px}.elementor-widget-text-editor .elementor-drop-cap-letter{display:inline-block}<\/style>\t\t\t\t<p class=\"cvGsUA direction-ltr align-justify para-style-body\"><span class=\"OYPEnA text-decoration-none text-strikethrough-none\">El 4 de mayo culmin\u00f3 la primera edici\u00f3n del Ideathon: Iniciando el camino para la Circularidad. La iniciativa fortaleci\u00f3 los lazos de la cu\u00e1druple h\u00e9lice, academia, sector privado, sector p\u00fablico, cooperaci\u00f3n; y se llev\u00f3 a cabo en el marco de la Comisi\u00f3n por una Econom\u00eda Circular Manufacturera en Per\u00fa \u2013 Mi Empresa Circular, organizada por el Ministerio de la Producci\u00f3n- PRODUCE, con el apoyo de la cooperaci\u00f3n alemana para el desarrollo, implementada por la GIZ, junto a la UTEC, la SNI y la Uni\u00f3n Europea.<\/span><\/p><p class=\"cvGsUA direction-ltr align-justify para-style-body\"><span style=\"font-weight: var( --e-global-typography-text-font-weight );\">El Ideathon reuni\u00f3 a seis equipos interdisciplinarios conformados por estudiantes de diferentes carreras de ingenier\u00eda y negocios, profesores y expertos en econom\u00eda circular; quienes pusieron a prueba toda su creatividad y potencial para idear soluciones circulares replicables, de alto impacto, bajo costo y r\u00e1pida ejecuci\u00f3n para empresas de los sectores textiles y de pl\u00e1stico.<\/span><\/p><p class=\"cvGsUA direction-ltr align-justify para-style-body\"><span style=\"font-weight: var( --e-global-typography-text-font-weight );\">Con la presencia del viceministro de MYPE e Industria, C\u00e9sar Manuel Quispe Luj\u00e1n, se dio el cierre de esta iniciativa. El viceministro destac\u00f3 la necesidad de que las industrias transiten hacia una Econom\u00eda Circular, ya que es el camino para lograr la sostenibilidad e impulsar la competitividad de las empresas. En esa l\u00ednea, el PRODUCE, a trav\u00e9s de Programa Nacional de Desarrollo Tecnol\u00f3gico e Innovaci\u00f3n \u2013 ProInn\u00f3vate lanzar\u00e1 pr\u00f3ximamente concursos que apoyen estas iniciativas. Asimismo, resalt\u00f3 el rol clave que cumplen los j\u00f3venes, ya que en sus manos est\u00e1 el presente y el futuro de las industrias, puesto que, con sus conocimientos sobre la circularidad, obtenidos desde la universidad, contribuir\u00e1n a impulsar negocios sostenibles.<\/span><\/p><p class=\"cvGsUA direction-ltr align-justify para-style-body\"><span style=\"font-weight: var( --e-global-typography-text-font-weight );\">El evento tambi\u00e9n cont\u00f3 con la participaci\u00f3n de Antonio Castillo Gary, gerente general de la Sociedad Nacional de Industrias; Michael Eichholtz, encargado de cooperaci\u00f3n en temas de Urbanizaci\u00f3n de la Embajada de Alemania en Lima; y Javier Bustamante, gerente general de la UTEC.<\/span><\/p><p class=\"cvGsUA direction-ltr align-justify para-style-body\"><span class=\"OYPEnA text-decoration-none text-strikethrough-none\">Los equipos iniciaron su recorrido desde el 20 de abril, partiendo por la identificaci\u00f3n de las problem\u00e1ticas que enfrentan empresas de los sectores textiles y pl\u00e1stico. A partir de ello, generaron soluciones circulares pr\u00e1cticas que pudiesen ser aplicadas por las empresas en base a los ejes: en segregaci\u00f3n, reciclaje, rescate, mantenimiento y reparaci\u00f3n, reutilizaci\u00f3n, eficiencia, modelos de negocio circulares y ecodise\u00f1o. Adem\u00e1s, identificaron los recursos necesarios para que las empresas puedan cumplir con las recomendaciones identificadas.<\/span><\/p><p class=\"cvGsUA direction-ltr align-justify para-style-body\"><span style=\"font-weight: var( --e-global-typography-text-font-weight );\">Las soluciones se dise\u00f1aron a partir del an\u00e1lisis de los casos reales de las empresas participantes: Textil El Amazonas, Amcor, TEXTGROUP, CREAPLAST, Topitop y TDV Textil del Valle y Pamolsa. De esta forma, se busca motivar a los empresarios\/as a implementar las soluciones que contribuyen a la prevenci\u00f3n de los efectos del cambio clim\u00e1tico y a la sostenibilidad de sus empresas.<\/span><\/p>\t\t\t\t\t\t<\/div>\n\t\t\t\t<\/div>\n\t\t\t\t\t<\/div>\n\t\t<\/div>\n\t\t\t\t\t\t\t<\/div>\n\t\t<\/section>\n\t\t\t\t<section class=\"elementor-section elementor-top-section elementor-element elementor-element-1642586 elementor-section-boxed elementor-section-height-default elementor-section-height-default\" data-id=\"1642586\" data-element_type=\"section\">\n\t\t\t\t\t\t<div class=\"elementor-container elementor-column-gap-default\">\n\t\t\t\t\t<div class=\"elementor-column elementor-col-50 elementor-top-column elementor-element elementor-element-53cfad4\" data-id=\"53cfad4\" data-element_type=\"column\">\n\t\t\t<div class=\"elementor-widget-wrap elementor-element-populated\">\n\t\t\t\t\t\t\t\t<div class=\"elementor-element elementor-element-b1438fe elementor-widget elementor-widget-image\" data-id=\"b1438fe\" data-element_type=\"widget\" data-widget_type=\"image.default\">\n\t\t\t\t<div class=\"elementor-widget-container\">\n\t\t\t<style>\/*! elementor - v3.9.0 - 06-12-2022 *\/\n.elementor-widget-image{text-align:center}.elementor-widget-image a{display:inline-block}.elementor-widget-image a img[src$=\".svg\"]{width:48px}.elementor-widget-image img{vertical-align:middle;display:inline-block}<\/style>\t\t\t\t\t\t\t\t\t\t\t\t<img loading=\"lazy\" decoding=\"async\" width=\"1024\" height=\"576\" src=\"https:\/\/desarrollo.infobox.com.pe\/miempresacircular\/wp-content\/uploads\/2024\/05\/Fotos-casos-de-exito-12-2-1024x576.png\" class=\"attachment-large size-large wp-image-6878\" alt=\"\" srcset=\"https:\/\/desarrollo.infobox.com.pe\/miempresacircular\/wp-content\/uploads\/2024\/05\/Fotos-casos-de-exito-12-2-1024x576.png 1024w, https:\/\/desarrollo.infobox.com.pe\/miempresacircular\/wp-content\/uploads\/2024\/05\/Fotos-casos-de-exito-12-2-300x169.png 300w, https:\/\/desarrollo.infobox.com.pe\/miempresacircular\/wp-content\/uploads\/2024\/05\/Fotos-casos-de-exito-12-2-768x432.png 768w, https:\/\/desarrollo.infobox.com.pe\/miempresacircular\/wp-content\/uploads\/2024\/05\/Fotos-casos-de-exito-12-2-1536x864.png 1536w, https:\/\/desarrollo.infobox.com.pe\/miempresacircular\/wp-content\/uploads\/2024\/05\/Fotos-casos-de-exito-12-2-1140x640.png 1140w, https:\/\/desarrollo.infobox.com.pe\/miempresacircular\/wp-content\/uploads\/2024\/05\/Fotos-casos-de-exito-12-2-750x422.png 750w, https:\/\/desarrollo.infobox.com.pe\/miempresacircular\/wp-content\/uploads\/2024\/05\/Fotos-casos-de-exito-12-2.png 1920w\" sizes=\"auto, (max-width: 1024px) 100vw, 1024px\" \/>\t\t\t\t\t\t\t\t\t\t\t\t\t\t\t<\/div>\n\t\t\t\t<\/div>\n\t\t\t\t\t<\/div>\n\t\t<\/div>\n\t\t\t\t<div class=\"elementor-column elementor-col-50 elementor-top-column elementor-element elementor-element-f6d2452\" data-id=\"f6d2452\" data-element_type=\"column\">\n\t\t\t<div class=\"elementor-widget-wrap elementor-element-populated\">\n\t\t\t\t\t\t\t\t<div class=\"elementor-element elementor-element-b51f6d2 elementor-widget elementor-widget-image\" data-id=\"b51f6d2\" data-element_type=\"widget\" data-widget_type=\"image.default\">\n\t\t\t\t<div class=\"elementor-widget-container\">\n\t\t\t\t\t\t\t\t\t\t\t\t\t\t\t<img loading=\"lazy\" decoding=\"async\" width=\"1024\" height=\"576\" src=\"https:\/\/desarrollo.infobox.com.pe\/miempresacircular\/wp-content\/uploads\/2024\/05\/Fotos-casos-de-exito-13-1024x576.png\" class=\"attachment-large size-large wp-image-6877\" alt=\"\" srcset=\"https:\/\/desarrollo.infobox.com.pe\/miempresacircular\/wp-content\/uploads\/2024\/05\/Fotos-casos-de-exito-13-1024x576.png 1024w, https:\/\/desarrollo.infobox.com.pe\/miempresacircular\/wp-content\/uploads\/2024\/05\/Fotos-casos-de-exito-13-300x169.png 300w, https:\/\/desarrollo.infobox.com.pe\/miempresacircular\/wp-content\/uploads\/2024\/05\/Fotos-casos-de-exito-13-768x432.png 768w, https:\/\/desarrollo.infobox.com.pe\/miempresacircular\/wp-content\/uploads\/2024\/05\/Fotos-casos-de-exito-13-1536x864.png 1536w, https:\/\/desarrollo.infobox.com.pe\/miempresacircular\/wp-content\/uploads\/2024\/05\/Fotos-casos-de-exito-13-1140x640.png 1140w, https:\/\/desarrollo.infobox.com.pe\/miempresacircular\/wp-content\/uploads\/2024\/05\/Fotos-casos-de-exito-13-750x422.png 750w, https:\/\/desarrollo.infobox.com.pe\/miempresacircular\/wp-content\/uploads\/2024\/05\/Fotos-casos-de-exito-13.png 1920w\" sizes=\"auto, (max-width: 1024px) 100vw, 1024px\" \/>\t\t\t\t\t\t\t\t\t\t\t\t\t\t\t<\/div>\n\t\t\t\t<\/div>\n\t\t\t\t\t<\/div>\n\t\t<\/div>\n\t\t\t\t\t\t\t<\/div>\n\t\t<\/section>\n\t\t\t\t\t\t\t<\/div>\n\t\t","protected":false},"excerpt":{"rendered":"<p>El 4 de mayo culmin\u00f3 la primera edici\u00f3n del Ideathon: Iniciando el camino para la Circularidad. La iniciativa fortaleci\u00f3 los lazos de la cu\u00e1druple h\u00e9lice, academia, sector privado, sector p\u00fablico, cooperaci\u00f3n; y se llev\u00f3 a cabo en el marco de la Comisi\u00f3n por una Econom\u00eda Circular Manufacturera en Per\u00fa \u2013 Mi Empresa Circular, organizada por [&hellip;]<\/p>\n","protected":false},"author":6,"featured_media":6868,"comment_status":"open","ping_status":"open","sticky":false,"template":"","format":"standard","meta":{"footnotes":""},"categories":[64,42,97,44],"tags":[178,177,132,155,144,164],"class_list":["post-6869","post","type-post","status-publish","format-standard","has-post-thumbnail","hentry","category-noticias","category-novedades","category-plastico","category-textil-confecciones","tag-ideathon","tag-innovacion","tag-manufactura","tag-plastico","tag-sostenibilidad","tag-textil-confecciones"],"_links":{"self":[{"href":"https:\/\/desarrollo.infobox.com.pe\/miempresacircular\/wp-json\/wp\/v2\/posts\/6869","targetHints":{"allow":["GET"]}}],"collection":[{"href":"https:\/\/desarrollo.infobox.com.pe\/miempresacircular\/wp-json\/wp\/v2\/posts"}],"about":[{"href":"https:\/\/desarrollo.infobox.com.pe\/miempresacircular\/wp-json\/wp\/v2\/types\/post"}],"author":[{"embeddable":true,"href":"https:\/\/desarrollo.infobox.com.pe\/miempresacircular\/wp-json\/wp\/v2\/users\/6"}],"replies":[{"embeddable":true,"href":"https:\/\/desarrollo.infobox.com.pe\/miempresacircular\/wp-json\/wp\/v2\/comments?post=6869"}],"version-history":[{"count":7,"href":"https:\/\/desarrollo.infobox.com.pe\/miempresacircular\/wp-json\/wp\/v2\/posts\/6869\/revisions"}],"predecessor-version":[{"id":6881,"href":"https:\/\/desarrollo.infobox.com.pe\/miempresacircular\/wp-json\/wp\/v2\/posts\/6869\/revisions\/6881"}],"wp:featuredmedia":[{"embeddable":true,"href":"https:\/\/desarrollo.infobox.com.pe\/miempresacircular\/wp-json\/wp\/v2\/media\/6868"}],"wp:attachment":[{"href":"https:\/\/desarrollo.infobox.com.pe\/miempresacircular\/wp-json\/wp\/v2\/media?parent=6869"}],"wp:term":[{"taxonomy":"category","embeddable":true,"href":"https:\/\/desarrollo.infobox.com.pe\/miempresacircular\/wp-json\/wp\/v2\/categories?post=6869"},{"taxonomy":"post_tag","embeddable":true,"href":"https:\/\/desarrollo.infobox.com.pe\/miempresacircular\/wp-json\/wp\/v2\/tags?post=6869"}],"curies":[{"name":"wp","href":"https:\/\/api.w.org\/{rel}","templated":true}]}}