{"id":6992,"date":"2024-05-30T21:12:43","date_gmt":"2024-05-31T02:12:43","guid":{"rendered":"https:\/\/miempresacircular.pe\/?p=6992"},"modified":"2025-06-04T18:56:24","modified_gmt":"2025-06-04T23:56:24","slug":"mambra-prendas-de-vestir-y-accesorios-de-cuero-sostenibles","status":"publish","type":"post","link":"https:\/\/desarrollo.infobox.com.pe\/miempresacircular\/2024\/05\/30\/mambra-prendas-de-vestir-y-accesorios-de-cuero-sostenibles\/","title":{"rendered":"Mambra: prendas de vestir y accesorios de cuero sostenible"},"content":{"rendered":"\t\t<div data-elementor-type=\"wp-post\" data-elementor-id=\"6992\" class=\"elementor elementor-6992\">\n\t\t\t\t\t\t\t\t\t<section class=\"elementor-section elementor-top-section elementor-element elementor-element-d17d272 elementor-section-boxed elementor-section-height-default elementor-section-height-default\" data-id=\"d17d272\" data-element_type=\"section\">\n\t\t\t\t\t\t<div class=\"elementor-container elementor-column-gap-default\">\n\t\t\t\t\t<div class=\"elementor-column elementor-col-100 elementor-top-column elementor-element elementor-element-8f96139\" data-id=\"8f96139\" data-element_type=\"column\">\n\t\t\t<div class=\"elementor-widget-wrap elementor-element-populated\">\n\t\t\t\t\t\t\t\t<div class=\"elementor-element elementor-element-fecd8cd elementor-widget elementor-widget-text-editor\" data-id=\"fecd8cd\" data-element_type=\"widget\" data-widget_type=\"text-editor.default\">\n\t\t\t\t<div class=\"elementor-widget-container\">\n\t\t\t<style>\/*! elementor - v3.9.0 - 06-12-2022 *\/\n.elementor-widget-text-editor.elementor-drop-cap-view-stacked .elementor-drop-cap{background-color:#818a91;color:#fff}.elementor-widget-text-editor.elementor-drop-cap-view-framed .elementor-drop-cap{color:#818a91;border:3px solid;background-color:transparent}.elementor-widget-text-editor:not(.elementor-drop-cap-view-default) .elementor-drop-cap{margin-top:8px}.elementor-widget-text-editor:not(.elementor-drop-cap-view-default) .elementor-drop-cap-letter{width:1em;height:1em}.elementor-widget-text-editor .elementor-drop-cap{float:left;text-align:center;line-height:1;font-size:50px}.elementor-widget-text-editor .elementor-drop-cap-letter{display:inline-block}<\/style>\t\t\t\t<p>MAMBRA es una microempresa familiar que hace m\u00e1s de 35 a\u00f1os se dedica a la confecci\u00f3n de prendas de vestir y accesorios en 100% cuero con aplicaciones en manta, pelo de alpaca y pieles ex\u00f3ticas. La empresa est\u00e1 comprometida con la circularidad, siendo eficiente en el uso de la materia prima como en el proceso.&nbsp;Este compromiso le ha permitido obtener grandes beneficios.<\/p>\t\t\t\t\t\t<\/div>\n\t\t\t\t<\/div>\n\t\t\t\t\t<\/div>\n\t\t<\/div>\n\t\t\t\t\t\t\t<\/div>\n\t\t<\/section>\n\t\t\t\t<section class=\"elementor-section elementor-top-section elementor-element elementor-element-a797a6c elementor-section-boxed elementor-section-height-default elementor-section-height-default\" data-id=\"a797a6c\" data-element_type=\"section\">\n\t\t\t\t\t\t<div class=\"elementor-container elementor-column-gap-default\">\n\t\t\t\t\t<div class=\"elementor-column elementor-col-100 elementor-top-column elementor-element elementor-element-a8618dc\" data-id=\"a8618dc\" data-element_type=\"column\">\n\t\t\t<div class=\"elementor-widget-wrap elementor-element-populated\">\n\t\t\t\t\t\t\t\t<div class=\"elementor-element elementor-element-e9b32b5 elementor-align-right elementor-widget elementor-widget-button\" data-id=\"e9b32b5\" data-element_type=\"widget\" data-widget_type=\"button.default\">\n\t\t\t\t<div class=\"elementor-widget-container\">\n\t\t\t\t\t<div class=\"elementor-button-wrapper\">\n\t\t\t<a href=\"https:\/\/miempresacircular.pe\/wp-content\/uploads\/2024\/05\/Fichas-Disenadas-Casos-de-exito-EC-VF-4.pdf\" class=\"elementor-button-link elementor-button elementor-size-xs\" role=\"button\">\n\t\t\t\t\t\t<span class=\"elementor-button-content-wrapper\">\n\t\t\t\t\t\t\t<span class=\"elementor-button-icon elementor-align-icon-left\">\n\t\t\t\t<i aria-hidden=\"true\" class=\"far fa-hand-point-right\"><\/i>\t\t\t<\/span>\n\t\t\t\t\t\t<span class=\"elementor-button-text\">Conoce los ahorros obtenidos<\/span>\n\t\t<\/span>\n\t\t\t\t\t<\/a>\n\t\t<\/div>\n\t\t\t\t<\/div>\n\t\t\t\t<\/div>\n\t\t\t\t\t<\/div>\n\t\t<\/div>\n\t\t\t\t\t\t\t<\/div>\n\t\t<\/section>\n\t\t\t\t<section class=\"elementor-section elementor-top-section elementor-element elementor-element-ccd15db elementor-section-boxed elementor-section-height-default elementor-section-height-default\" data-id=\"ccd15db\" data-element_type=\"section\">\n\t\t\t\t\t\t<div class=\"elementor-container elementor-column-gap-default\">\n\t\t\t\t\t<div class=\"elementor-column elementor-col-100 elementor-top-column elementor-element elementor-element-6bafdcb\" data-id=\"6bafdcb\" data-element_type=\"column\">\n\t\t\t<div class=\"elementor-widget-wrap\">\n\t\t\t\t\t\t\t\t\t<\/div>\n\t\t<\/div>\n\t\t\t\t\t\t\t<\/div>\n\t\t<\/section>\n\t\t\t\t\t\t\t<\/div>\n\t\t","protected":false},"excerpt":{"rendered":"<p>MAMBRA es una microempresa familiar que hace m\u00e1s de 35 a\u00f1os se dedica a la confecci\u00f3n de prendas de vestir y accesorios en 100% cuero con aplicaciones en manta, pelo de alpaca y pieles ex\u00f3ticas. La empresa est\u00e1 comprometida con la circularidad, siendo eficiente en el uso de la materia prima como en el proceso.&nbsp;Este [&hellip;]<\/p>\n","protected":false},"author":6,"featured_media":6996,"comment_status":"open","ping_status":"open","sticky":false,"template":"","format":"standard","meta":{"footnotes":""},"categories":[53,45,119,139,102,98,44],"tags":[203,189,201,121,204,132,17,144,188],"class_list":["post-6992","post","type-post","status-publish","format-standard","has-post-thumbnail","hentry","category-casos-de-exito","category-calzado","category-eficiencia","category-historias-exito-circular","category-mantener-reparar","category-reciclar","category-textil-confecciones","tag-cierra-el-circulo-2","tag-cuero-y-calzado","tag-eficiencia","tag-manten-el-circulo","tag-mantener-y-reparar","tag-manufactura","tag-environment","tag-sostenibilidad","tag-textil-y-confecciones"],"_links":{"self":[{"href":"https:\/\/desarrollo.infobox.com.pe\/miempresacircular\/wp-json\/wp\/v2\/posts\/6992","targetHints":{"allow":["GET"]}}],"collection":[{"href":"https:\/\/desarrollo.infobox.com.pe\/miempresacircular\/wp-json\/wp\/v2\/posts"}],"about":[{"href":"https:\/\/desarrollo.infobox.com.pe\/miempresacircular\/wp-json\/wp\/v2\/types\/post"}],"author":[{"embeddable":true,"href":"https:\/\/desarrollo.infobox.com.pe\/miempresacircular\/wp-json\/wp\/v2\/users\/6"}],"replies":[{"embeddable":true,"href":"https:\/\/desarrollo.infobox.com.pe\/miempresacircular\/wp-json\/wp\/v2\/comments?post=6992"}],"version-history":[{"count":14,"href":"https:\/\/desarrollo.infobox.com.pe\/miempresacircular\/wp-json\/wp\/v2\/posts\/6992\/revisions"}],"predecessor-version":[{"id":10312,"href":"https:\/\/desarrollo.infobox.com.pe\/miempresacircular\/wp-json\/wp\/v2\/posts\/6992\/revisions\/10312"}],"wp:featuredmedia":[{"embeddable":true,"href":"https:\/\/desarrollo.infobox.com.pe\/miempresacircular\/wp-json\/wp\/v2\/media\/6996"}],"wp:attachment":[{"href":"https:\/\/desarrollo.infobox.com.pe\/miempresacircular\/wp-json\/wp\/v2\/media?parent=6992"}],"wp:term":[{"taxonomy":"category","embeddable":true,"href":"https:\/\/desarrollo.infobox.com.pe\/miempresacircular\/wp-json\/wp\/v2\/categories?post=6992"},{"taxonomy":"post_tag","embeddable":true,"href":"https:\/\/desarrollo.infobox.com.pe\/miempresacircular\/wp-json\/wp\/v2\/tags?post=6992"}],"curies":[{"name":"wp","href":"https:\/\/api.w.org\/{rel}","templated":true}]}}