{"id":7244,"date":"2024-06-11T11:58:46","date_gmt":"2024-06-11T16:58:46","guid":{"rendered":"https:\/\/miempresacircular.pe\/?p=7244"},"modified":"2024-06-17T16:32:44","modified_gmt":"2024-06-17T21:32:44","slug":"funcionarios-as-del-sector-produccion-realizan-visita-de-intercambio-sobre-economia-circular-en-colombia","status":"publish","type":"post","link":"https:\/\/desarrollo.infobox.com.pe\/miempresacircular\/2024\/06\/11\/funcionarios-as-del-sector-produccion-realizan-visita-de-intercambio-sobre-economia-circular-en-colombia\/","title":{"rendered":"Funcionarios\/as del Sector Producci\u00f3n realizan visita de intercambio sobre Econom\u00eda Circular en Colombia"},"content":{"rendered":"\t\t<div data-elementor-type=\"wp-post\" data-elementor-id=\"7244\" class=\"elementor elementor-7244\">\n\t\t\t\t\t\t\t\t\t<section class=\"elementor-section elementor-top-section elementor-element elementor-element-d0f1f36 elementor-section-boxed elementor-section-height-default elementor-section-height-default\" data-id=\"d0f1f36\" data-element_type=\"section\">\n\t\t\t\t\t\t<div class=\"elementor-container elementor-column-gap-default\">\n\t\t\t\t\t<div class=\"elementor-column elementor-col-100 elementor-top-column elementor-element elementor-element-2c68625\" data-id=\"2c68625\" data-element_type=\"column\">\n\t\t\t<div class=\"elementor-widget-wrap elementor-element-populated\">\n\t\t\t\t\t\t\t\t<div class=\"elementor-element elementor-element-4b4d463 elementor-widget elementor-widget-text-editor\" data-id=\"4b4d463\" data-element_type=\"widget\" data-widget_type=\"text-editor.default\">\n\t\t\t\t<div class=\"elementor-widget-container\">\n\t\t\t<style>\/*! elementor - v3.9.0 - 06-12-2022 *\/\n.elementor-widget-text-editor.elementor-drop-cap-view-stacked .elementor-drop-cap{background-color:#818a91;color:#fff}.elementor-widget-text-editor.elementor-drop-cap-view-framed .elementor-drop-cap{color:#818a91;border:3px solid;background-color:transparent}.elementor-widget-text-editor:not(.elementor-drop-cap-view-default) .elementor-drop-cap{margin-top:8px}.elementor-widget-text-editor:not(.elementor-drop-cap-view-default) .elementor-drop-cap-letter{width:1em;height:1em}.elementor-widget-text-editor .elementor-drop-cap{float:left;text-align:center;line-height:1;font-size:50px}.elementor-widget-text-editor .elementor-drop-cap-letter{display:inline-block}<\/style>\t\t\t\t<p class=\"cvGsUA direction-ltr align-justify para-style-body\"><span class=\"OYPEnA text-decoration-none text-strikethrough-none\">Del 27 al 31 de mayo del 204, funcionarios del Ministerio de la Producci\u00f3n (PRODUCE), el Instituto Tecnol\u00f3gico de la Producci\u00f3n (ITP) y la Sociedad Nacional de Industrias (SNI) tuvieron la gran oportunidad de realizar una visita de intercambio para obtener nuevos aprendizajes que les permita impulsar el enfoque de econom\u00eda circular (EC) en la industria manufacturera, de la mano de expertos de instituciones p\u00fablicas, privadas y la cooperaci\u00f3n internacional de Colombia. Este intercambio se realiz\u00f3 en el marco del proyecto Econom\u00eda Circular para un Desarrollo Urbano con el Clima (KLW) de la cooperaci\u00f3n alemana para el desarrollo, implementada por la GIZ.<\/span><\/p><p class=\"cvGsUA direction-ltr align-justify para-style-body\"><span class=\"OYPEnA text-decoration-none text-strikethrough-none\">Es importante destacar que Colombia es uno de los pa\u00edses a nivel latinoamericano con mayores avances en cuanto a la adopci\u00f3n de la EC. En esa l\u00ednea, el gobierno nacional colombiano ha desarrollado la Estrategia Nacional de Econom\u00eda Circular (ENEC), la cual naci\u00f3 de una construcci\u00f3n colectiva, en la que participaron sectores productivos, acad\u00e9micos, ciudadanos, emprendedores, asociaciones y ONG\u2019S; proponiendo una transformaci\u00f3n de los sistemas productivos que busca maximizar el valor agregado de los recursos, a trav\u00e9s de la innovaci\u00f3n tecnol\u00f3gica, la colaboraci\u00f3n entre actores y nuevos modelos de negocio.<\/span><\/p><p class=\"cvGsUA direction-ltr align-justify para-style-body\"><span class=\"OYPEnA text-decoration-none text-strikethrough-none\">Los funcionarios peruanos conocieron las estrategias desarrolladas por el Ministerio de Comercio, Industria y Turismo de Colombia, las cuales podr\u00e1n ser replicables para el contexto peruano. De igual forma, intercambiaron con Colombia Productiva, \u00f3rgano ejecutor de la Pol\u00edtica Industrial del Colombia, sobre las estrategias adoptadas para apoyar a los distintos actores en la implementaci\u00f3n de enfoques de EC en la industria colombiana. Tambi\u00e9n aprendieron sobre el trabajo que realiza Innpulsa Colombia para promover el emprendimiento, la innovaci\u00f3n, el desarrollo de la econom\u00eda popular y el fortalecimiento de las mipymes colombianas. Asimismo, se reunieron con el Ministerio del Ambiente y pudieron visitar el Laboratorio de Econom\u00eda Circular del en el Centro de Gesti\u00f3n Industrial del Servicio Nacional de Aprendizaje (SENA).<\/span><\/p><p class=\"cvGsUA direction-ltr align-justify para-style-body\"><span class=\"OYPEnA text-decoration-none text-strikethrough-none\">Por otra parte, tuvieron un encuentro con el Banco de desarrollo empresarial de Colombia (Bancoldex), del cual aprendieron sobre l\u00edneas de cr\u00e9dito para promover la econom\u00eda circular y la sostenibilidad de las empresas y sus resultados; que servir\u00e1 para identificar oportunidades para Per\u00fa. Asimismo, intercambiaron con la Secretar\u00eda de Ambiente de la Alcald\u00eda de Bogot\u00e1 que desarrolla, en coordinaci\u00f3n con el sector privado y con apoyo de la cooperaci\u00f3n alemana en Colombia, la iniciativa \u201cManos Reparadoras\u201d que fortalece capacidades t\u00e9cnicas y laborales de mujeres e impulsa la econom\u00eda circular y la moda sostenible. De igual manera, conocieron los programas que implementa la Asociaci\u00f3n Nacional de Empresarios de Colombia (ANDI) y las acciones desarrolladas por la Federaci\u00f3n Nacional de Empresarios de Colombia (Fenalco) entre sus asociados y otros actores p\u00fablicos y privados.<\/span><\/p><p class=\"cvGsUA direction-ltr align-justify para-style-body\"><span class=\"OYPEnA text-decoration-none text-strikethrough-none\">Otro aspecto resaltante es que realizaron una visita al Parque Eco Industrial de la Zona Franca de Occidente que se desarrolla en el marco de un proyecto con la Organizaci\u00f3n de las Naciones Unidas para el Desarrollo Industrial. A trav\u00e9s de la visita, los funcionarios pudieron aprender sobre la simbiosis industrial, un enfoque dentro de la EC que promueve el uso de residuos de una empresa para que sean utilizados por otra como material secundario. Finalmente, conocieron los programas que promueve la cooperaci\u00f3n alemana en Colombia (ProUsar, Go Circular y Prevec I y II) que buscan fortalecer el potencial de innovaci\u00f3n del sector privado para la implementaci\u00f3n de la EC.<\/span><\/p><p class=\"cvGsUA direction-ltr align-justify para-style-body\"><span class=\"OYPEnA text-decoration-none text-strikethrough-none\">De esta forma, esta visita de intercambio permiti\u00f3 el desarrollo de competencias de los funcionarios para continuar con el dise\u00f1o e implementaci\u00f3n de estrategias y acciones que permitan transversalizar la EC en el sector producci\u00f3n peruano. As\u00ed, los funcionarios podr\u00e1n dar cumplimiento a la Hoja de Ruta hacia una Econom\u00eda Circular en el sector Industria (HR-EC), que promueve la producci\u00f3n y el consumo sostenibles, el aprovechamiento de materiales de descarte, la gesti\u00f3n de residuos industriales e innovaci\u00f3n y el financiamiento; y llevar a cabo otros planes que se impulsan en pro de la circularidad empresarial.<\/span><\/p>\t\t\t\t\t\t<\/div>\n\t\t\t\t<\/div>\n\t\t\t\t\t<\/div>\n\t\t<\/div>\n\t\t\t\t\t\t\t<\/div>\n\t\t<\/section>\n\t\t\t\t\t\t\t<\/div>\n\t\t","protected":false},"excerpt":{"rendered":"<p>Del 27 al 31 de mayo del 204, funcionarios del Ministerio de la Producci\u00f3n (PRODUCE), el Instituto Tecnol\u00f3gico de la Producci\u00f3n (ITP) y la Sociedad Nacional de Industrias (SNI) tuvieron la gran oportunidad de realizar una visita de intercambio para obtener nuevos aprendizajes que les permita impulsar el enfoque de econom\u00eda circular (EC) en la [&hellip;]<\/p>\n","protected":false},"author":6,"featured_media":7246,"comment_status":"open","ping_status":"open","sticky":false,"template":"","format":"standard","meta":{"footnotes":""},"categories":[195,64,42],"tags":[212,214,213,211,132],"class_list":["post-7244","post","type-post","status-publish","format-standard","has-post-thumbnail","hentry","category-funcionarios","category-noticias","category-novedades","tag-capacitacion","tag-colombia","tag-industria","tag-intercambio","tag-manufactura"],"_links":{"self":[{"href":"https:\/\/desarrollo.infobox.com.pe\/miempresacircular\/wp-json\/wp\/v2\/posts\/7244","targetHints":{"allow":["GET"]}}],"collection":[{"href":"https:\/\/desarrollo.infobox.com.pe\/miempresacircular\/wp-json\/wp\/v2\/posts"}],"about":[{"href":"https:\/\/desarrollo.infobox.com.pe\/miempresacircular\/wp-json\/wp\/v2\/types\/post"}],"author":[{"embeddable":true,"href":"https:\/\/desarrollo.infobox.com.pe\/miempresacircular\/wp-json\/wp\/v2\/users\/6"}],"replies":[{"embeddable":true,"href":"https:\/\/desarrollo.infobox.com.pe\/miempresacircular\/wp-json\/wp\/v2\/comments?post=7244"}],"version-history":[{"count":4,"href":"https:\/\/desarrollo.infobox.com.pe\/miempresacircular\/wp-json\/wp\/v2\/posts\/7244\/revisions"}],"predecessor-version":[{"id":7249,"href":"https:\/\/desarrollo.infobox.com.pe\/miempresacircular\/wp-json\/wp\/v2\/posts\/7244\/revisions\/7249"}],"wp:featuredmedia":[{"embeddable":true,"href":"https:\/\/desarrollo.infobox.com.pe\/miempresacircular\/wp-json\/wp\/v2\/media\/7246"}],"wp:attachment":[{"href":"https:\/\/desarrollo.infobox.com.pe\/miempresacircular\/wp-json\/wp\/v2\/media?parent=7244"}],"wp:term":[{"taxonomy":"category","embeddable":true,"href":"https:\/\/desarrollo.infobox.com.pe\/miempresacircular\/wp-json\/wp\/v2\/categories?post=7244"},{"taxonomy":"post_tag","embeddable":true,"href":"https:\/\/desarrollo.infobox.com.pe\/miempresacircular\/wp-json\/wp\/v2\/tags?post=7244"}],"curies":[{"name":"wp","href":"https:\/\/api.w.org\/{rel}","templated":true}]}}