{"id":7465,"date":"2024-07-01T09:57:35","date_gmt":"2024-07-01T14:57:35","guid":{"rendered":"https:\/\/miempresacircular.pe\/?p=7465"},"modified":"2024-07-22T10:21:22","modified_gmt":"2024-07-22T15:21:22","slug":"produce-impulsa-la-economia-circular-en-mype-del-sector-cuero-y-calzado","status":"publish","type":"post","link":"https:\/\/desarrollo.infobox.com.pe\/miempresacircular\/2024\/07\/01\/produce-impulsa-la-economia-circular-en-mype-del-sector-cuero-y-calzado\/","title":{"rendered":"PRODUCE impulsa la Econom\u00eda Circular en MYPE del sector cuero y calzado"},"content":{"rendered":"\t\t<div data-elementor-type=\"wp-post\" data-elementor-id=\"7465\" class=\"elementor elementor-7465\">\n\t\t\t\t\t\t\t\t\t<section class=\"elementor-section elementor-top-section elementor-element elementor-element-85b0c3f elementor-section-boxed elementor-section-height-default elementor-section-height-default\" data-id=\"85b0c3f\" data-element_type=\"section\">\n\t\t\t\t\t\t<div class=\"elementor-container elementor-column-gap-default\">\n\t\t\t\t\t<div class=\"elementor-column elementor-col-100 elementor-top-column elementor-element elementor-element-a4324c2\" data-id=\"a4324c2\" data-element_type=\"column\">\n\t\t\t<div class=\"elementor-widget-wrap elementor-element-populated\">\n\t\t\t\t\t\t\t\t<div class=\"elementor-element elementor-element-2d601b7 elementor-widget elementor-widget-text-editor\" data-id=\"2d601b7\" data-element_type=\"widget\" data-widget_type=\"text-editor.default\">\n\t\t\t\t<div class=\"elementor-widget-container\">\n\t\t\t<style>\/*! elementor - v3.9.0 - 06-12-2022 *\/\n.elementor-widget-text-editor.elementor-drop-cap-view-stacked .elementor-drop-cap{background-color:#818a91;color:#fff}.elementor-widget-text-editor.elementor-drop-cap-view-framed .elementor-drop-cap{color:#818a91;border:3px solid;background-color:transparent}.elementor-widget-text-editor:not(.elementor-drop-cap-view-default) .elementor-drop-cap{margin-top:8px}.elementor-widget-text-editor:not(.elementor-drop-cap-view-default) .elementor-drop-cap-letter{width:1em;height:1em}.elementor-widget-text-editor .elementor-drop-cap{float:left;text-align:center;line-height:1;font-size:50px}.elementor-widget-text-editor .elementor-drop-cap-letter{display:inline-block}<\/style>\t\t\t\t<p class=\"cvGsUA direction-ltr align-justify para-style-body\"><span class=\"OYPEnA font-feature-liga-off font-feature-clig-off font-feature-calt-off text-decoration-none text-strikethrough-none\">El 24 de junio del 2024, la Direcci\u00f3n General de Asuntos Ambientales de Industria (DGAAMI) del Ministerio de la Producci\u00f3n \u2013 PRODUCE, con apoyo de la cooperaci\u00f3n alemana para el desarrollo, implementada por la GIZ, a trav\u00e9s del proyecto Econom\u00eda Circular para un Desarrollo Urbano Amigable con el Clima \u2013 KLW, llev\u00f3 a cabo el cuarto seminario \u201cAlcances de la Econom\u00eda Circular para el Programa Nacional Compras a MYPEr\u00fa\u201d.<\/span><\/p><p class=\"cvGsUA direction-ltr align-justify para-style-body\"><span class=\"OYPEnA font-feature-liga-off font-feature-clig-off font-feature-calt-off text-decoration-none text-strikethrough-none\">Esta edici\u00f3n del seminario, realizado en el CITEccal Lima, tuvo como objetivo brindar una capacitaci\u00f3n b\u00e1sica en econom\u00eda circular (EC) dirigido a las micro y peque\u00f1as empresas (MYPE) del sector cuero y calzado. Con ello se promueve la transici\u00f3n circular de empresas que, en un futuro, podr\u00e1n participar de las convocatorias que realice el Programa Nacional Compras a MYPEr\u00fa.<\/span><\/p><p class=\"cvGsUA direction-ltr align-justify para-style-body\"><span class=\"OYPEnA font-feature-liga-off font-feature-clig-off font-feature-calt-off text-decoration-none text-strikethrough-none\">De esta forma, los participantes conocieron c\u00f3mo incorporar la econom\u00eda circular en sus negocios. Por ejemplo, la EC puede aplicarse en la fabricaci\u00f3n de cuero y calzado mediante un uso eficiente de materia prima, agua y energ\u00eda. Tal es el caso de la implementaci\u00f3n de sistemas de reciclaje de agua en los procesos de te\u00f1ido y acabado que reduce el consumo total del recurso h\u00eddrico. Adem\u00e1s, es posible aprovechar las mermas utilizando recortes y restos de cuero en la creaci\u00f3n de productos peque\u00f1os como llaveros, pulseras, carteras y otros accesorios. Asimismo, pueden extraer col\u00e1geno y otros compuestos qu\u00edmicos valiosos de los residuos de cuero para su uso en cosm\u00e9ticos, productos farmac\u00e9uticos y alimentos; evitando el desperdicio de materiales.<\/span><\/p><p class=\"cvGsUA direction-ltr align-justify para-style-body\"><span class=\"OYPEnA font-feature-liga-off font-feature-clig-off font-feature-calt-off text-decoration-none text-strikethrough-none\">Por otra parte, de primera fuente, conocieron el caso de la empresa Puri, dedicada a la fabricaci\u00f3n de zapatos para beb\u00e9. Elizabeth Rosas, gerente de la empresa, cont\u00f3 las mejoras circulares que vienen incorporando en la fabricaci\u00f3n de un nuevo producto sostenible. Actualmente, la empresa prepara un prototipo de calzado para ni\u00f1os reemplazando el cuero convencional por un cuero vegetal.<\/span><\/p><p class=\"cvGsUA direction-ltr align-justify para-style-body\"><span class=\"OYPEnA font-feature-liga-off font-feature-clig-off font-feature-calt-off text-decoration-none text-strikethrough-none\">Finalmente, es importante resaltar que este seminario se desarrolla en el marco del programa de capacitaci\u00f3n PROCIRCULARIDAD, impulsado por la Comisi\u00f3n por una Econom\u00eda Circular Manufacturera en Per\u00fa \u2013 Mi Empresa Circular; el cual tiene por objetivo establecer una ruta metodol\u00f3gica que permita promover la inclusi\u00f3n transversal de la EC en las micro, peque\u00f1as y medianas empresas (mipymes). As\u00ed, a trav\u00e9s de PROCIRCULARIDAD, las empresas pueden acceder a herramientas para iniciar la transici\u00f3n hacia la EC, lo que les permitir\u00e1 a aumentar su productividad, rentabilidad y resiliencia.<\/span><\/p>\t\t\t\t\t\t<\/div>\n\t\t\t\t<\/div>\n\t\t\t\t\t<\/div>\n\t\t<\/div>\n\t\t\t\t\t\t\t<\/div>\n\t\t<\/section>\n\t\t\t\t\t\t\t<\/div>\n\t\t","protected":false},"excerpt":{"rendered":"<p>El 24 de junio del 2024, la Direcci\u00f3n General de Asuntos Ambientales de Industria (DGAAMI) del Ministerio de la Producci\u00f3n \u2013 PRODUCE, con apoyo de la cooperaci\u00f3n alemana para el desarrollo, implementada por la GIZ, a trav\u00e9s del proyecto Econom\u00eda Circular para un Desarrollo Urbano Amigable con el Clima \u2013 KLW, llev\u00f3 a cabo el [&hellip;]<\/p>\n","protected":false},"author":6,"featured_media":7471,"comment_status":"open","ping_status":"open","sticky":false,"template":"","format":"standard","meta":{"footnotes":""},"categories":[45,59,119,64,42],"tags":[189,141,132,171,144],"class_list":["post-7465","post","type-post","status-publish","format-standard","has-post-thumbnail","hentry","category-calzado","category-ecodiseno","category-eficiencia","category-noticias","category-novedades","tag-cuero-y-calzado","tag-economia-circular","tag-manufactura","tag-mype","tag-sostenibilidad"],"_links":{"self":[{"href":"https:\/\/desarrollo.infobox.com.pe\/miempresacircular\/wp-json\/wp\/v2\/posts\/7465","targetHints":{"allow":["GET"]}}],"collection":[{"href":"https:\/\/desarrollo.infobox.com.pe\/miempresacircular\/wp-json\/wp\/v2\/posts"}],"about":[{"href":"https:\/\/desarrollo.infobox.com.pe\/miempresacircular\/wp-json\/wp\/v2\/types\/post"}],"author":[{"embeddable":true,"href":"https:\/\/desarrollo.infobox.com.pe\/miempresacircular\/wp-json\/wp\/v2\/users\/6"}],"replies":[{"embeddable":true,"href":"https:\/\/desarrollo.infobox.com.pe\/miempresacircular\/wp-json\/wp\/v2\/comments?post=7465"}],"version-history":[{"count":4,"href":"https:\/\/desarrollo.infobox.com.pe\/miempresacircular\/wp-json\/wp\/v2\/posts\/7465\/revisions"}],"predecessor-version":[{"id":7474,"href":"https:\/\/desarrollo.infobox.com.pe\/miempresacircular\/wp-json\/wp\/v2\/posts\/7465\/revisions\/7474"}],"wp:featuredmedia":[{"embeddable":true,"href":"https:\/\/desarrollo.infobox.com.pe\/miempresacircular\/wp-json\/wp\/v2\/media\/7471"}],"wp:attachment":[{"href":"https:\/\/desarrollo.infobox.com.pe\/miempresacircular\/wp-json\/wp\/v2\/media?parent=7465"}],"wp:term":[{"taxonomy":"category","embeddable":true,"href":"https:\/\/desarrollo.infobox.com.pe\/miempresacircular\/wp-json\/wp\/v2\/categories?post=7465"},{"taxonomy":"post_tag","embeddable":true,"href":"https:\/\/desarrollo.infobox.com.pe\/miempresacircular\/wp-json\/wp\/v2\/tags?post=7465"}],"curies":[{"name":"wp","href":"https:\/\/api.w.org\/{rel}","templated":true}]}}