{"id":7475,"date":"2024-07-01T10:23:05","date_gmt":"2024-07-01T15:23:05","guid":{"rendered":"https:\/\/miempresacircular.pe\/?p=7475"},"modified":"2024-07-22T10:34:40","modified_gmt":"2024-07-22T15:34:40","slug":"produce-organizo-la-conferencia-financiamiento-para-la-economia-circular","status":"publish","type":"post","link":"https:\/\/desarrollo.infobox.com.pe\/miempresacircular\/2024\/07\/01\/produce-organizo-la-conferencia-financiamiento-para-la-economia-circular\/","title":{"rendered":"PRODUCE organiz\u00f3 la conferencia \u201cFinanciamiento para la Econom\u00eda Circular\u201d"},"content":{"rendered":"\t\t<div data-elementor-type=\"wp-post\" data-elementor-id=\"7475\" class=\"elementor elementor-7475\">\n\t\t\t\t\t\t\t\t\t<section class=\"elementor-section elementor-top-section elementor-element elementor-element-7a6c6e0 elementor-section-boxed elementor-section-height-default elementor-section-height-default\" data-id=\"7a6c6e0\" data-element_type=\"section\">\n\t\t\t\t\t\t<div class=\"elementor-container elementor-column-gap-default\">\n\t\t\t\t\t<div class=\"elementor-column elementor-col-100 elementor-top-column elementor-element elementor-element-4aa5750\" data-id=\"4aa5750\" data-element_type=\"column\">\n\t\t\t<div class=\"elementor-widget-wrap elementor-element-populated\">\n\t\t\t\t\t\t\t\t<div class=\"elementor-element elementor-element-3e4426e elementor-widget elementor-widget-text-editor\" data-id=\"3e4426e\" data-element_type=\"widget\" data-widget_type=\"text-editor.default\">\n\t\t\t\t<div class=\"elementor-widget-container\">\n\t\t\t<style>\/*! elementor - v3.9.0 - 06-12-2022 *\/\n.elementor-widget-text-editor.elementor-drop-cap-view-stacked .elementor-drop-cap{background-color:#818a91;color:#fff}.elementor-widget-text-editor.elementor-drop-cap-view-framed .elementor-drop-cap{color:#818a91;border:3px solid;background-color:transparent}.elementor-widget-text-editor:not(.elementor-drop-cap-view-default) .elementor-drop-cap{margin-top:8px}.elementor-widget-text-editor:not(.elementor-drop-cap-view-default) .elementor-drop-cap-letter{width:1em;height:1em}.elementor-widget-text-editor .elementor-drop-cap{float:left;text-align:center;line-height:1;font-size:50px}.elementor-widget-text-editor .elementor-drop-cap-letter{display:inline-block}<\/style>\t\t\t\t<p><span class=\"OYPEnA font-feature-liga-off font-feature-clig-off font-feature-calt-off text-decoration-none text-strikethrough-none\">Acceder a financiamiento es fundamental para que las empresas transiten a la Econom\u00eda Circular. En esa l\u00ednea, en el Per\u00fa ya se desarrollan instrumentos y medidas para incentivar la transici\u00f3n circular. Para profundizar sobre estas oportunidades y c\u00f3mo las micro, peque\u00f1as y medianas empresas (mipyme) pueden acceder a ellas, el Ministerio de la Producci\u00f3n (PRODUCE) organiz\u00f3 la conferencia \u201cFinanciamiento para la Econom\u00eda Circular\u201d.<\/span><\/p><p class=\"cvGsUA direction-ltr align-justify para-style-body\"><span class=\"OYPEnA font-feature-liga-off font-feature-clig-off font-feature-calt-off text-decoration-none text-strikethrough-none\">Esta conferencia, realizada el jueves 27 de junio, es la quinta de un ciclo de conferencias, con participaci\u00f3n de expertos nacionales e internacionales, que se han llevado a cabo con la finalidad de intercambiar aprendizajes y experiencias en temas de econom\u00eda circular (EC).<\/span><\/p><p class=\"cvGsUA direction-ltr align-justify para-style-body\"><span class=\"OYPEnA font-feature-liga-off font-feature-clig-off font-feature-calt-off text-decoration-none text-strikethrough-none\">En esta oportunidad, se cont\u00f3 con la presencia de Luis Huam\u00e1n Razzetto, coordinador del Programa de Garant\u00edas Ambientales del Fondo de Desarrollo e Innovaci\u00f3n &#8211; FOGAPI. El ponente explic\u00f3 c\u00f3mo funciona el Programa de Garant\u00edas Ambientales, el cual permite a las mipyme acceder a financiamiento para transitar a negocios bajos en carbono y desarrollar soluciones tecnol\u00f3gicas innovadoras que enfrenten desastres naturales y fen\u00f3menos clim\u00e1ticos. As\u00ed, las empresas podr\u00e1n contar con garant\u00edas para pr\u00e9stamos destinados a la mitigaci\u00f3n y adaptaci\u00f3n al cambio clim\u00e1tico. Cabe mencionar que el programa eval\u00faa indicadores como el ahorro de emisiones, medido en toneladas de di\u00f3xido de carbono equivalente (CO2eq), y el incremento en el uso eficiente de los recursos de las empresas, entre otros.<\/span><\/p><p class=\"cvGsUA direction-ltr align-justify para-style-body\"><span class=\"OYPEnA font-feature-liga-off font-feature-clig-off font-feature-calt-off text-decoration-none text-strikethrough-none\">De igual forma, particip\u00f3 Jes\u00fas Valverde Calder\u00f3n, especialista en la Direcci\u00f3n de Financiamiento Ambiental del Ministerio del Ambiente (MINEM). El ponete expuso sobre la Hoja de Ruta de Finanzas Verdes, el cual es un instrumento de gesti\u00f3n que permite al MINAM acompa\u00f1ar al ecosistema financiero y de inversiones para facilitar la incorporaci\u00f3n paulatina de aspectos ambientales en sus operaciones, a fin de acelerar el tr\u00e1nsito a una econom\u00eda verde en el pa\u00eds.<\/span> <span class=\"OYPEnA font-feature-liga-off font-feature-clig-off font-feature-calt-off text-decoration-none text-strikethrough-none\">Entre algunas de las acciones que se realizan, alineadas a la Hoja de Ruta, se encuentra el Programa de Alistamiento para la inversi\u00f3n de impacto, dirigido a formar a bionegocios en el uso de herramientas para aplicar de forma eficiente a inversiones de impacto. Tambi\u00e9n se ubica el proyecto Crediciclo, que promueve la econom\u00eda circular, impulsando iniciativas que busquen reutilizar, reparar, renovar y reciclar materiales y productos existentes para crear valor agregado, en todos los sectores econ\u00f3micos.<\/span><\/p><p class=\"cvGsUA direction-ltr align-justify para-style-body\"><span class=\"OYPEnA font-feature-liga-off font-feature-clig-off font-feature-calt-off text-decoration-none text-strikethrough-none\">Es importante resaltar que las conferencia se vienen realizando con apoyo de la cooperaci\u00f3n alemana para el desarrollo, implementada por la GIZ, a trav\u00e9s del Proyecto Econom\u00eda circular para un desarrollo amigable con el clima &#8211; KLW, y el Programa Regional Seguridad Energ\u00e9tica y Cambio Clim\u00e1tico de la Fundaci\u00f3n Konrad Adenauer (EKLA KAS).<\/span><\/p><p class=\"cvGsUA direction-ltr align-justify para-style-body\"><span class=\"OYPEnA font-feature-liga-off font-feature-clig-off font-feature-calt-off text-decoration-none text-strikethrough-none\">Para ver la conferencia puede ingresar a la web de la Comisi\u00f3n por una Econom\u00eda Circular Manufacturera en Per\u00fa \u2013 Mi Empresa Circular: <\/span><a class=\"OYPEnA font-feature-liga-off font-feature-clig-off font-feature-calt-off text-decoration-underline text-strikethrough-none\" draggable=\"false\" href=\"https:\/\/miempresacircular.pe\/2024\/03\/25\/ciclo-de-conferencias-internacionales-en-economia-circular\/\" target=\"_blank\" rel=\"noopener\">https:\/\/miempresacircular.pe\/2024\/03\/25\/ciclo-de-conferencias-internacionales-en-economia-circular\/<\/a><\/p>\t\t\t\t\t\t<\/div>\n\t\t\t\t<\/div>\n\t\t\t\t\t<\/div>\n\t\t<\/div>\n\t\t\t\t\t\t\t<\/div>\n\t\t<\/section>\n\t\t\t\t\t\t\t<\/div>\n\t\t","protected":false},"excerpt":{"rendered":"<p>Acceder a financiamiento es fundamental para que las empresas transiten a la Econom\u00eda Circular. En esa l\u00ednea, en el Per\u00fa ya se desarrollan instrumentos y medidas para incentivar la transici\u00f3n circular. Para profundizar sobre estas oportunidades y c\u00f3mo las micro, peque\u00f1as y medianas empresas (mipyme) pueden acceder a ellas, el Ministerio de la Producci\u00f3n (PRODUCE) [&hellip;]<\/p>\n","protected":false},"author":6,"featured_media":7482,"comment_status":"open","ping_status":"open","sticky":false,"template":"","format":"standard","meta":{"footnotes":""},"categories":[69,185,64,42],"tags":[141,200,144],"class_list":["post-7475","post","type-post","status-publish","format-standard","has-post-thumbnail","hentry","category-financiamiento","category-financiamiento-nacional","category-noticias","category-novedades","tag-economia-circular","tag-financiamiento","tag-sostenibilidad"],"_links":{"self":[{"href":"https:\/\/desarrollo.infobox.com.pe\/miempresacircular\/wp-json\/wp\/v2\/posts\/7475","targetHints":{"allow":["GET"]}}],"collection":[{"href":"https:\/\/desarrollo.infobox.com.pe\/miempresacircular\/wp-json\/wp\/v2\/posts"}],"about":[{"href":"https:\/\/desarrollo.infobox.com.pe\/miempresacircular\/wp-json\/wp\/v2\/types\/post"}],"author":[{"embeddable":true,"href":"https:\/\/desarrollo.infobox.com.pe\/miempresacircular\/wp-json\/wp\/v2\/users\/6"}],"replies":[{"embeddable":true,"href":"https:\/\/desarrollo.infobox.com.pe\/miempresacircular\/wp-json\/wp\/v2\/comments?post=7475"}],"version-history":[{"count":4,"href":"https:\/\/desarrollo.infobox.com.pe\/miempresacircular\/wp-json\/wp\/v2\/posts\/7475\/revisions"}],"predecessor-version":[{"id":7485,"href":"https:\/\/desarrollo.infobox.com.pe\/miempresacircular\/wp-json\/wp\/v2\/posts\/7475\/revisions\/7485"}],"wp:featuredmedia":[{"embeddable":true,"href":"https:\/\/desarrollo.infobox.com.pe\/miempresacircular\/wp-json\/wp\/v2\/media\/7482"}],"wp:attachment":[{"href":"https:\/\/desarrollo.infobox.com.pe\/miempresacircular\/wp-json\/wp\/v2\/media?parent=7475"}],"wp:term":[{"taxonomy":"category","embeddable":true,"href":"https:\/\/desarrollo.infobox.com.pe\/miempresacircular\/wp-json\/wp\/v2\/categories?post=7475"},{"taxonomy":"post_tag","embeddable":true,"href":"https:\/\/desarrollo.infobox.com.pe\/miempresacircular\/wp-json\/wp\/v2\/tags?post=7475"}],"curies":[{"name":"wp","href":"https:\/\/api.w.org\/{rel}","templated":true}]}}