{"id":7486,"date":"2024-07-01T10:36:25","date_gmt":"2024-07-01T15:36:25","guid":{"rendered":"https:\/\/miempresacircular.pe\/?p=7486"},"modified":"2024-07-22T10:51:45","modified_gmt":"2024-07-22T15:51:45","slug":"produce-y-la-cooperacion-alemana-formulan-proyecto-de-continuidad-para-impulsar-la-economia-circular-con-enfoque-de-cadena-de-valor","status":"publish","type":"post","link":"https:\/\/desarrollo.infobox.com.pe\/miempresacircular\/2024\/07\/01\/produce-y-la-cooperacion-alemana-formulan-proyecto-de-continuidad-para-impulsar-la-economia-circular-con-enfoque-de-cadena-de-valor\/","title":{"rendered":"PRODUCE y la cooperaci\u00f3n alemana formulan proyecto de continuidad para impulsar la Econom\u00eda Circular con Enfoque de Cadena de Valor"},"content":{"rendered":"\t\t<div data-elementor-type=\"wp-post\" data-elementor-id=\"7486\" class=\"elementor elementor-7486\">\n\t\t\t\t\t\t\t\t\t<section class=\"elementor-section elementor-top-section elementor-element elementor-element-122f9f5 elementor-section-boxed elementor-section-height-default elementor-section-height-default\" data-id=\"122f9f5\" data-element_type=\"section\">\n\t\t\t\t\t\t<div class=\"elementor-container elementor-column-gap-default\">\n\t\t\t\t\t<div class=\"elementor-column elementor-col-100 elementor-top-column elementor-element elementor-element-50af532\" data-id=\"50af532\" data-element_type=\"column\">\n\t\t\t<div class=\"elementor-widget-wrap elementor-element-populated\">\n\t\t\t\t\t\t\t\t<div class=\"elementor-element elementor-element-4bd1bfa elementor-widget elementor-widget-text-editor\" data-id=\"4bd1bfa\" data-element_type=\"widget\" data-widget_type=\"text-editor.default\">\n\t\t\t\t<div class=\"elementor-widget-container\">\n\t\t\t<style>\/*! elementor - v3.9.0 - 06-12-2022 *\/\n.elementor-widget-text-editor.elementor-drop-cap-view-stacked .elementor-drop-cap{background-color:#818a91;color:#fff}.elementor-widget-text-editor.elementor-drop-cap-view-framed .elementor-drop-cap{color:#818a91;border:3px solid;background-color:transparent}.elementor-widget-text-editor:not(.elementor-drop-cap-view-default) .elementor-drop-cap{margin-top:8px}.elementor-widget-text-editor:not(.elementor-drop-cap-view-default) .elementor-drop-cap-letter{width:1em;height:1em}.elementor-widget-text-editor .elementor-drop-cap{float:left;text-align:center;line-height:1;font-size:50px}.elementor-widget-text-editor .elementor-drop-cap-letter{display:inline-block}<\/style>\t\t\t\t<p class=\"cvGsUA direction-ltr align-justify para-style-body\"><span class=\"OYPEnA font-feature-liga-off font-feature-clig-off font-feature-calt-off text-decoration-none text-strikethrough-none\">Per\u00fa y Alemania han definido de forma conjunta que una de sus prioridades es la transici\u00f3n de la industria hacia una econom\u00eda circular, como clave para el desarrollo productivo competitivo, diversificado y sostenible de las empresas manufactureras.<\/span><\/p><p class=\"cvGsUA direction-ltr align-justify para-style-body\"><span class=\"OYPEnA font-feature-liga-off font-feature-clig-off font-feature-calt-off text-decoration-none text-strikethrough-none\">En este marco, con la presencia del viceministro de MYPE e Industria, C\u00e9sar Quispe, se realiz\u00f3 el cierre de la misi\u00f3n entre el Ministerio de la Producci\u00f3n y la cooperaci\u00f3n alemana para el desarrollo, implementada por la GIZ, para el dise\u00f1o del proyecto de continuidad \u00abEconom\u00eda Circular para un Desarrollo Urbano Amigable con el Clima II \u2013 ProCircular\u00bb. El proyecto se ejecutar\u00e1 a partir de 2025 durante un periodo de tres a\u00f1os y contar\u00e1 con un aporte del gobierno alem\u00e1n de 5 millones de euros.<\/span><\/p><p class=\"cvGsUA direction-ltr align-justify para-style-body\"><span class=\"OYPEnA font-feature-liga-off font-feature-clig-off font-feature-calt-off text-decoration-none text-strikethrough-none\">La misi\u00f3n comenz\u00f3 el 24 de junio de este a\u00f1o y dur\u00f3 10 d\u00edas, durante los cuales se realizaron reuniones con autoridades de PRODUCE, MINAM, MEF, y representantes del sector civil, acad\u00e9mico y empresarial de San Mart\u00edn, La Libertad y Lima.<\/span><\/p><p class=\"cvGsUA direction-ltr align-justify para-style-body\"><span class=\"OYPEnA font-feature-liga-off font-feature-clig-off font-feature-calt-off text-decoration-none text-strikethrough-none\">Como uno los resultados m\u00e1s destacados de la misi\u00f3n de determin\u00f3 que se promover\u00e1 la econom\u00eda circular con un enfoque de cadena de valor, en colaboraci\u00f3n en articulaci\u00f3n con empresas anclas y sus cadenas de proveedur\u00eda. Asimismo, se identificaron las potencialidades de los sectores de alimentos y bebidas, y retail para transitar hacia una econom\u00eda circular con un enfoque de cadena de valor, as\u00ed como para reducir los gases de efecto invernadero (cambio clim\u00e1tico). Adem\u00e1s, se plante\u00f3 una intervenci\u00f3n en los sectores priorizados, considerando tanto un enfoque de cadena de valor circular como un enfoque territorial, en los corredores norte y nor-oriente.<\/span><\/p><p class=\"cvGsUA direction-ltr align-justify para-style-body\"><span class=\"OYPEnA font-feature-liga-off font-feature-clig-off font-feature-calt-off text-decoration-none text-strikethrough-none\">La implementaci\u00f3n del proyecto ProCircular permitir\u00e1 a PRODUCE seguir promoviendo el enfoque de econom\u00eda circular en las empresas manufactureras para aumentar su competitividad. Esto est\u00e1 alineado con la Pol\u00edtica Nacional de Desarrollo Industrial y con la Hoja de Ruta hacia una Econom\u00eda Circular en el Sector Industria y Comercio Interno para el periodo 2025-2030, que ser\u00e1 aprobada por el sector en el primer semestre del pr\u00f3ximo a\u00f1o.<\/span><\/p><p class=\"cvGsUA direction-ltr align-justify para-style-body\"><span class=\"OYPEnA font-feature-liga-off font-feature-clig-off font-feature-calt-off text-decoration-none text-strikethrough-none\">Se prev\u00e9 que el convenio de ejecuci\u00f3n para proyectos de cooperaci\u00f3n entre PRODUCE y la GIZ se firme en el \u00faltimo trimestre del presente a\u00f1o, permitiendo que la implementaci\u00f3n de ProCircular comience en enero del pr\u00f3ximo a\u00f1o. De esta forma, Per\u00fa y Alemania continuar\u00e1n trabajando en pro del desarrollo sostenible de las empresas; y sin lugar a duda para lograr el bienestar de toda la poblaci\u00f3n.<\/span><\/p><p class=\"cvGsUA direction-ltr align-justify para-style-body\"><span class=\"OYPEnA font-feature-liga-off font-feature-clig-off font-feature-calt-off text-decoration-none text-strikethrough-none\">Finalmente, es importante destacar que esta misi\u00f3n se llev\u00f3 a cabo juntamente con el nuevo proyecto ProEficiencia, cuyo objetivo es promover la carbono neutralidad a trav\u00e9s de la adopci\u00f3n tecnol\u00f3gica, lo que generar\u00e1 sinergias al intervenir en los mismos sectores y corredores econ\u00f3micos.<\/span><\/p>\t\t\t\t\t\t<\/div>\n\t\t\t\t<\/div>\n\t\t\t\t\t<\/div>\n\t\t<\/div>\n\t\t\t\t\t\t\t<\/div>\n\t\t<\/section>\n\t\t\t\t\t\t\t<\/div>\n\t\t","protected":false},"excerpt":{"rendered":"<p>Per\u00fa y Alemania han definido de forma conjunta que una de sus prioridades es la transici\u00f3n de la industria hacia una econom\u00eda circular, como clave para el desarrollo productivo competitivo, diversificado y sostenible de las empresas manufactureras. En este marco, con la presencia del viceministro de MYPE e Industria, C\u00e9sar Quispe, se realiz\u00f3 el cierre [&hellip;]<\/p>\n","protected":false},"author":6,"featured_media":7479,"comment_status":"open","ping_status":"open","sticky":false,"template":"","format":"standard","meta":{"footnotes":""},"categories":[64,42,1],"tags":[141,132,151,144],"class_list":["post-7486","post","type-post","status-publish","format-standard","has-post-thumbnail","hentry","category-noticias","category-novedades","category-sin-categoria","tag-economia-circular","tag-manufactura","tag-mipyme","tag-sostenibilidad"],"_links":{"self":[{"href":"https:\/\/desarrollo.infobox.com.pe\/miempresacircular\/wp-json\/wp\/v2\/posts\/7486","targetHints":{"allow":["GET"]}}],"collection":[{"href":"https:\/\/desarrollo.infobox.com.pe\/miempresacircular\/wp-json\/wp\/v2\/posts"}],"about":[{"href":"https:\/\/desarrollo.infobox.com.pe\/miempresacircular\/wp-json\/wp\/v2\/types\/post"}],"author":[{"embeddable":true,"href":"https:\/\/desarrollo.infobox.com.pe\/miempresacircular\/wp-json\/wp\/v2\/users\/6"}],"replies":[{"embeddable":true,"href":"https:\/\/desarrollo.infobox.com.pe\/miempresacircular\/wp-json\/wp\/v2\/comments?post=7486"}],"version-history":[{"count":5,"href":"https:\/\/desarrollo.infobox.com.pe\/miempresacircular\/wp-json\/wp\/v2\/posts\/7486\/revisions"}],"predecessor-version":[{"id":7491,"href":"https:\/\/desarrollo.infobox.com.pe\/miempresacircular\/wp-json\/wp\/v2\/posts\/7486\/revisions\/7491"}],"wp:featuredmedia":[{"embeddable":true,"href":"https:\/\/desarrollo.infobox.com.pe\/miempresacircular\/wp-json\/wp\/v2\/media\/7479"}],"wp:attachment":[{"href":"https:\/\/desarrollo.infobox.com.pe\/miempresacircular\/wp-json\/wp\/v2\/media?parent=7486"}],"wp:term":[{"taxonomy":"category","embeddable":true,"href":"https:\/\/desarrollo.infobox.com.pe\/miempresacircular\/wp-json\/wp\/v2\/categories?post=7486"},{"taxonomy":"post_tag","embeddable":true,"href":"https:\/\/desarrollo.infobox.com.pe\/miempresacircular\/wp-json\/wp\/v2\/tags?post=7486"}],"curies":[{"name":"wp","href":"https:\/\/api.w.org\/{rel}","templated":true}]}}