{"id":7492,"date":"2024-07-01T10:53:11","date_gmt":"2024-07-01T15:53:11","guid":{"rendered":"https:\/\/miempresacircular.pe\/?p=7492"},"modified":"2024-07-22T10:57:08","modified_gmt":"2024-07-22T15:57:08","slug":"se-realizo-la-segunda-edicion-del-ideathon-iniciando-el-camino-para-la-circularidad","status":"publish","type":"post","link":"https:\/\/desarrollo.infobox.com.pe\/miempresacircular\/2024\/07\/01\/se-realizo-la-segunda-edicion-del-ideathon-iniciando-el-camino-para-la-circularidad\/","title":{"rendered":"Se realiz\u00f3 la segunda edici\u00f3n del Ideathon: \u00a1Iniciando el camino para la Circularidad!"},"content":{"rendered":"\t\t<div data-elementor-type=\"wp-post\" data-elementor-id=\"7492\" class=\"elementor elementor-7492\">\n\t\t\t\t\t\t\t\t\t<section class=\"elementor-section elementor-top-section elementor-element elementor-element-1e5f159 elementor-section-boxed elementor-section-height-default elementor-section-height-default\" data-id=\"1e5f159\" data-element_type=\"section\">\n\t\t\t\t\t\t<div class=\"elementor-container elementor-column-gap-default\">\n\t\t\t\t\t<div class=\"elementor-column elementor-col-100 elementor-top-column elementor-element elementor-element-e1eaa42\" data-id=\"e1eaa42\" data-element_type=\"column\">\n\t\t\t<div class=\"elementor-widget-wrap elementor-element-populated\">\n\t\t\t\t\t\t\t\t<div class=\"elementor-element elementor-element-5fc8af5 elementor-widget elementor-widget-text-editor\" data-id=\"5fc8af5\" data-element_type=\"widget\" data-widget_type=\"text-editor.default\">\n\t\t\t\t<div class=\"elementor-widget-container\">\n\t\t\t<style>\/*! elementor - v3.9.0 - 06-12-2022 *\/\n.elementor-widget-text-editor.elementor-drop-cap-view-stacked .elementor-drop-cap{background-color:#818a91;color:#fff}.elementor-widget-text-editor.elementor-drop-cap-view-framed .elementor-drop-cap{color:#818a91;border:3px solid;background-color:transparent}.elementor-widget-text-editor:not(.elementor-drop-cap-view-default) .elementor-drop-cap{margin-top:8px}.elementor-widget-text-editor:not(.elementor-drop-cap-view-default) .elementor-drop-cap-letter{width:1em;height:1em}.elementor-widget-text-editor .elementor-drop-cap{float:left;text-align:center;line-height:1;font-size:50px}.elementor-widget-text-editor .elementor-drop-cap-letter{display:inline-block}<\/style>\t\t\t\t<p class=\"cvGsUA direction-ltr align-justify para-style-body\"><span class=\"OYPEnA font-feature-liga-off font-feature-clig-off font-feature-calt-off text-decoration-none text-strikethrough-none\">El 28 de junio culmin\u00f3 la segunda edici\u00f3n del Ideathon: Iniciando el camino para la Circularidad. Esta iniciativa permiti\u00f3 fortalecer los lazos de la cu\u00e1druple h\u00e9lice, academia, sector privado, sector p\u00fablico, cooperaci\u00f3n;<\/span> <span class=\"OYPEnA font-feature-liga-off font-feature-clig-off font-feature-calt-off text-decoration-none text-strikethrough-none\">y se llev\u00f3 a cabo en el marco de la Comisi\u00f3n por una Econom\u00eda Circular Manufacturera en Per\u00fa \u2013 Mi Empresa Circular, liderada por el Ministerio de la Producci\u00f3n- PRODUCE, con el apoyo de la cooperaci\u00f3n alemana para el desarrollo, implementada por la GIZ, en colaboraci\u00f3n con ESAN y la SNI.<\/span><\/p><p class=\"cvGsUA direction-ltr align-justify para-style-body\"><span class=\"OYPEnA font-feature-liga-off font-feature-clig-off font-feature-calt-off text-decoration-none text-strikethrough-none\">El Ideathon reuni\u00f3 a cuatro equipos interdisciplinarios conformados por estudiantes de diferentes carreras de ingenier\u00eda y negocios, as\u00ed como por profesores y expertos en econom\u00eda circular; quienes pusieron a prueba su creatividad y potencial para idear soluciones circulares replicables, de alto impacto, bajo costo y r\u00e1pida ejecuci\u00f3n para empresas del sector mobiliario.<\/span><\/p><p class=\"cvGsUA direction-ltr align-justify para-style-body\"><span class=\"OYPEnA font-feature-liga-off font-feature-clig-off font-feature-calt-off text-decoration-none text-strikethrough-none\">En esta ocasi\u00f3n, los equipos abordaron el caso real de la empresa D\u2019 Lorens, una empresa familiar peruana dedicada a la fabricaci\u00f3n de muebles en madera de alta calidad, y al desarrollo de proyectos para terrazas, playas y exteriores. De esta forma, desde el 21 de junio, comenzaron identificando las problem\u00e1ticas que enfrenta la empresa. A partir de ello, generaron soluciones pr\u00e1cticas con enfoque de econom\u00eda circular. Estas soluciones se centraron en los ejes de: segregaci\u00f3n, reciclaje, rescate, mantenimiento y reparaci\u00f3n, reutilizaci\u00f3n, eficiencia, modelos de negocio circulares y ecodise\u00f1o.<\/span><\/p><p class=\"cvGsUA direction-ltr align-justify para-style-body\"><span class=\"OYPEnA font-feature-liga-off font-feature-clig-off font-feature-calt-off text-decoration-none text-strikethrough-none\">Es importante mencionar que, adem\u00e1s, los equipos identificaron los recursos necesarios para que la empresa pueda implementar las recomendaciones planteadas. Esta es una acci\u00f3n que busca motivar a los empresarios\/as a implementar soluciones que contribuyan a la prevenci\u00f3n de los efectos del cambio clim\u00e1tico, generar rentabilidad, competitividad y promover la sostenibilidad en sus empresas.<\/span><\/p>\t\t\t\t\t\t<\/div>\n\t\t\t\t<\/div>\n\t\t\t\t\t<\/div>\n\t\t<\/div>\n\t\t\t\t\t\t\t<\/div>\n\t\t<\/section>\n\t\t\t\t\t\t\t<\/div>\n\t\t","protected":false},"excerpt":{"rendered":"<p>El 28 de junio culmin\u00f3 la segunda edici\u00f3n del Ideathon: Iniciando el camino para la Circularidad. Esta iniciativa permiti\u00f3 fortalecer los lazos de la cu\u00e1druple h\u00e9lice, academia, sector privado, sector p\u00fablico, cooperaci\u00f3n; y se llev\u00f3 a cabo en el marco de la Comisi\u00f3n por una Econom\u00eda Circular Manufacturera en Per\u00fa \u2013 Mi Empresa Circular, liderada [&hellip;]<\/p>\n","protected":false},"author":6,"featured_media":7480,"comment_status":"open","ping_status":"open","sticky":false,"template":"","format":"standard","meta":{"footnotes":""},"categories":[64,42,1,44],"tags":[141,132,144,188],"class_list":["post-7492","post","type-post","status-publish","format-standard","has-post-thumbnail","hentry","category-noticias","category-novedades","category-sin-categoria","category-textil-confecciones","tag-economia-circular","tag-manufactura","tag-sostenibilidad","tag-textil-y-confecciones"],"_links":{"self":[{"href":"https:\/\/desarrollo.infobox.com.pe\/miempresacircular\/wp-json\/wp\/v2\/posts\/7492","targetHints":{"allow":["GET"]}}],"collection":[{"href":"https:\/\/desarrollo.infobox.com.pe\/miempresacircular\/wp-json\/wp\/v2\/posts"}],"about":[{"href":"https:\/\/desarrollo.infobox.com.pe\/miempresacircular\/wp-json\/wp\/v2\/types\/post"}],"author":[{"embeddable":true,"href":"https:\/\/desarrollo.infobox.com.pe\/miempresacircular\/wp-json\/wp\/v2\/users\/6"}],"replies":[{"embeddable":true,"href":"https:\/\/desarrollo.infobox.com.pe\/miempresacircular\/wp-json\/wp\/v2\/comments?post=7492"}],"version-history":[{"count":4,"href":"https:\/\/desarrollo.infobox.com.pe\/miempresacircular\/wp-json\/wp\/v2\/posts\/7492\/revisions"}],"predecessor-version":[{"id":7496,"href":"https:\/\/desarrollo.infobox.com.pe\/miempresacircular\/wp-json\/wp\/v2\/posts\/7492\/revisions\/7496"}],"wp:featuredmedia":[{"embeddable":true,"href":"https:\/\/desarrollo.infobox.com.pe\/miempresacircular\/wp-json\/wp\/v2\/media\/7480"}],"wp:attachment":[{"href":"https:\/\/desarrollo.infobox.com.pe\/miempresacircular\/wp-json\/wp\/v2\/media?parent=7492"}],"wp:term":[{"taxonomy":"category","embeddable":true,"href":"https:\/\/desarrollo.infobox.com.pe\/miempresacircular\/wp-json\/wp\/v2\/categories?post=7492"},{"taxonomy":"post_tag","embeddable":true,"href":"https:\/\/desarrollo.infobox.com.pe\/miempresacircular\/wp-json\/wp\/v2\/tags?post=7492"}],"curies":[{"name":"wp","href":"https:\/\/api.w.org\/{rel}","templated":true}]}}