{"id":7505,"date":"2024-07-15T11:05:05","date_gmt":"2024-07-15T16:05:05","guid":{"rendered":"https:\/\/miempresacircular.pe\/?p=7505"},"modified":"2024-07-22T11:11:46","modified_gmt":"2024-07-22T16:11:46","slug":"produce-aprueba-guias-clave-para-la-economia-circular-y-la-gestion-de-residuos-en-la-industria-textil","status":"publish","type":"post","link":"https:\/\/desarrollo.infobox.com.pe\/miempresacircular\/2024\/07\/15\/produce-aprueba-guias-clave-para-la-economia-circular-y-la-gestion-de-residuos-en-la-industria-textil\/","title":{"rendered":"PRODUCE aprueba gu\u00edas clave para la Econom\u00eda Circular y la Gesti\u00f3n de Residuos en la industria textil"},"content":{"rendered":"\t\t<div data-elementor-type=\"wp-post\" data-elementor-id=\"7505\" class=\"elementor elementor-7505\">\n\t\t\t\t\t\t\t\t\t<section class=\"elementor-section elementor-top-section elementor-element elementor-element-3305f6f elementor-section-boxed elementor-section-height-default elementor-section-height-default\" data-id=\"3305f6f\" data-element_type=\"section\">\n\t\t\t\t\t\t<div class=\"elementor-container elementor-column-gap-default\">\n\t\t\t\t\t<div class=\"elementor-column elementor-col-100 elementor-top-column elementor-element elementor-element-db04af4\" data-id=\"db04af4\" data-element_type=\"column\">\n\t\t\t<div class=\"elementor-widget-wrap elementor-element-populated\">\n\t\t\t\t\t\t\t\t<div class=\"elementor-element elementor-element-fc5d030 elementor-widget elementor-widget-text-editor\" data-id=\"fc5d030\" data-element_type=\"widget\" data-widget_type=\"text-editor.default\">\n\t\t\t\t<div class=\"elementor-widget-container\">\n\t\t\t<style>\/*! elementor - v3.9.0 - 06-12-2022 *\/\n.elementor-widget-text-editor.elementor-drop-cap-view-stacked .elementor-drop-cap{background-color:#818a91;color:#fff}.elementor-widget-text-editor.elementor-drop-cap-view-framed .elementor-drop-cap{color:#818a91;border:3px solid;background-color:transparent}.elementor-widget-text-editor:not(.elementor-drop-cap-view-default) .elementor-drop-cap{margin-top:8px}.elementor-widget-text-editor:not(.elementor-drop-cap-view-default) .elementor-drop-cap-letter{width:1em;height:1em}.elementor-widget-text-editor .elementor-drop-cap{float:left;text-align:center;line-height:1;font-size:50px}.elementor-widget-text-editor .elementor-drop-cap-letter{display:inline-block}<\/style>\t\t\t\t<p class=\"cvGsUA direction-ltr align-justify para-style-body\"><span class=\"OYPEnA font-feature-liga-off font-feature-clig-off font-feature-calt-off text-decoration-none text-strikethrough-none\">Con el objetivo de promover la transici\u00f3n hacia un modelo econ\u00f3mico circular de las actividades industriales, el Ministerio de la Producci\u00f3n aprob\u00f3 la \u201cGu\u00eda de Econom\u00eda Circular para la Industria Textil\u201d, y la \u201cGu\u00eda sobre la Adecuada Gesti\u00f3n de Residuos con Enfoque de Econom\u00eda Circular para la Industria Textil\u201d.<\/span><\/p><p class=\"cvGsUA direction-ltr align-justify para-style-body\"><span class=\"OYPEnA font-feature-liga-off font-feature-clig-off font-feature-calt-off text-decoration-none text-strikethrough-none\">Por medio de las gu\u00edas se busca impulsar la aplicaci\u00f3n del enfoque circular en el sector textil, que agrupa aproximadamente 46 mil mype de las regiones de Arequipa, Jun\u00edn, Puno, Lima, entre otras.<\/span><\/p><p class=\"cvGsUA direction-ltr align-justify para-style-body\"><span class=\"OYPEnA font-feature-liga-off font-feature-clig-off font-feature-calt-off text-decoration-none text-strikethrough-none\">Es clave resaltar que la industria textil presenta un gran potencial para incorporar la econom\u00eda circular, a trav\u00e9s de la optimizaci\u00f3n de procesos, reducci\u00f3n de mermas, generaci\u00f3n de menos emisiones al ambiente, recirculaci\u00f3n de efluentes, aprovechamiento de residuos, entre otros.<\/span><\/p><p class=\"cvGsUA direction-ltr align-justify para-style-body\"><span class=\"OYPEnA font-feature-liga-off font-feature-clig-off font-feature-calt-off text-decoration-none text-strikethrough-none\">Las gu\u00edas, adem\u00e1s de proporcionar un desarrollo conceptual, incluyen casos pr\u00e1cticos implementados por industrias textiles peruanas, lo que servir\u00e1 de orientaci\u00f3n a las empresas para replicar estas buenas pr\u00e1cticas y as\u00ed mejorar su eficiencia y competitividad.<\/span><\/p><p class=\"cvGsUA direction-ltr align-justify para-style-body\"><span class=\"OYPEnA font-feature-liga-off font-feature-clig-off font-feature-calt-off text-decoration-none text-strikethrough-none\">Asimismo, la aprobaci\u00f3n de las gu\u00edas marca el inicio de la emisi\u00f3n de documentos orientadores para la industria manufacturera, que PRODUCE tiene programado a fin de promover el tr\u00e1nsito de las micro, peque\u00f1as y medianas empresas hacia el enfoque de la econom\u00eda circular.<\/span><\/p><p class=\"cvGsUA direction-ltr align-justify para-style-body\"><span class=\"OYPEnA font-feature-liga-off font-feature-clig-off font-feature-calt-off text-decoration-none text-strikethrough-none\">Cabe precisar que ambas gu\u00edas fueron elaboradas en el marco de la Hoja de Ruta hacia una Econom\u00eda Circular en el Sector Manufacturero, aprobada con Decreto Supremo N\u00b0 003-2020-PRODUCE, y desarrolladas con apoyo de la cooperaci\u00f3n alemana para el desarrollo, implementada por GIZ, a trav\u00e9s del proyecto \u201cEconom\u00eda Circular para un desarrollo urbano amigable con el clima\u201d -(KLW).<\/span><\/p><p class=\"cvGsUA direction-ltr align-justify para-style-body\"><span class=\"OYPEnA font-feature-liga-off font-feature-clig-off font-feature-calt-off text-decoration-none text-strikethrough-none\">Fuente: Ministerio de la Producci\u00f3n<\/span><\/p>\t\t\t\t\t\t<\/div>\n\t\t\t\t<\/div>\n\t\t\t\t\t<\/div>\n\t\t<\/div>\n\t\t\t\t\t\t\t<\/div>\n\t\t<\/section>\n\t\t\t\t\t\t\t<\/div>\n\t\t","protected":false},"excerpt":{"rendered":"<p>Con el objetivo de promover la transici\u00f3n hacia un modelo econ\u00f3mico circular de las actividades industriales, el Ministerio de la Producci\u00f3n aprob\u00f3 la \u201cGu\u00eda de Econom\u00eda Circular para la Industria Textil\u201d, y la \u201cGu\u00eda sobre la Adecuada Gesti\u00f3n de Residuos con Enfoque de Econom\u00eda Circular para la Industria Textil\u201d. Por medio de las gu\u00edas se [&hellip;]<\/p>\n","protected":false},"author":6,"featured_media":7477,"comment_status":"open","ping_status":"open","sticky":false,"template":"","format":"standard","meta":{"footnotes":""},"categories":[64,42,1,44],"tags":[141,216,132,144,188],"class_list":["post-7505","post","type-post","status-publish","format-standard","has-post-thumbnail","hentry","category-noticias","category-novedades","category-sin-categoria","category-textil-confecciones","tag-economia-circular","tag-gestion-de-residuos","tag-manufactura","tag-sostenibilidad","tag-textil-y-confecciones"],"_links":{"self":[{"href":"https:\/\/desarrollo.infobox.com.pe\/miempresacircular\/wp-json\/wp\/v2\/posts\/7505","targetHints":{"allow":["GET"]}}],"collection":[{"href":"https:\/\/desarrollo.infobox.com.pe\/miempresacircular\/wp-json\/wp\/v2\/posts"}],"about":[{"href":"https:\/\/desarrollo.infobox.com.pe\/miempresacircular\/wp-json\/wp\/v2\/types\/post"}],"author":[{"embeddable":true,"href":"https:\/\/desarrollo.infobox.com.pe\/miempresacircular\/wp-json\/wp\/v2\/users\/6"}],"replies":[{"embeddable":true,"href":"https:\/\/desarrollo.infobox.com.pe\/miempresacircular\/wp-json\/wp\/v2\/comments?post=7505"}],"version-history":[{"count":4,"href":"https:\/\/desarrollo.infobox.com.pe\/miempresacircular\/wp-json\/wp\/v2\/posts\/7505\/revisions"}],"predecessor-version":[{"id":7509,"href":"https:\/\/desarrollo.infobox.com.pe\/miempresacircular\/wp-json\/wp\/v2\/posts\/7505\/revisions\/7509"}],"wp:featuredmedia":[{"embeddable":true,"href":"https:\/\/desarrollo.infobox.com.pe\/miempresacircular\/wp-json\/wp\/v2\/media\/7477"}],"wp:attachment":[{"href":"https:\/\/desarrollo.infobox.com.pe\/miempresacircular\/wp-json\/wp\/v2\/media?parent=7505"}],"wp:term":[{"taxonomy":"category","embeddable":true,"href":"https:\/\/desarrollo.infobox.com.pe\/miempresacircular\/wp-json\/wp\/v2\/categories?post=7505"},{"taxonomy":"post_tag","embeddable":true,"href":"https:\/\/desarrollo.infobox.com.pe\/miempresacircular\/wp-json\/wp\/v2\/tags?post=7505"}],"curies":[{"name":"wp","href":"https:\/\/api.w.org\/{rel}","templated":true}]}}