{"id":7583,"date":"2024-07-29T16:45:39","date_gmt":"2024-07-29T21:45:39","guid":{"rendered":"https:\/\/miempresacircular.pe\/?p=7583"},"modified":"2024-08-20T17:07:48","modified_gmt":"2024-08-20T22:07:48","slug":"ministerio-de-la-produccion-articula-con-municipalidades-para-fomentar-economia-circular","status":"publish","type":"post","link":"https:\/\/desarrollo.infobox.com.pe\/miempresacircular\/2024\/07\/29\/ministerio-de-la-produccion-articula-con-municipalidades-para-fomentar-economia-circular\/","title":{"rendered":"Ministerio de la Producci\u00f3n articula con municipalidades para fomentar econom\u00eda circular"},"content":{"rendered":"\t\t<div data-elementor-type=\"wp-post\" data-elementor-id=\"7583\" class=\"elementor elementor-7583\">\n\t\t\t\t\t\t\t\t\t<section class=\"elementor-section elementor-top-section elementor-element elementor-element-ee1bb56 elementor-section-boxed elementor-section-height-default elementor-section-height-default\" data-id=\"ee1bb56\" data-element_type=\"section\">\n\t\t\t\t\t\t<div class=\"elementor-container elementor-column-gap-default\">\n\t\t\t\t\t<div class=\"elementor-column elementor-col-100 elementor-top-column elementor-element elementor-element-30a32fe\" data-id=\"30a32fe\" data-element_type=\"column\">\n\t\t\t<div class=\"elementor-widget-wrap elementor-element-populated\">\n\t\t\t\t\t\t\t\t<div class=\"elementor-element elementor-element-86065bb elementor-widget elementor-widget-text-editor\" data-id=\"86065bb\" data-element_type=\"widget\" data-widget_type=\"text-editor.default\">\n\t\t\t\t<div class=\"elementor-widget-container\">\n\t\t\t<style>\/*! elementor - v3.9.0 - 06-12-2022 *\/\n.elementor-widget-text-editor.elementor-drop-cap-view-stacked .elementor-drop-cap{background-color:#818a91;color:#fff}.elementor-widget-text-editor.elementor-drop-cap-view-framed .elementor-drop-cap{color:#818a91;border:3px solid;background-color:transparent}.elementor-widget-text-editor:not(.elementor-drop-cap-view-default) .elementor-drop-cap{margin-top:8px}.elementor-widget-text-editor:not(.elementor-drop-cap-view-default) .elementor-drop-cap-letter{width:1em;height:1em}.elementor-widget-text-editor .elementor-drop-cap{float:left;text-align:center;line-height:1;font-size:50px}.elementor-widget-text-editor .elementor-drop-cap-letter{display:inline-block}<\/style>\t\t\t\t<p class=\"cvGsUA direction-ltr align-justify para-style-body\"><span class=\"OYPEnA font-feature-liga-off font-feature-clig-off font-feature-calt-off text-decoration-none text-strikethrough-none\">El Ministerio de la Producci\u00f3n (Produce) organiz\u00f3 el seminario \u00abGesti\u00f3n Ambiental y Econom\u00eda Circular en la industria manufacturera y el comercio interno en la administraci\u00f3n municipal\u00bb, con el objetivo de fortalecer las habilidades de los gestores municipales para promover un desarrollo productivo sostenible y una econom\u00eda circular<\/span><\/p><p class=\"cvGsUA direction-ltr align-justify para-style-body\"><span class=\"OYPEnA font-feature-liga-off font-feature-clig-off font-feature-calt-off text-decoration-none text-strikethrough-none\">Durante el seminario, se cont\u00f3 con la presencia del viceministro de MYPE e Industria, C\u00e9sar Quispe Luj\u00e1n, quien subray\u00f3 la importancia de la industria manufacturera en el progreso del pa\u00eds y destac\u00f3 la necesidad de que las actividades productivas sean m\u00e1s competitivas y sostenibles. En este contexto, resalt\u00f3 las ventajas de la econom\u00eda circular para la rentabilidad empresarial.<\/span><\/p><p class=\"cvGsUA direction-ltr align-justify para-style-body\"><span class=\"OYPEnA font-feature-liga-off font-feature-clig-off font-feature-calt-off text-decoration-none text-strikethrough-none\">En el seminario, se destacaron las iniciativas actuales del Sector Producci\u00f3n dentro de las pol\u00edticas ambientales nacionales. Por ejemplo, la implementaci\u00f3n de la Hoja de Ruta (2020-2025) hacia una econom\u00eda circular en el sector industrial, el desarrollo de parques Eco-Industriales, y la aplicaci\u00f3n del Protocolo de Montreal para la eliminaci\u00f3n gradual de sustancias que da\u00f1an la capa de ozono.<\/span><\/p><p class=\"cvGsUA direction-ltr align-justify para-style-body\"><span class=\"OYPEnA font-feature-liga-off font-feature-clig-off font-feature-calt-off text-decoration-none text-strikethrough-none\">De igual forma, el viceministro alent\u00f3 a los gestores p\u00fablicos presentes a seguir promoviendo el modelo de econom\u00eda circular: \u00abDesde PRODUCE, buscamos fomentar un desarrollo productivo sostenible, lo que implica adoptar medidas para mitigar el cambio clim\u00e1tico, conforme a nuestros compromisos nacionales. Para lograrlo, debemos optimizar nuestros procesos y avanzar hacia una econom\u00eda circular\u00bb, afirm\u00f3.<\/span><\/p><p class=\"cvGsUA direction-ltr align-justify para-style-body\"><span class=\"OYPEnA font-feature-liga-off font-feature-clig-off font-feature-calt-off text-decoration-none text-strikethrough-none\">Este evento, realizado con apoyo de la cooperaci\u00f3n alemana para el desarrollo, implementada por la GIZ, incluy\u00f3 la participaci\u00f3n de funcionarios municipales de las \u00e1reas de Desarrollo Econ\u00f3mico, Gesti\u00f3n Ambiental y Fiscalizaci\u00f3n de la Municipalidad Metropolitana de Lima y la Municipalidad Provincial del Callao. Es importante destacar que este espacio permiti\u00f3 a los participantes profundizar conocimientos sobre normas y regulaciones ambientales que deben cumplir las empresas en sus distritos, as\u00ed como conocer conceptos clave e impacto positivo de la econom\u00eda circular en la mejora empresarial de la industria manufacturera y el comercio interno.<\/span><\/p><p class=\"cvGsUA direction-ltr align-justify para-style-body\"><span class=\"OYPEnA font-feature-liga-off font-feature-clig-off font-feature-calt-off text-decoration-none text-strikethrough-none\">Fuente: Ministerio de la Producci\u00f3n.<\/span><\/p>\t\t\t\t\t\t<\/div>\n\t\t\t\t<\/div>\n\t\t\t\t\t<\/div>\n\t\t<\/div>\n\t\t\t\t\t\t\t<\/div>\n\t\t<\/section>\n\t\t\t\t\t\t\t<\/div>\n\t\t","protected":false},"excerpt":{"rendered":"<p>El Ministerio de la Producci\u00f3n (Produce) organiz\u00f3 el seminario \u00abGesti\u00f3n Ambiental y Econom\u00eda Circular en la industria manufacturera y el comercio interno en la administraci\u00f3n municipal\u00bb, con el objetivo de fortalecer las habilidades de los gestores municipales para promover un desarrollo productivo sostenible y una econom\u00eda circular Durante el seminario, se cont\u00f3 con la presencia [&hellip;]<\/p>\n","protected":false},"author":6,"featured_media":7586,"comment_status":"open","ping_status":"open","sticky":false,"template":"","format":"standard","meta":{"footnotes":""},"categories":[64,42],"tags":[141,144],"class_list":["post-7583","post","type-post","status-publish","format-standard","has-post-thumbnail","hentry","category-noticias","category-novedades","tag-economia-circular","tag-sostenibilidad"],"_links":{"self":[{"href":"https:\/\/desarrollo.infobox.com.pe\/miempresacircular\/wp-json\/wp\/v2\/posts\/7583","targetHints":{"allow":["GET"]}}],"collection":[{"href":"https:\/\/desarrollo.infobox.com.pe\/miempresacircular\/wp-json\/wp\/v2\/posts"}],"about":[{"href":"https:\/\/desarrollo.infobox.com.pe\/miempresacircular\/wp-json\/wp\/v2\/types\/post"}],"author":[{"embeddable":true,"href":"https:\/\/desarrollo.infobox.com.pe\/miempresacircular\/wp-json\/wp\/v2\/users\/6"}],"replies":[{"embeddable":true,"href":"https:\/\/desarrollo.infobox.com.pe\/miempresacircular\/wp-json\/wp\/v2\/comments?post=7583"}],"version-history":[{"count":5,"href":"https:\/\/desarrollo.infobox.com.pe\/miempresacircular\/wp-json\/wp\/v2\/posts\/7583\/revisions"}],"predecessor-version":[{"id":7590,"href":"https:\/\/desarrollo.infobox.com.pe\/miempresacircular\/wp-json\/wp\/v2\/posts\/7583\/revisions\/7590"}],"wp:featuredmedia":[{"embeddable":true,"href":"https:\/\/desarrollo.infobox.com.pe\/miempresacircular\/wp-json\/wp\/v2\/media\/7586"}],"wp:attachment":[{"href":"https:\/\/desarrollo.infobox.com.pe\/miempresacircular\/wp-json\/wp\/v2\/media?parent=7583"}],"wp:term":[{"taxonomy":"category","embeddable":true,"href":"https:\/\/desarrollo.infobox.com.pe\/miempresacircular\/wp-json\/wp\/v2\/categories?post=7583"},{"taxonomy":"post_tag","embeddable":true,"href":"https:\/\/desarrollo.infobox.com.pe\/miempresacircular\/wp-json\/wp\/v2\/tags?post=7583"}],"curies":[{"name":"wp","href":"https:\/\/api.w.org\/{rel}","templated":true}]}}