{"id":7591,"date":"2024-08-12T17:04:44","date_gmt":"2024-08-12T22:04:44","guid":{"rendered":"https:\/\/miempresacircular.pe\/?p=7591"},"modified":"2024-08-20T17:10:33","modified_gmt":"2024-08-20T22:10:33","slug":"jornada-de-circularidad-en-el-sector-industrial-se-desarrollo-con-exito-en-arequipa","status":"publish","type":"post","link":"https:\/\/desarrollo.infobox.com.pe\/miempresacircular\/2024\/08\/12\/jornada-de-circularidad-en-el-sector-industrial-se-desarrollo-con-exito-en-arequipa\/","title":{"rendered":"\u201cJornada de Circularidad en el Sector Industrial\u201d se desarroll\u00f3 con \u00e9xito en Arequipa"},"content":{"rendered":"\t\t<div data-elementor-type=\"wp-post\" data-elementor-id=\"7591\" class=\"elementor elementor-7591\">\n\t\t\t\t\t\t\t\t\t<section class=\"elementor-section elementor-top-section elementor-element elementor-element-af43a7d elementor-section-boxed elementor-section-height-default elementor-section-height-default\" data-id=\"af43a7d\" data-element_type=\"section\">\n\t\t\t\t\t\t<div class=\"elementor-container elementor-column-gap-default\">\n\t\t\t\t\t<div class=\"elementor-column elementor-col-100 elementor-top-column elementor-element elementor-element-4ed98c8\" data-id=\"4ed98c8\" data-element_type=\"column\">\n\t\t\t<div class=\"elementor-widget-wrap elementor-element-populated\">\n\t\t\t\t\t\t\t\t<div class=\"elementor-element elementor-element-5eee33d elementor-widget elementor-widget-text-editor\" data-id=\"5eee33d\" data-element_type=\"widget\" data-widget_type=\"text-editor.default\">\n\t\t\t\t<div class=\"elementor-widget-container\">\n\t\t\t<style>\/*! elementor - v3.9.0 - 06-12-2022 *\/\n.elementor-widget-text-editor.elementor-drop-cap-view-stacked .elementor-drop-cap{background-color:#818a91;color:#fff}.elementor-widget-text-editor.elementor-drop-cap-view-framed .elementor-drop-cap{color:#818a91;border:3px solid;background-color:transparent}.elementor-widget-text-editor:not(.elementor-drop-cap-view-default) .elementor-drop-cap{margin-top:8px}.elementor-widget-text-editor:not(.elementor-drop-cap-view-default) .elementor-drop-cap-letter{width:1em;height:1em}.elementor-widget-text-editor .elementor-drop-cap{float:left;text-align:center;line-height:1;font-size:50px}.elementor-widget-text-editor .elementor-drop-cap-letter{display:inline-block}<\/style>\t\t\t\t<p class=\"cvGsUA direction-ltr align-justify para-style-body\"><span class=\"OYPEnA font-feature-liga-off font-feature-clig-off font-feature-calt-off text-decoration-none text-strikethrough-none\">El pasado viernes 9 de agosto de 2024, la ciudad de Arequipa fue el escenario de la \u00abJornada de Circularidad en el Sector Industrial\u00bb, un evento trascendental que reuni\u00f3 a destacados representantes del sector p\u00fablico y privado. El objetivo de la jornada fue promover la implementaci\u00f3n de pr\u00e1cticas de econom\u00eda circular en las micro, peque\u00f1as y medianas empresas (mipyme) manufactureras.<\/span><\/p><p class=\"cvGsUA direction-ltr align-justify para-style-body\"><span class=\"OYPEnA font-feature-liga-off font-feature-clig-off font-feature-calt-off text-decoration-none text-strikethrough-none\">El evento cont\u00f3 con la presencia del Sr. C\u00e9sar M. Quispe Luj\u00e1n, viceministro de Mype e Industria del Ministerio de la Producci\u00f3n (PRODUCE), quien resalt\u00f3 la importancia de impulsar un cambio positivo en la econom\u00eda regional. En esa l\u00ednea, destac\u00f3 a la econom\u00eda circular como una alternativa para optimizar recursos, promover la innovaci\u00f3n y reducir residuos, permitiendo a las empresas ser m\u00e1s sostenibles y competitivas.<\/span><\/p><p class=\"cvGsUA direction-ltr align-justify para-style-body\"><span class=\"OYPEnA font-feature-liga-off font-feature-clig-off font-feature-calt-off text-decoration-none text-strikethrough-none\">La jornada ofreci\u00f3 a sector industria de Arequipa una valiosa oportunidad para conocer c\u00f3mo adoptar los principios de la econom\u00eda circular en sus procesos productivos, aline\u00e1ndose con la Hoja de Ruta hacia una Econom\u00eda Circular en la Industria Manufacturera, impulsada por PRODUCE.<\/span><\/p><p class=\"cvGsUA direction-ltr align-justify para-style-body\"><span class=\"OYPEnA font-feature-liga-off font-feature-clig-off font-feature-calt-off text-decoration-none text-strikethrough-none\">Un momento destacado del evento fue el panel de casos de \u00e9xito, donde empresas locales compartieron sus experiencias y logros en la implementaci\u00f3n de pr\u00e1cticas circulares. Esto permiti\u00f3 a los asistentes comprender los beneficios de la econom\u00eda circular y c\u00f3mo pueden aplicar estos principios en sus propias empresas. De igual forma, se presentaron herramientas valiosas y gratuitas; como la \u00abCalculadora de Circularidad\u00bb que ofrece a los empresarios la posibilidad de descubrir el impacto circular de su operaci\u00f3n, y recibir recomendaciones pr\u00e1cticas para transitar hacia un modelo de negocio circular.<\/span><\/p><p class=\"cvGsUA direction-ltr align-justify para-style-body\"><span class=\"OYPEnA font-feature-liga-off font-feature-clig-off font-feature-calt-off text-decoration-none text-strikethrough-none\">Adem\u00e1s, la jornada incluy\u00f3 una feria de negocios sostenibles, en la que participaron empresas como Plantum AQP, AWAY Pasi\u00f3n y Calidad S.R.L, Ama Alpaca, Otrora EIRL, Mambra Moda en Cuero, y Te\u00f1ido de los Andes SAC. Por la tarde, se llev\u00f3 a cabo la II Rueda de Negocios Sostenibles \u2013 Edici\u00f3n Arequipa, que reuni\u00f3 a empresas ancla como Incalpaca, Industrias San Miguel, La Ib\u00e9rica, Laive y Yura, con proveedores sostenibles. Esta rueda de negocios facilit\u00f3 la conexi\u00f3n entre las mipyme y grandes compradores interesados en soluciones sostenibles, fomentando as\u00ed la econom\u00eda circular en la regi\u00f3n.<\/span><\/p><p class=\"cvGsUA direction-ltr align-justify para-style-body\"><span class=\"OYPEnA font-feature-liga-off font-feature-clig-off font-feature-calt-off text-decoration-none text-strikethrough-none\">Es importante destacar que el evento fue organizado en el marco de la Comisi\u00f3n por una econom\u00eda circular manufacturera en Per\u00fa \u2013 Mi Empresa Circular, liderada por PRODUCE, con el apoyo de la cooperaci\u00f3n alemana para el desarrollo, implementada por la GIZ; en conjunto con la C\u00e1mara de Comercio e Industria de Arequipa, Promper\u00fa y la Sociedad Nacional de Industrias, a trav\u00e9s del Programa AL-INVEST Verde.<\/span><\/p><p class=\"cvGsUA direction-ltr align-justify para-style-body\"><span class=\"OYPEnA font-feature-liga-off font-feature-clig-off font-feature-calt-off text-decoration-none text-strikethrough-none\">Finalmente, este evento refuerza el compromiso de todos los actores involucrados para impulsar un crecimiento econ\u00f3mico m\u00e1s sostenible, inclusivo y competitivo en el Per\u00fa, en l\u00ednea con la Pol\u00edtica Nacional de Competitividad y Productividad. \u00a1Juntos hacia un futuro m\u00e1s circular!<\/span><\/p>\t\t\t\t\t\t<\/div>\n\t\t\t\t<\/div>\n\t\t\t\t\t<\/div>\n\t\t<\/div>\n\t\t\t\t\t\t\t<\/div>\n\t\t<\/section>\n\t\t\t\t\t\t\t<\/div>\n\t\t","protected":false},"excerpt":{"rendered":"<p>El pasado viernes 9 de agosto de 2024, la ciudad de Arequipa fue el escenario de la \u00abJornada de Circularidad en el Sector Industrial\u00bb, un evento trascendental que reuni\u00f3 a destacados representantes del sector p\u00fablico y privado. El objetivo de la jornada fue promover la implementaci\u00f3n de pr\u00e1cticas de econom\u00eda circular en las micro, peque\u00f1as [&hellip;]<\/p>\n","protected":false},"author":6,"featured_media":7600,"comment_status":"open","ping_status":"open","sticky":false,"template":"","format":"standard","meta":{"footnotes":""},"categories":[64,42],"tags":[141,144,188],"class_list":["post-7591","post","type-post","status-publish","format-standard","has-post-thumbnail","hentry","category-noticias","category-novedades","tag-economia-circular","tag-sostenibilidad","tag-textil-y-confecciones"],"_links":{"self":[{"href":"https:\/\/desarrollo.infobox.com.pe\/miempresacircular\/wp-json\/wp\/v2\/posts\/7591","targetHints":{"allow":["GET"]}}],"collection":[{"href":"https:\/\/desarrollo.infobox.com.pe\/miempresacircular\/wp-json\/wp\/v2\/posts"}],"about":[{"href":"https:\/\/desarrollo.infobox.com.pe\/miempresacircular\/wp-json\/wp\/v2\/types\/post"}],"author":[{"embeddable":true,"href":"https:\/\/desarrollo.infobox.com.pe\/miempresacircular\/wp-json\/wp\/v2\/users\/6"}],"replies":[{"embeddable":true,"href":"https:\/\/desarrollo.infobox.com.pe\/miempresacircular\/wp-json\/wp\/v2\/comments?post=7591"}],"version-history":[{"count":7,"href":"https:\/\/desarrollo.infobox.com.pe\/miempresacircular\/wp-json\/wp\/v2\/posts\/7591\/revisions"}],"predecessor-version":[{"id":7599,"href":"https:\/\/desarrollo.infobox.com.pe\/miempresacircular\/wp-json\/wp\/v2\/posts\/7591\/revisions\/7599"}],"wp:featuredmedia":[{"embeddable":true,"href":"https:\/\/desarrollo.infobox.com.pe\/miempresacircular\/wp-json\/wp\/v2\/media\/7600"}],"wp:attachment":[{"href":"https:\/\/desarrollo.infobox.com.pe\/miempresacircular\/wp-json\/wp\/v2\/media?parent=7591"}],"wp:term":[{"taxonomy":"category","embeddable":true,"href":"https:\/\/desarrollo.infobox.com.pe\/miempresacircular\/wp-json\/wp\/v2\/categories?post=7591"},{"taxonomy":"post_tag","embeddable":true,"href":"https:\/\/desarrollo.infobox.com.pe\/miempresacircular\/wp-json\/wp\/v2\/tags?post=7591"}],"curies":[{"name":"wp","href":"https:\/\/api.w.org\/{rel}","templated":true}]}}