{"id":7601,"date":"2024-08-19T17:13:06","date_gmt":"2024-08-19T22:13:06","guid":{"rendered":"https:\/\/miempresacircular.pe\/?p=7601"},"modified":"2025-05-16T17:45:14","modified_gmt":"2025-05-16T22:45:14","slug":"gamarra-circular-produce-impulsa-la-economia-circular-en-el-mayor-centro-textil-del-peru","status":"publish","type":"post","link":"https:\/\/desarrollo.infobox.com.pe\/miempresacircular\/2024\/08\/19\/gamarra-circular-produce-impulsa-la-economia-circular-en-el-mayor-centro-textil-del-peru\/","title":{"rendered":"\u201cGamarra Circular\u201d: PRODUCE impulsa la econom\u00eda circular en el mayor centro textil del Per\u00fa"},"content":{"rendered":"<p>El 15 de agosto de 2024, se realiz\u00f3 el evento \u201cGamarra Circular, nuevas oportunidades econ\u00f3micas\u201d, en el emblem\u00e1tico Gamarra. En este espacio, el Ministerio de la Producci\u00f3n \u2013 PRODUCE present\u00f3 la Gu\u00eda de Econom\u00eda Circular para la Industria Textil y la Gu\u00eda sobre la Adecuada Gesti\u00f3n de Residuos con Enfoque de Econom\u00eda Circular para la Industria Textil, que promueven la transici\u00f3n de las empresas textiles hacia una econom\u00eda circular.<\/p>\n<p>A trav\u00e9s del evento se busc\u00f3 fortalecer las capacidades de las micro, peque\u00f1as y medianas empresas (mipymes) del sector textil, orient\u00e1ndolas hacia la adopci\u00f3n modelos de negocio m\u00e1s sostenibles, que les permita mejorar la sostenibilidad y la eficiencia de sus procesos productivos.<\/p>\n<p>Esta jornada cont\u00f3 con la participaci\u00f3n del viceministro de Mype e Industria, C\u00e9sar Quispe, quien explic\u00f3 a los empresarios de Gamarra que ambas gu\u00edas son un instrumento pionero en el pa\u00eds, que ofrece directrices claras para la integraci\u00f3n de pr\u00e1cticas circulares en los negocios textiles. Estas gu\u00edas fueron desarrolladas con el apoyo de la cooperaci\u00f3n alemana para el desarrollo, implementada por la GIZ, a trav\u00e9s del proyecto \u201cEconom\u00eda Circular para un Desarrollo Urbano Amigable con el Clima \u2013 KLW\u201d.<\/p>\n<p>El viceministro tambi\u00e9n destac\u00f3 que se vienen implementando diversas acciones para impulsar la competitividad del sector industrial peruano. De esta forma, se brinda a los empresarios herramientas pr\u00e1cticas para mejorar su desempe\u00f1o ambiental y adaptarse a las nuevas exigencias del mercado, as\u00ed como la oportunidad de participar en fondos concursables para obtener financiamiento. Asimismo, destac\u00f3 que, desde ProInn\u00f3vate, PRODUCE cuenta con fondos concursables sobre acci\u00f3n clim\u00e1tica que van desde los 180 mil soles hasta los 400 mil soles.<\/p>\n<p>Cabe precisar que el evento \u201cGamarra Circular, nuevas oportunidades econ\u00f3micas\u201d cont\u00f3 expertos que abordaron temas importantes, como las obligaciones y disposiciones t\u00e9cnicas ambientales para la industria manufacturera, las estrategias pr\u00e1cticas para la transici\u00f3n hacia la circularidad en las mipymes del sector textil, y casos de \u00e9xito que sirvieron como referencia para los asistentes. Adem\u00e1s, se discuti\u00f3 la relevancia de la circularidad para el acceso a mercados internacionales y las nuevas opciones de financiamiento sostenible que se ofrecen a trav\u00e9s de ProInn\u00f3vate.<\/p>\n<p>Finalmente, es importante resalar que este evento se desarroll\u00f3 en el marco de la Comisi\u00f3n por una Econom\u00eda Circular Manufacturera en el Per\u00fa \u2013 Mi Empresa Circular, liderada por el Ministerio de la Producci\u00f3n, con apoyo de la cooperaci\u00f3n alemana para el desarrollo, en conjunto con la Sociedad Nacional de Industrias, Promper\u00fa y la Uni\u00f3n Europea.<\/p>\n<p>Fuente: PRODUCE<\/p>\n","protected":false},"excerpt":{"rendered":"<p>El 15 de agosto de 2024, se realiz\u00f3 el evento \u201cGamarra Circular, nuevas oportunidades econ\u00f3micas\u201d, en el emblem\u00e1tico Gamarra. En este espacio, el Ministerio de la Producci\u00f3n \u2013 PRODUCE present\u00f3 la Gu\u00eda de Econom\u00eda Circular para la Industria Textil y la Gu\u00eda sobre la Adecuada Gesti\u00f3n de Residuos con Enfoque de Econom\u00eda Circular para la [&hellip;]<\/p>\n","protected":false},"author":6,"featured_media":7603,"comment_status":"open","ping_status":"open","sticky":false,"template":"","format":"standard","meta":{"footnotes":""},"categories":[64,42],"tags":[120,141,121,132,123,144,188],"class_list":["post-7601","post","type-post","status-publish","format-standard","has-post-thumbnail","hentry","category-noticias","category-novedades","tag-comienza-a-cerrar-el-circulo","tag-economia-circular","tag-manten-el-circulo","tag-manufactura","tag-piensa-circular","tag-sostenibilidad","tag-textil-y-confecciones"],"_links":{"self":[{"href":"https:\/\/desarrollo.infobox.com.pe\/miempresacircular\/wp-json\/wp\/v2\/posts\/7601","targetHints":{"allow":["GET"]}}],"collection":[{"href":"https:\/\/desarrollo.infobox.com.pe\/miempresacircular\/wp-json\/wp\/v2\/posts"}],"about":[{"href":"https:\/\/desarrollo.infobox.com.pe\/miempresacircular\/wp-json\/wp\/v2\/types\/post"}],"author":[{"embeddable":true,"href":"https:\/\/desarrollo.infobox.com.pe\/miempresacircular\/wp-json\/wp\/v2\/users\/6"}],"replies":[{"embeddable":true,"href":"https:\/\/desarrollo.infobox.com.pe\/miempresacircular\/wp-json\/wp\/v2\/comments?post=7601"}],"version-history":[{"count":4,"href":"https:\/\/desarrollo.infobox.com.pe\/miempresacircular\/wp-json\/wp\/v2\/posts\/7601\/revisions"}],"predecessor-version":[{"id":7606,"href":"https:\/\/desarrollo.infobox.com.pe\/miempresacircular\/wp-json\/wp\/v2\/posts\/7601\/revisions\/7606"}],"wp:featuredmedia":[{"embeddable":true,"href":"https:\/\/desarrollo.infobox.com.pe\/miempresacircular\/wp-json\/wp\/v2\/media\/7603"}],"wp:attachment":[{"href":"https:\/\/desarrollo.infobox.com.pe\/miempresacircular\/wp-json\/wp\/v2\/media?parent=7601"}],"wp:term":[{"taxonomy":"category","embeddable":true,"href":"https:\/\/desarrollo.infobox.com.pe\/miempresacircular\/wp-json\/wp\/v2\/categories?post=7601"},{"taxonomy":"post_tag","embeddable":true,"href":"https:\/\/desarrollo.infobox.com.pe\/miempresacircular\/wp-json\/wp\/v2\/tags?post=7601"}],"curies":[{"name":"wp","href":"https:\/\/api.w.org\/{rel}","templated":true}]}}