{"id":7680,"date":"2024-09-02T11:20:42","date_gmt":"2024-09-02T16:20:42","guid":{"rendered":"https:\/\/miempresacircular.pe\/?p=7680"},"modified":"2024-09-12T12:01:59","modified_gmt":"2024-09-12T17:01:59","slug":"produce-y-cooperacion-alemana-avances-hacia-una-transicion-circular-en-la-industria-manufacturera","status":"publish","type":"post","link":"https:\/\/desarrollo.infobox.com.pe\/miempresacircular\/2024\/09\/02\/produce-y-cooperacion-alemana-avances-hacia-una-transicion-circular-en-la-industria-manufacturera\/","title":{"rendered":"PRODUCE y cooperaci\u00f3n alemana: avances hacia una transici\u00f3n circular en la industria manufacturera"},"content":{"rendered":"\t\t<div data-elementor-type=\"wp-post\" data-elementor-id=\"7680\" class=\"elementor elementor-7680\">\n\t\t\t\t\t\t\t\t\t<section class=\"elementor-section elementor-top-section elementor-element elementor-element-2b200bd elementor-section-boxed elementor-section-height-default elementor-section-height-default\" data-id=\"2b200bd\" data-element_type=\"section\">\n\t\t\t\t\t\t<div class=\"elementor-container elementor-column-gap-default\">\n\t\t\t\t\t<div class=\"elementor-column elementor-col-100 elementor-top-column elementor-element elementor-element-8f571af\" data-id=\"8f571af\" data-element_type=\"column\">\n\t\t\t<div class=\"elementor-widget-wrap elementor-element-populated\">\n\t\t\t\t\t\t\t\t<div class=\"elementor-element elementor-element-e3c34a3 elementor-widget elementor-widget-text-editor\" data-id=\"e3c34a3\" data-element_type=\"widget\" data-widget_type=\"text-editor.default\">\n\t\t\t\t<div class=\"elementor-widget-container\">\n\t\t\t<style>\/*! elementor - v3.9.0 - 06-12-2022 *\/\n.elementor-widget-text-editor.elementor-drop-cap-view-stacked .elementor-drop-cap{background-color:#818a91;color:#fff}.elementor-widget-text-editor.elementor-drop-cap-view-framed .elementor-drop-cap{color:#818a91;border:3px solid;background-color:transparent}.elementor-widget-text-editor:not(.elementor-drop-cap-view-default) .elementor-drop-cap{margin-top:8px}.elementor-widget-text-editor:not(.elementor-drop-cap-view-default) .elementor-drop-cap-letter{width:1em;height:1em}.elementor-widget-text-editor .elementor-drop-cap{float:left;text-align:center;line-height:1;font-size:50px}.elementor-widget-text-editor .elementor-drop-cap-letter{display:inline-block}<\/style>\t\t\t\t<p class=\"cvGsUA direction-ltr align-justify para-style-body\"><span class=\"OYPEnA font-feature-liga-off font-feature-clig-off font-feature-calt-off text-decoration-none text-strikethrough-none\">Con la presencia del ministro de la Producci\u00f3n, Sergio Gonz\u00e1lez Guerrero, y la Agregada de Econom\u00eda y Asuntos Consulares de la Embajada de la Rep\u00fablica Federal de Alemania en Lima, Henrike Quarch, se presentaron los significativos avances del proyecto \u00abEconom\u00eda Circular para un Desarrollo Urbano Amigable con el Clima (KLW)\u00bb, liderado por el Ministerio de la Producci\u00f3n (PRODUCE) con el apoyo de la cooperaci\u00f3n alemana para el desarrollo, implementada por la GIZ. Este proyecto tiene como objetivo principal transformar la industria hacia un modelo sostenible mediante la implementaci\u00f3n de la Hoja de Ruta hacia una Econom\u00eda Circular (HR-EC), promoviendo un crecimiento econ\u00f3mico basado en micro, peque\u00f1as y medianas empresas (mipyme) m\u00e1s competitivas y sostenibles.<\/span><\/p><p class=\"cvGsUA direction-ltr align-justify para-style-body\"><span class=\"OYPEnA font-feature-liga-off font-feature-clig-off font-feature-calt-off text-decoration-none text-strikethrough-none\">KLW ha impulsado acciones clave para fomentar la circularidad empresarial en el Per\u00fa, enfoc\u00e1ndose en la creaci\u00f3n de marcos habilitantes como normas, reglamentos y mecanismos de financiamiento, tanto p\u00fablicos como privados, as\u00ed como en fortalecer la gobernanza intra-sectorial y multisectorial del Sector Producci\u00f3n. Asimismo, en este marco se han desarrollado herramientas de sensibilizaci\u00f3n para empresarios y programas de capacitaci\u00f3n para funcionarios en econom\u00eda circular, con el objetivo de mejorar la productividad de las mipyme, optimizar el uso eficiente de los recursos y facilitar su acceso a nuevos mercados sostenibles.<\/span><\/p><p class=\"cvGsUA direction-ltr align-justify para-style-body\"><span class=\"OYPEnA font-feature-liga-off font-feature-clig-off font-feature-calt-off text-decoration-none text-strikethrough-none\">Un logro destacado del proyecto ha sido su contribuci\u00f3n a la creaci\u00f3n de la Comisi\u00f3n por una Econom\u00eda Circular en la Industria Manufacturera en Per\u00fa \u2014Mi Empresa Circular\u2014, que ha fomentado la colaboraci\u00f3n entre los sectores p\u00fablico, privado, sociedad civil, academia y cooperaci\u00f3n internacional. Adem\u00e1s, se apoy\u00f3 la creaci\u00f3n del Grupo de Trabajo para Promover la Econom\u00eda Circular en el Sector Producci\u00f3n, que integra el enfoque circular en normas, pol\u00edticas, servicios e instrumentos de gesti\u00f3n.<\/span><\/p><p class=\"cvGsUA direction-ltr align-justify para-style-body\"><span class=\"OYPEnA font-feature-liga-off font-feature-clig-off font-feature-calt-off text-decoration-none text-strikethrough-none\">Gracias a estos esfuerzos coordinados, se ha logrado un 95% de avance en la implementaci\u00f3n de la HR-EC en el sector manufacturero, con una contribuci\u00f3n del 54% proveniente del proyecto KLW. Asimismo, se han incorporado principios de econom\u00eda circular en seis instrumentos de gesti\u00f3n de PRODUCE, y se han destinado S\/. 25 millones a proyectos aprobados bajo este enfoque por PROINN\u00d3VATE. A la par, 600 funcionarios han sido sensibilizados sobre el enfoque de circularidad, y a trav\u00e9s de Mi Empresa Circular, 400 mipymes han recibido asistencia t\u00e9cnica y capacitaci\u00f3n, alcanzando un total de 6,800 mipymes y beneficiando a m\u00e1s de 11,900 personas mediante diversas iniciativas.<\/span><\/p><p class=\"cvGsUA direction-ltr align-justify para-style-body\"><span class=\"OYPEnA font-feature-liga-off font-feature-clig-off font-feature-calt-off text-decoration-none text-strikethrough-none\">De cara al futuro, PRODUCE y la cooperaci\u00f3n alemana continuar\u00e1n trabajando en conjunto a trav\u00e9s del proyecto de continuaci\u00f3n \u00abEconom\u00eda Circular para un Desarrollo Urbano Amigable con el Clima II\u00bb, conocido como ProCircular, que contar\u00e1 con una inversi\u00f3n de 5 millones de euros para ejecutarse entre 2025 y 2027. Este nuevo proyecto permitir\u00e1 dise\u00f1ar e implementar la versi\u00f3n 2.0 de la Hoja de Ruta hacia una Econom\u00eda Circular en el Sector Industria, esencial para alcanzar los objetivos de la Hoja de Ruta Nacional de Econom\u00eda Circular en el Per\u00fa. Tambi\u00e9n se prev\u00e9 impulsar nuevas acciones en cadenas productivas de sectores priorizados, donde las empresas ancla liderar\u00e1n la transici\u00f3n hacia la circularidad en sus redes de proveedores.<\/span><\/p><p class=\"cvGsUA direction-ltr align-justify para-style-body\"><span class=\"OYPEnA font-feature-liga-off font-feature-clig-off font-feature-calt-off text-decoration-none text-strikethrough-none\">El apoyo de la cooperaci\u00f3n alemana ha sido fundamental para estos logros y seguir\u00e1 siendo un aliado estrat\u00e9gico en la promoci\u00f3n de un desarrollo m\u00e1s sostenible para el Per\u00fa.<\/span><\/p>\t\t\t\t\t\t<\/div>\n\t\t\t\t<\/div>\n\t\t\t\t\t<\/div>\n\t\t<\/div>\n\t\t\t\t\t\t\t<\/div>\n\t\t<\/section>\n\t\t\t\t\t\t\t<\/div>\n\t\t","protected":false},"excerpt":{"rendered":"<p>Con la presencia del ministro de la Producci\u00f3n, Sergio Gonz\u00e1lez Guerrero, y la Agregada de Econom\u00eda y Asuntos Consulares de la Embajada de la Rep\u00fablica Federal de Alemania en Lima, Henrike Quarch, se presentaron los significativos avances del proyecto \u00abEconom\u00eda Circular para un Desarrollo Urbano Amigable con el Clima (KLW)\u00bb, liderado por el Ministerio de [&hellip;]<\/p>\n","protected":false},"author":6,"featured_media":7669,"comment_status":"open","ping_status":"open","sticky":false,"template":"","format":"standard","meta":{"footnotes":""},"categories":[64,42],"tags":[141,132,144],"class_list":["post-7680","post","type-post","status-publish","format-standard","has-post-thumbnail","hentry","category-noticias","category-novedades","tag-economia-circular","tag-manufactura","tag-sostenibilidad"],"_links":{"self":[{"href":"https:\/\/desarrollo.infobox.com.pe\/miempresacircular\/wp-json\/wp\/v2\/posts\/7680","targetHints":{"allow":["GET"]}}],"collection":[{"href":"https:\/\/desarrollo.infobox.com.pe\/miempresacircular\/wp-json\/wp\/v2\/posts"}],"about":[{"href":"https:\/\/desarrollo.infobox.com.pe\/miempresacircular\/wp-json\/wp\/v2\/types\/post"}],"author":[{"embeddable":true,"href":"https:\/\/desarrollo.infobox.com.pe\/miempresacircular\/wp-json\/wp\/v2\/users\/6"}],"replies":[{"embeddable":true,"href":"https:\/\/desarrollo.infobox.com.pe\/miempresacircular\/wp-json\/wp\/v2\/comments?post=7680"}],"version-history":[{"count":4,"href":"https:\/\/desarrollo.infobox.com.pe\/miempresacircular\/wp-json\/wp\/v2\/posts\/7680\/revisions"}],"predecessor-version":[{"id":7684,"href":"https:\/\/desarrollo.infobox.com.pe\/miempresacircular\/wp-json\/wp\/v2\/posts\/7680\/revisions\/7684"}],"wp:featuredmedia":[{"embeddable":true,"href":"https:\/\/desarrollo.infobox.com.pe\/miempresacircular\/wp-json\/wp\/v2\/media\/7669"}],"wp:attachment":[{"href":"https:\/\/desarrollo.infobox.com.pe\/miempresacircular\/wp-json\/wp\/v2\/media?parent=7680"}],"wp:term":[{"taxonomy":"category","embeddable":true,"href":"https:\/\/desarrollo.infobox.com.pe\/miempresacircular\/wp-json\/wp\/v2\/categories?post=7680"},{"taxonomy":"post_tag","embeddable":true,"href":"https:\/\/desarrollo.infobox.com.pe\/miempresacircular\/wp-json\/wp\/v2\/tags?post=7680"}],"curies":[{"name":"wp","href":"https:\/\/api.w.org\/{rel}","templated":true}]}}