{"id":9955,"date":"2025-05-27T19:47:46","date_gmt":"2025-05-28T00:47:46","guid":{"rendered":"https:\/\/desarrollo.infobox.com.pe\/miempresacircular\/?p=9955"},"modified":"2025-06-13T13:00:05","modified_gmt":"2025-06-13T18:00:05","slug":"mujeres-lideres-en-economia-circular-fueron-reconocidas-en-el-evento-el-poder-de-lo-circular","status":"publish","type":"post","link":"https:\/\/desarrollo.infobox.com.pe\/miempresacircular\/2025\/05\/27\/mujeres-lideres-en-economia-circular-fueron-reconocidas-en-el-evento-el-poder-de-lo-circular\/","title":{"rendered":"Mujeres l\u00edderes en econom\u00eda circular fueron reconocidas en el evento \u201cEl Poder de lo Circular\u201d"},"content":{"rendered":"<div id=\"pl-9955\"  class=\"panel-layout\" ><div id=\"pg-9955-0\"  class=\"panel-grid panel-no-style\" ><div id=\"pgc-9955-0-0\"  class=\"panel-grid-cell\" ><div id=\"panel-9955-0-0-0\" class=\"so-panel widget widget_text panel-first-child panel-last-child\" data-index=\"0\" ><h2 class=\"h5 widget-title\">ProCircular Econom\u00eda Circular para un Desarrollo Urbano Amigable con el Clima II<\/h2>\t\t\t<div class=\"textwidget\"><div style=\"text-align: justify; color: #5a5d60;\">\n<p style=\"color: #5a5d60;\">El 30 de abril, en una jornada de inspiraci\u00f3n y reconocimiento, se realiz\u00f3 el evento \u201cEl Poder de lo Circular: Mujeres que Transforman\u201d, donde ocho mujeres emprendedoras de distintas regiones del pa\u00eds compartieron sus historias de liderazgo en la transici\u00f3n hacia una econom\u00eda circular. El evento se llev\u00f3 a cabo en formato tipo TED Talk, generando un espacio cercano y emotivo, en el que se resaltaron experiencias concretas desde territorios como Cusco, \u00c1ncash, Pasco, San Mart\u00edn y Lima, en sectores como la agroecolog\u00eda, la innovaci\u00f3n textil, la alimentaci\u00f3n consciente, la cultura viva y el desarrollo territorial.<br \/>\nCada una de las participantes recibi\u00f3 un reconocimiento simb\u00f3lico por su valioso aporte a la construcci\u00f3n de un modelo econ\u00f3mico m\u00e1s justo, sostenible e inclusivo. Durante la ceremonia se destac\u00f3 la necesidad de seguir promoviendo espacios de visibilidad y articulaci\u00f3n para fortalecer el rol transformador de las mujeres en el desarrollo productivo del pa\u00eds.<br \/>\nEste evento marc\u00f3 el cierre de la edici\u00f3n 2025 de la campa\u00f1a \u201cMujeres Futuro Circular\u201d, una iniciativa que busca visibilizar y fortalecer el liderazgo femenino en la transici\u00f3n hacia modelos de negocio m\u00e1s sostenibles. Impulsada por ASPEM, CESVI, Diakonia, IDMA, Tejiendo Sonrisas, Mi Empresa Circular y WHH, en colaboraci\u00f3n con la Universidad de Lima y la cooperaci\u00f3n alemana para el desarrollo, implementada por la GIZ, con el apoyo de la Uni\u00f3n Europea, la campa\u00f1a se lanza cada 8 de marzo en conmemoraci\u00f3n del D\u00eda Internacional de la Mujer y se extiende hasta abril con actividades presenciales y digitales.<br \/>\nA trav\u00e9s de esta campa\u00f1a se busca empoderar e inspirar, no solo destacando las contribuciones significativas de mujeres l\u00edderes, sino tambi\u00e9n motivando a m\u00e1s emprendedoras a seguir sus pasos. La participaci\u00f3n de las mujeres en la econom\u00eda circular se reafirma como una fuente potente de innovaci\u00f3n, resiliencia y transformaci\u00f3n social. La campa\u00f1a ha promovido redes de conexi\u00f3n entre empresarias circulares, espacios de colaboraci\u00f3n estrat\u00e9gica, fortalecimiento de capacidades en sostenibilidad y narrativas de impacto, as\u00ed como una mayor visibilidad de sus iniciativas en medios y plataformas digitales.<br \/>\nUna de las experiencias destacadas fue la de Elizabeth Rosas, fundadora de PURI, una marca de calzado sostenible que reemplaza materiales contaminantes por alternativas responsables como el cuero vegetal, el caucho de shiringa y empaques reciclados. Adem\u00e1s de reducir el impacto ambiental de la industria del calzado, PURI genera empleo digno para mujeres en situaci\u00f3n de vulnerabilidad, aportando as\u00ed a su autonom\u00eda econ\u00f3mica y a la transformaci\u00f3n social desde la primera infancia. Su propuesta demuestra que es posible caminar hacia un futuro diferente, con pasos firmes hacia la sostenibilidad.<br \/>\nLas historias completas de las ocho mujeres l\u00edderes que participaron este a\u00f1o pueden conocerse en: <a href=\"https:\/\/mujeresfuturocircular.com\/#campa\u00f1a\">https:\/\/mujeresfuturocircular.com\/#campa\u00f1a<\/a><\/p>\n<p>ProCircular es un proyecto que cuya contraparte es el Ministerio de la Producci\u00f3n. A trav\u00e9s del proyecto se busca fortalecer el desarrollo de modelos de negocio de Econom\u00eda Circular en la industria manufacturera y comercio interno respetuosos con el clima y los recursos en cadenas de valor seleccionadas en Per\u00fa.<\/p>\n<p>&nbsp;<\/p>\n<\/div>\n<div style=\"text-align: justify; color: #5a5d60;\">\n<p><span style=\"font-weight: 400;\"><b style=\"color: #164985;\">Contacto: <\/b>Ana Moreno; ana.moreno@giz.de<\/span><\/p>\n<p style=\"color: #5a5d60; text-align: center;\"><img loading=\"lazy\" decoding=\"async\" class=\"alignnone wp-image-9782 size-full\" src=\"\/miempresacircular\/wp-content\/uploads\/2025\/05\/ProCircular.jpg\" alt=\"\" width=\"566\" height=\"377\" srcset=\"https:\/\/desarrollo.infobox.com.pe\/miempresacircular\/wp-content\/uploads\/2025\/05\/ProCircular.jpg 566w, https:\/\/desarrollo.infobox.com.pe\/miempresacircular\/wp-content\/uploads\/2025\/05\/ProCircular-300x200.jpg 300w, https:\/\/desarrollo.infobox.com.pe\/miempresacircular\/wp-content\/uploads\/2025\/05\/ProCircular-272x182.jpg 272w\" sizes=\"auto, (max-width: 566px) 100vw, 566px\" \/><\/p>\n<\/div>\n<\/div>\n\t\t<\/div><\/div><\/div><\/div>","protected":false},"excerpt":{"rendered":"<p>Ocho emprendedoras de distintas regiones del Per\u00fa compartieron sus historias de innovaci\u00f3n y sostenibilidad en el evento \u201cEl Poder de lo Circular: Mujeres que Transforman\u201d. Esta jornada visibiliz\u00f3 el impacto del liderazgo femenino en la econom\u00eda circular y marc\u00f3 el cierre de la campa\u00f1a \u201cMujeres Futuro Circular 2025\u201d.<\/p>\n","protected":false},"author":1,"featured_media":9783,"comment_status":"open","ping_status":"open","sticky":false,"template":"","format":"standard","meta":{"footnotes":""},"categories":[64,42],"tags":[],"class_list":["post-9955","post","type-post","status-publish","format-standard","has-post-thumbnail","hentry","category-noticias","category-novedades"],"_links":{"self":[{"href":"https:\/\/desarrollo.infobox.com.pe\/miempresacircular\/wp-json\/wp\/v2\/posts\/9955","targetHints":{"allow":["GET"]}}],"collection":[{"href":"https:\/\/desarrollo.infobox.com.pe\/miempresacircular\/wp-json\/wp\/v2\/posts"}],"about":[{"href":"https:\/\/desarrollo.infobox.com.pe\/miempresacircular\/wp-json\/wp\/v2\/types\/post"}],"author":[{"embeddable":true,"href":"https:\/\/desarrollo.infobox.com.pe\/miempresacircular\/wp-json\/wp\/v2\/users\/1"}],"replies":[{"embeddable":true,"href":"https:\/\/desarrollo.infobox.com.pe\/miempresacircular\/wp-json\/wp\/v2\/comments?post=9955"}],"version-history":[{"count":3,"href":"https:\/\/desarrollo.infobox.com.pe\/miempresacircular\/wp-json\/wp\/v2\/posts\/9955\/revisions"}],"predecessor-version":[{"id":10493,"href":"https:\/\/desarrollo.infobox.com.pe\/miempresacircular\/wp-json\/wp\/v2\/posts\/9955\/revisions\/10493"}],"wp:featuredmedia":[{"embeddable":true,"href":"https:\/\/desarrollo.infobox.com.pe\/miempresacircular\/wp-json\/wp\/v2\/media\/9783"}],"wp:attachment":[{"href":"https:\/\/desarrollo.infobox.com.pe\/miempresacircular\/wp-json\/wp\/v2\/media?parent=9955"}],"wp:term":[{"taxonomy":"category","embeddable":true,"href":"https:\/\/desarrollo.infobox.com.pe\/miempresacircular\/wp-json\/wp\/v2\/categories?post=9955"},{"taxonomy":"post_tag","embeddable":true,"href":"https:\/\/desarrollo.infobox.com.pe\/miempresacircular\/wp-json\/wp\/v2\/tags?post=9955"}],"curies":[{"name":"wp","href":"https:\/\/api.w.org\/{rel}","templated":true}]}}