{"id":9958,"date":"2025-05-27T19:53:07","date_gmt":"2025-05-28T00:53:07","guid":{"rendered":"https:\/\/desarrollo.infobox.com.pe\/miempresacircular\/?p=9958"},"modified":"2025-05-29T10:52:16","modified_gmt":"2025-05-29T15:52:16","slug":"la-comision-por-una-economia-circular-manufacturera-en-peru-se-prepara-para-una-nueva-etapa-que-integrara-al-sector-comercio-interno","status":"publish","type":"post","link":"https:\/\/desarrollo.infobox.com.pe\/miempresacircular\/2025\/05\/27\/la-comision-por-una-economia-circular-manufacturera-en-peru-se-prepara-para-una-nueva-etapa-que-integrara-al-sector-comercio-interno\/","title":{"rendered":"La Comisi\u00f3n por una Econom\u00eda Circular Manufacturera en Per\u00fa se prepara para una nueva etapa que integrar\u00e1 al sector comercio interno"},"content":{"rendered":"<div id=\"pl-9958\"  class=\"panel-layout\" ><div id=\"pg-9958-0\"  class=\"panel-grid panel-no-style\" ><div id=\"pgc-9958-0-0\"  class=\"panel-grid-cell\" ><div id=\"panel-9958-0-0-0\" class=\"so-panel widget widget_text panel-first-child panel-last-child\" data-index=\"0\" ><h2 class=\"h5 widget-title\">ProCircular Econom\u00eda Circular para un Desarrollo Urbano Amigable con el Clima II<\/h2>\t\t\t<div class=\"textwidget\"><div style=\"text-align: justify; color: #5a5d60;\">\n<p><span style=\"font-weight: 400;\">El 3 de abril de 2025 se reuni\u00f3 el grupo impulsor de la Comisi\u00f3n por una Econom\u00eda Circular Manufacturera en el Per\u00fa, un espacio clave de coordinaci\u00f3n para avanzar hacia un modelo productivo m\u00e1s sostenible y competitivo.<\/span><\/p>\n<p><span style=\"font-weight: 400;\">La sesi\u00f3n reuni\u00f3 a representantes del Ministerio de la Producci\u00f3n, la Sociedad Nacional de Industrias, la Uni\u00f3n Europea y la cooperaci\u00f3n alemana para el desarrollo, implementada por la GIZ, quienes reflexionaron sobre los desaf\u00edos actuales y los pr\u00f3ximos pasos de la Comisi\u00f3n, especialmente en el contexto de la reciente publicaci\u00f3n de la Hoja de Ruta Nacional de Econom\u00eda Circular al 2030 y la pr\u00f3xima aprobaci\u00f3n de la Hoja de Ruta de Econom\u00eda Circular del sector manufactura y comercio interno.<\/span><\/p>\n<p><span style=\"font-weight: 400;\">En ese marco, los participantes coincidieron en la necesidad de ajustar la estructura de gobernanza de la Comisi\u00f3n para asegurar una mejor articulaci\u00f3n entre actores p\u00fablicos, privados y de la academia, as\u00ed como fortalecer su capacidad de implementar acciones frente a un nuevo escenario estrat\u00e9gico.<\/span><\/p>\n<p><span style=\"font-weight: 400;\">Uno de los principales acuerdos fue la incorporaci\u00f3n del sector comercio interno en la Comisi\u00f3n, reconociendo su rol esencial en el funcionamiento de las cadenas de valor circulares. Este sector, adem\u00e1s de conectar la producci\u00f3n con el consumo, es clave para la log\u00edstica inversa, el reciclaje post consumo y el desarrollo de pr\u00e1cticas como el <\/span><i><span style=\"font-weight: 400;\">refill <\/span><\/i><span style=\"font-weight: 400;\">y la reutilizaci\u00f3n.<\/span><\/p>\n<p><span style=\"font-weight: 400;\">Para impulsar esta integraci\u00f3n, se ha programado un taller con empresas y entidades del sector comercio interno para el pr\u00f3ximo 22 de abril. Asimismo, con el objetivo de reforzar el v\u00ednculo con el sector de la academia, se ha previsto la realizaci\u00f3n de un segundo taller, el 24 de abril, orientado a universidades y actores vinculados a la innovaci\u00f3n y el conocimiento.<\/span><\/p>\n<p><span style=\"font-weight: 400;\">La Comisi\u00f3n avanza as\u00ed hacia una nueva etapa, consolid\u00e1ndose como un espacio estrat\u00e9gico de di\u00e1logo y acci\u00f3n colectiva para promover una econom\u00eda circular inclusiva en el Per\u00fa, con base en el compromiso de sus actores y en la convergencia de esfuerzos p\u00fablico\u2013privados.<\/span><\/p>\n<p><span style=\"font-weight: 400;\">ProCircular es un proyecto que cuya contraparte es el Ministerio de la Producci\u00f3n. A trav\u00e9s del proyecto se busca fortalecer el desarrollo de modelos de negocio de Econom\u00eda Circular en la industria manufacturera y comercio interno respetuosos con el clima y los recursos en cadenas de valor seleccionadas en Per\u00fa<\/span><\/p>\n<p style=\"color: #5a5d60;\"><b style=\"color: #164985;\">Contacto: <\/b>Ana Moreno; ana.moreno@giz.de<\/p>\n<\/div>\n<div style=\"text-align: justify; color: #5a5d60;\">\n<p>&nbsp;<\/p>\n<\/div>\n<\/div>\n\t\t<\/div><\/div><\/div><\/div>","protected":false},"excerpt":{"rendered":"<p>El grupo impulsor de la Comisi\u00f3n por una Econom\u00eda Circular Manufacturera se reuni\u00f3 para definir pr\u00f3ximos pasos tras la publicaci\u00f3n de la Hoja de Ruta Nacional. Se acord\u00f3 incorporar al sector comercio interno y fortalecer v\u00ednculos con la academia, consolidando un espacio clave para impulsar un modelo productivo sostenible.<\/p>\n","protected":false},"author":1,"featured_media":9787,"comment_status":"open","ping_status":"open","sticky":false,"template":"","format":"standard","meta":{"footnotes":""},"categories":[64,42,1],"tags":[],"class_list":["post-9958","post","type-post","status-publish","format-standard","has-post-thumbnail","hentry","category-noticias","category-novedades","category-sin-categoria"],"_links":{"self":[{"href":"https:\/\/desarrollo.infobox.com.pe\/miempresacircular\/wp-json\/wp\/v2\/posts\/9958","targetHints":{"allow":["GET"]}}],"collection":[{"href":"https:\/\/desarrollo.infobox.com.pe\/miempresacircular\/wp-json\/wp\/v2\/posts"}],"about":[{"href":"https:\/\/desarrollo.infobox.com.pe\/miempresacircular\/wp-json\/wp\/v2\/types\/post"}],"author":[{"embeddable":true,"href":"https:\/\/desarrollo.infobox.com.pe\/miempresacircular\/wp-json\/wp\/v2\/users\/1"}],"replies":[{"embeddable":true,"href":"https:\/\/desarrollo.infobox.com.pe\/miempresacircular\/wp-json\/wp\/v2\/comments?post=9958"}],"version-history":[{"count":4,"href":"https:\/\/desarrollo.infobox.com.pe\/miempresacircular\/wp-json\/wp\/v2\/posts\/9958\/revisions"}],"predecessor-version":[{"id":10000,"href":"https:\/\/desarrollo.infobox.com.pe\/miempresacircular\/wp-json\/wp\/v2\/posts\/9958\/revisions\/10000"}],"wp:featuredmedia":[{"embeddable":true,"href":"https:\/\/desarrollo.infobox.com.pe\/miempresacircular\/wp-json\/wp\/v2\/media\/9787"}],"wp:attachment":[{"href":"https:\/\/desarrollo.infobox.com.pe\/miempresacircular\/wp-json\/wp\/v2\/media?parent=9958"}],"wp:term":[{"taxonomy":"category","embeddable":true,"href":"https:\/\/desarrollo.infobox.com.pe\/miempresacircular\/wp-json\/wp\/v2\/categories?post=9958"},{"taxonomy":"post_tag","embeddable":true,"href":"https:\/\/desarrollo.infobox.com.pe\/miempresacircular\/wp-json\/wp\/v2\/tags?post=9958"}],"curies":[{"name":"wp","href":"https:\/\/api.w.org\/{rel}","templated":true}]}}