{"id":9962,"date":"2025-05-27T20:06:10","date_gmt":"2025-05-28T01:06:10","guid":{"rendered":"https:\/\/desarrollo.infobox.com.pe\/miempresacircular\/?p=9962"},"modified":"2025-06-13T12:58:54","modified_gmt":"2025-06-13T17:58:54","slug":"responsabilidad-extendida-del-productor-una-herramienta-estrategica-para-el-desarrollo-industrial-sostenible-en-el-peru","status":"publish","type":"post","link":"https:\/\/desarrollo.infobox.com.pe\/miempresacircular\/2025\/05\/27\/responsabilidad-extendida-del-productor-una-herramienta-estrategica-para-el-desarrollo-industrial-sostenible-en-el-peru\/","title":{"rendered":"Responsabilidad Extendida del Productor: una herramienta estrat\u00e9gica para el desarrollo industrial sostenible en el Per\u00fa"},"content":{"rendered":"<div id=\"pl-9962\"  class=\"panel-layout\" ><div id=\"pg-9962-0\"  class=\"panel-grid panel-no-style\" ><div id=\"pgc-9962-0-0\"  class=\"panel-grid-cell\" ><div id=\"panel-9962-0-0-0\" class=\"so-panel widget widget_text panel-first-child panel-last-child\" data-index=\"0\" ><h2 class=\"h5 widget-title\">ProCircular Econom\u00eda Circular para un Desarrollo Urbano Amigable con el Clima II<\/h2>\t\t\t<div class=\"textwidget\"><div style=\"text-align: justify; color: #5a5d60;\">\n<p><span style=\"font-weight: 400;\">El 08 de abril, se realiz\u00f3 la charla <\/span><i><span style=\"font-weight: 400;\">\u201cDesarrollo Industrial, Econom\u00eda Circular y Responsabilidad Extendida del Productor\u201d<\/span><\/i><span style=\"font-weight: 400;\">, un espacio de intercambio clave dirigido a empresari*s que abord\u00f3 los avances y desaf\u00edos en la implementaci\u00f3n de este instrumento en el Per\u00fa.<\/span><\/p>\n<p><span style=\"font-weight: 400;\">La <\/span><i><span style=\"font-weight: 400;\">Responsabilidad Extendida del Productor<\/span><\/i><span style=\"font-weight: 400;\"> (REP) es una herramienta de gesti\u00f3n que busca que l*s fabricantes, importadores y comercializadores asuman un rol activo en el ciclo de vida de sus productos, incluyendo la recolecci\u00f3n, tratamiento y disposici\u00f3n final de los residuos que generan. Esta pol\u00edtica, reconocida a nivel global, promueve la reducci\u00f3n del impacto ambiental de los productos y fomenta modelos de negocio m\u00e1s sostenibles, incentivando el ecodise\u00f1o, el reciclaje y la econom\u00eda circular.<\/span><\/p>\n<p><span style=\"font-weight: 400;\">El evento fue inaugurado por Felipe James Callao, presidente de la SNI; Tatiana Garc\u00eda, responsable de Medio Ambiente y Cambio Clim\u00e1tico de la Delegaci\u00f3n de la Uni\u00f3n Europea en el Per\u00fa; y la Dra. Ana Isabel Moreno Morales, directora de proyectos de la cooperaci\u00f3n alemana para el desarrollo, implementada por la GIZ.<\/span><\/p>\n<p><span style=\"font-weight: 400;\">En sus palabras de bienvenida, la Dra. Moreno subray\u00f3 que \u201cla REP no es solo un instrumento t\u00e9cnico o normativo, sino una oportunidad para innovar, cooperar y construir econom\u00edas m\u00e1s circulares, resilientes y justas\u201d. Asimismo, destac\u00f3 el modelo alem\u00e1n, donde m\u00e1s del 90% de los envases recolectados mediante el \u201csistema dual\u201d son reciclados. Este sistema, gestionado por entidades privadas bajo regulaci\u00f3n estatal, obliga a l*s productor*s a financiar y organizar la recolecci\u00f3n y reciclaje de los residuos generados por sus productos. Gracias a este enfoque, Alemania ha logrado no solo una significativa reducci\u00f3n de residuos s\u00f3lidos urbanos, sino tambi\u00e9n la generaci\u00f3n de nuevas cadenas de valor, empleo verde y alivio para los gobiernos locales.<\/span><\/p>\n<p><span style=\"font-weight: 400;\">El evento continu\u00f3 con la presentaci\u00f3n de Jos\u00e9 Luis Ricardo Esteban, del Ministerio del Ambiente, quien comparti\u00f3 los avances en la normativa peruana y las estrategias nacionales para la implementaci\u00f3n de la REP. Por su parte, Gunther Merzthal, de la Delegaci\u00f3n de la Uni\u00f3n Europea, brind\u00f3 una mirada internacional a los retos y oportunidades de la REP como instrumento para acelerar la econom\u00eda circular.<\/span><\/p>\n<p><span style=\"font-weight: 400;\">Uno de los momentos destacados fue el panel empresarial, moderado por Marina Yz\u00fa (SNI), donde representantes del Grupo Aje, Tottus y Pamolsa compartieron sus iniciativas para asumir la REP, las dificultades encontradas y las sinergias necesarias con el sector p\u00fablico y la ciudadan\u00eda para avanzar en esta agenda.<\/span><\/p>\n<p><span style=\"font-weight: 400;\">Adem\u00e1s, se presentaron dos experiencias internacionales que enriquecieron la discusi\u00f3n: la de Colombia, donde el modelo REP ha sido impulsado con fuerte liderazgo del sector privado a trav\u00e9s de la ANDI, seg\u00fan relat\u00f3 Felipe Belalc\u00e1zar; y la de Chile, presentada por Guillermo Gonzales, exjefe de la oficina de Econom\u00eda Circular del Ministerio del Medio Ambiente, quien resalt\u00f3 los aprendizajes institucionales y el proceso de maduraci\u00f3n normativa.<\/span><\/p>\n<p><span style=\"font-weight: 400;\">El cierre estuvo a cargo de Gisella Rojo, presidenta de la Comisi\u00f3n de Econom\u00eda Circular de la SNI, quien reiter\u00f3 el compromiso de la industria nacional con una producci\u00f3n m\u00e1s responsable y circular, destacando el papel del sector empresarial como agente clave en la implementaci\u00f3n de la REP.<\/span><\/p>\n<p><span style=\"font-weight: 400;\">Es importante destacar, como se resalt\u00f3 a lo largo de la jornada, los residuos del presente son los recursos del futuro\u2026 siempre y cuando actuemos con responsabilidad desde hoy.<\/span><\/p>\n<p><span style=\"font-weight: 400;\">ProCircular es un proyecto que cuya contraparte es el Ministerio de la Producci\u00f3n. A trav\u00e9s del proyecto se busca fortalecer el desarrollo de modelos de negocio de Econom\u00eda Circular en la industria manufacturera y comercio interno respetuosos con el clima y los recursos en cadenas de valor seleccionadas en Per\u00fa. <\/span><\/p>\n<p style=\"color: #5a5d60;\"><b style=\"color: #164985;\">Contacto: <\/b>Ana Moreno; ana.moreno@giz.de<\/p>\n<\/div>\n<div style=\"text-align: justify; color: #5a5d60;\">\n<p style=\"color: #5a5d60; text-align: center;\"><img loading=\"lazy\" decoding=\"async\" class=\"alignnone wp-image-9806 size-full\" src=\"\/miempresacircular\/wp-content\/uploads\/2025\/05\/Imagen7___.jpg\" alt=\"\" width=\"566\" height=\"377\" srcset=\"https:\/\/desarrollo.infobox.com.pe\/miempresacircular\/wp-content\/uploads\/2025\/05\/Imagen7___.jpg 566w, https:\/\/desarrollo.infobox.com.pe\/miempresacircular\/wp-content\/uploads\/2025\/05\/Imagen7___-300x200.jpg 300w, https:\/\/desarrollo.infobox.com.pe\/miempresacircular\/wp-content\/uploads\/2025\/05\/Imagen7___-272x182.jpg 272w\" sizes=\"auto, (max-width: 566px) 100vw, 566px\" \/><\/p>\n<\/div>\n<\/div>\n\t\t<\/div><\/div><\/div><\/div>","protected":false},"excerpt":{"rendered":"<p>El 8 de abril se realiz\u00f3 la charla \u201cDesarrollo Industrial, Econom\u00eda Circular y Responsabilidad Extendida del Productor\u201d, que reuni\u00f3 a empresarixs y autoridades para discutir avances y desaf\u00edos de la REP en Per\u00fa. Se destacaron experiencias nacionales e internacionales, y se reafirm\u00f3 el rol clave del sector privado en su implementaci\u00f3n.<\/p>\n","protected":false},"author":1,"featured_media":9807,"comment_status":"open","ping_status":"open","sticky":false,"template":"","format":"standard","meta":{"footnotes":""},"categories":[64,42],"tags":[],"class_list":["post-9962","post","type-post","status-publish","format-standard","has-post-thumbnail","hentry","category-noticias","category-novedades"],"_links":{"self":[{"href":"https:\/\/desarrollo.infobox.com.pe\/miempresacircular\/wp-json\/wp\/v2\/posts\/9962","targetHints":{"allow":["GET"]}}],"collection":[{"href":"https:\/\/desarrollo.infobox.com.pe\/miempresacircular\/wp-json\/wp\/v2\/posts"}],"about":[{"href":"https:\/\/desarrollo.infobox.com.pe\/miempresacircular\/wp-json\/wp\/v2\/types\/post"}],"author":[{"embeddable":true,"href":"https:\/\/desarrollo.infobox.com.pe\/miempresacircular\/wp-json\/wp\/v2\/users\/1"}],"replies":[{"embeddable":true,"href":"https:\/\/desarrollo.infobox.com.pe\/miempresacircular\/wp-json\/wp\/v2\/comments?post=9962"}],"version-history":[{"count":3,"href":"https:\/\/desarrollo.infobox.com.pe\/miempresacircular\/wp-json\/wp\/v2\/posts\/9962\/revisions"}],"predecessor-version":[{"id":10492,"href":"https:\/\/desarrollo.infobox.com.pe\/miempresacircular\/wp-json\/wp\/v2\/posts\/9962\/revisions\/10492"}],"wp:featuredmedia":[{"embeddable":true,"href":"https:\/\/desarrollo.infobox.com.pe\/miempresacircular\/wp-json\/wp\/v2\/media\/9807"}],"wp:attachment":[{"href":"https:\/\/desarrollo.infobox.com.pe\/miempresacircular\/wp-json\/wp\/v2\/media?parent=9962"}],"wp:term":[{"taxonomy":"category","embeddable":true,"href":"https:\/\/desarrollo.infobox.com.pe\/miempresacircular\/wp-json\/wp\/v2\/categories?post=9962"},{"taxonomy":"post_tag","embeddable":true,"href":"https:\/\/desarrollo.infobox.com.pe\/miempresacircular\/wp-json\/wp\/v2\/tags?post=9962"}],"curies":[{"name":"wp","href":"https:\/\/api.w.org\/{rel}","templated":true}]}}