{"id":9964,"date":"2025-05-27T20:10:00","date_gmt":"2025-05-28T01:10:00","guid":{"rendered":"https:\/\/desarrollo.infobox.com.pe\/miempresacircular\/?p=9964"},"modified":"2025-05-29T10:52:24","modified_gmt":"2025-05-29T15:52:24","slug":"produce-y-cooperacion-alemana-para-el-desarrollo-impulsan-la-economia-circular-en-las-cadenas-de-valor-del-pais","status":"publish","type":"post","link":"https:\/\/desarrollo.infobox.com.pe\/miempresacircular\/2025\/05\/27\/produce-y-cooperacion-alemana-para-el-desarrollo-impulsan-la-economia-circular-en-las-cadenas-de-valor-del-pais\/","title":{"rendered":"PRODUCE y cooperaci\u00f3n alemana para el desarrollo impulsan la econom\u00eda circular en las cadenas de valor del pa\u00eds"},"content":{"rendered":"<div id=\"pl-9964\"  class=\"panel-layout\" ><div id=\"pg-9964-0\"  class=\"panel-grid panel-no-style\" ><div id=\"pgc-9964-0-0\"  class=\"panel-grid-cell\" ><div id=\"panel-9964-0-0-0\" class=\"so-panel widget widget_text panel-first-child panel-last-child\" data-index=\"0\" ><h2 class=\"h5 widget-title\">ProCircular Econom\u00eda Circular para un Desarrollo Urbano Amigable con el Clima II<\/h2>\t\t\t<div class=\"textwidget\"><div style=\"text-align: justify; color: #5a5d60;\">\n<p><span style=\"font-weight: 400;\">El 4 de marzo, en una sesi\u00f3n presidida por el viceministro de MYPE e Industria, C\u00e9sar Luj\u00e1n, se llev\u00f3 a cabo la validaci\u00f3n del plan operativo al 2025 del proyecto \u201cEconom\u00eda Circular para un Desarrollo Urbano Amigable con el Clima II \u2013 ProCircular\u201d, liderado Ministerio de la Producci\u00f3n (PRODUCE), con el apoyo de la cooperaci\u00f3n alemana para el desarrollo, implementada por la GIZ. ProCircular busca fortalecer una econom\u00eda circular respetuosa con el clima y los recursos en empresas peruanas de manufactura y comercio interno, a trav\u00e9s de intervenciones sist\u00e9micas que modernicen las cadenas de valor y mejoren las condiciones para su consolidaci\u00f3n.<\/span><\/p>\n<p><span style=\"font-weight: 400;\">En el actual contexto global no basta con innovar o ser m\u00e1s productivos. Las cadenas de valor modernas son cada vez m\u00e1s exigentes con la sostenibilidad. L*s consumidor*s lo demandan: 75% de los millennials consideran la sostenibilidad al comprar, y el 64% de la generaci\u00f3n X est\u00e1 dispuesto a pagar m\u00e1s por productos sostenibles. En este escenario, la econom\u00eda circular (EC) se consolida como una estrategia esencial para potenciar en las cadenas de valor.\u00a0 As\u00ed, el desaf\u00edo es brindar a las empresas herramientas t\u00e9cnicas, normativas y financieras que les permitan escalar sus acciones de EC y generar impactos sostenibles a lo largo de toda la cadena de valor.<\/span><\/p>\n<p><span style=\"font-weight: 400;\">ProCircular nace precisamente para acompa\u00f1ar esta transformaci\u00f3n, abordando las relaciones y flujos entre actores, sectores y territorios en cada etapa de la cadena, desde la extracci\u00f3n de materias primas hasta el final de vida de los productos. Su planificaci\u00f3n 2025 se articula en tres l\u00edneas de acci\u00f3n que responden a este enfoque sist\u00e9mico.<\/span><\/p>\n<p><span style=\"font-weight: 400;\">La primera l\u00ednea de acci\u00f3n se centra en fortalecer las condiciones institucionales, normativas y t\u00e9cnicas necesarias para el desarrollo de cadenas de valor circulares. Esto incluye fortalecer las capacidades de PRODUCE y otras entidades p\u00fablicas, as\u00ed como la actualizaci\u00f3n y creaci\u00f3n de instrumentos de promoci\u00f3n y financiamiento con enfoque circular. Entre sus principales acciones destacan la actualizaci\u00f3n de la Hoja de Ruta de Econom\u00eda Circular para la Industria y Comercio Interno 2.0, la definici\u00f3n del concepto de cadena de valor circular con intervenci\u00f3n sist\u00e9mica, y su incorporaci\u00f3n en las estrategias y acciones de PRODUCE. Asimismo, se priorizar\u00e1 la consolidaci\u00f3n de mesas multiactor, a nivel nacional y regional, para concertar iniciativas orientadas a la transici\u00f3n circular y la elaboraci\u00f3n de lineamientos multisectoriales que aseguren la coherencia de las pol\u00edticas p\u00fablicas vinculadas al sector.<\/span><\/p>\n<p><span style=\"font-weight: 400;\">La segunda l\u00ednea de acci\u00f3n est\u00e1 enfocada en el dise\u00f1o y la integraci\u00f3n de principios circulares en los procesos productivos y la identificaci\u00f3n de oportunidades de mejora y escalamiento en empresas ancla y sus cadenas de proveedores. Adem\u00e1s, se impulsar\u00e1 el acceso a financiamiento y la generaci\u00f3n de oportunidades comerciales en mercados nacionales e internacionales que valoran modelos sostenibles. Este trabajo incluir\u00e1 diagn\u00f3sticos especializados, planes de mejora y asesor\u00eda para la formulaci\u00f3n de proyectos, as\u00ed como la adaptaci\u00f3n de instrumentos de fomento existentes para facilitar la implementaci\u00f3n de iniciativas circulares. Tambi\u00e9n se impulsar\u00e1 la estandarizaci\u00f3n de procesos, el uso de herramientas digitales para la gesti\u00f3n de datos y la creaci\u00f3n de espacios de conexi\u00f3n entre empresas, proveedores tecnol\u00f3gicos, entidades financieras y organismos internacionales.<\/span><\/p>\n<p><span style=\"font-weight: 400;\">La tercera l\u00ednea busca asegurar la difusi\u00f3n y adaptaci\u00f3n de las buenas pr\u00e1cticas, herramientas y experiencias generadas, ampliando los impactos del proyecto a nuevas regiones y sectores productivos. Para ello, se promover\u00e1n alianzas de intercambio t\u00e9cnico entre empresas peruanas, latinoamericanas y europeas, fortaleciendo el desarrollo de capacidades para la implementaci\u00f3n de cadenas de valor circulares, con un enfoque transversal de g\u00e9nero. Adem\u00e1s, a trav\u00e9s de redes internacionales, ProCircular explorar\u00e1 soluciones innovadoras y tecnolog\u00edas emergentes adaptadas al contexto local, que permitan a las MYPE fortalecer su competitividad e ingresar a mercados cada vez m\u00e1s exigentes en sostenibilidad.<\/span><\/p>\n<p><span style=\"font-weight: 400;\">De esta forma, ProCircular avanzar\u00e1 en la consolidaci\u00f3n de cadenas de valor circulares, competitivas y resilientes; donde las empresas ancla y sus cadenas de proveedores no solo encuentren nuevas oportunidades de crecimiento, sino tambi\u00e9n las herramientas necesarias para liderar la transici\u00f3n hacia una industria peruana m\u00e1s sostenible, innovadora e inclusiva.<\/span><\/p>\n<p><span style=\"font-weight: 400;\">ProCircular es un proyecto que cuya contraparte es el Ministerio de la Producci\u00f3n. A trav\u00e9s del proyecto se busca fortalecer el desarrollo de modelos de negocio de Econom\u00eda Circular en la industria manufacturera y comercio interno respetuosos con el clima y los recursos en cadenas de valor seleccionadas en Per\u00fa. <\/span><\/p>\n<p style=\"color: #5a5d60;\"><b style=\"color: #164985;\">Contacto: <\/b>Ana Moreno; ana.moreno@giz.de<\/p>\n<\/div>\n<\/div>\n\t\t<\/div><\/div><\/div><\/div>","protected":false},"excerpt":{"rendered":"<p>El 4 de marzo se valid\u00f3 el plan operativo 2025 del proyecto ProCircular, liderado por PRODUCE con apoyo de la cooperaci\u00f3n alemana (GIZ). La iniciativa busca fortalecer cadenas de valor circulares y sostenibles en manufactura y comercio interno, mediante acciones normativas, t\u00e9cnicas y de financiamiento, con enfoque sist\u00e9mico e inclusivo.<\/p>\n","protected":false},"author":1,"featured_media":9855,"comment_status":"open","ping_status":"open","sticky":false,"template":"","format":"standard","meta":{"footnotes":""},"categories":[64,42],"tags":[],"class_list":["post-9964","post","type-post","status-publish","format-standard","has-post-thumbnail","hentry","category-noticias","category-novedades"],"_links":{"self":[{"href":"https:\/\/desarrollo.infobox.com.pe\/miempresacircular\/wp-json\/wp\/v2\/posts\/9964","targetHints":{"allow":["GET"]}}],"collection":[{"href":"https:\/\/desarrollo.infobox.com.pe\/miempresacircular\/wp-json\/wp\/v2\/posts"}],"about":[{"href":"https:\/\/desarrollo.infobox.com.pe\/miempresacircular\/wp-json\/wp\/v2\/types\/post"}],"author":[{"embeddable":true,"href":"https:\/\/desarrollo.infobox.com.pe\/miempresacircular\/wp-json\/wp\/v2\/users\/1"}],"replies":[{"embeddable":true,"href":"https:\/\/desarrollo.infobox.com.pe\/miempresacircular\/wp-json\/wp\/v2\/comments?post=9964"}],"version-history":[{"count":4,"href":"https:\/\/desarrollo.infobox.com.pe\/miempresacircular\/wp-json\/wp\/v2\/posts\/9964\/revisions"}],"predecessor-version":[{"id":9998,"href":"https:\/\/desarrollo.infobox.com.pe\/miempresacircular\/wp-json\/wp\/v2\/posts\/9964\/revisions\/9998"}],"wp:featuredmedia":[{"embeddable":true,"href":"https:\/\/desarrollo.infobox.com.pe\/miempresacircular\/wp-json\/wp\/v2\/media\/9855"}],"wp:attachment":[{"href":"https:\/\/desarrollo.infobox.com.pe\/miempresacircular\/wp-json\/wp\/v2\/media?parent=9964"}],"wp:term":[{"taxonomy":"category","embeddable":true,"href":"https:\/\/desarrollo.infobox.com.pe\/miempresacircular\/wp-json\/wp\/v2\/categories?post=9964"},{"taxonomy":"post_tag","embeddable":true,"href":"https:\/\/desarrollo.infobox.com.pe\/miempresacircular\/wp-json\/wp\/v2\/tags?post=9964"}],"curies":[{"name":"wp","href":"https:\/\/api.w.org\/{rel}","templated":true}]}}