{"id":9969,"date":"2025-05-27T20:23:10","date_gmt":"2025-05-28T01:23:10","guid":{"rendered":"https:\/\/desarrollo.infobox.com.pe\/miempresacircular\/?p=9969"},"modified":"2025-06-13T12:57:06","modified_gmt":"2025-06-13T17:57:06","slug":"peru-y-alemania-comprometidos-con-un-futuro-circular-se-realizo-firma-de-convenio-del-proyecto-procircular","status":"publish","type":"post","link":"https:\/\/desarrollo.infobox.com.pe\/miempresacircular\/2025\/05\/27\/peru-y-alemania-comprometidos-con-un-futuro-circular-se-realizo-firma-de-convenio-del-proyecto-procircular\/","title":{"rendered":"\u00a1Per\u00fa y Alemania comprometidos con un futuro circular! Se realiz\u00f3 firma de convenio del proyecto ProCircular"},"content":{"rendered":"<div id=\"pl-9969\"  class=\"panel-layout\" ><div id=\"pg-9969-0\"  class=\"panel-grid panel-no-style\" ><div id=\"pgc-9969-0-0\"  class=\"panel-grid-cell\" ><div id=\"panel-9969-0-0-0\" class=\"so-panel widget widget_text panel-first-child panel-last-child\" data-index=\"0\" ><h2 class=\"h5 widget-title\">ProCircular Econom\u00eda Circular para un Desarrollo Urbano Amigable con el Clima II<\/h2>\t\t\t<div class=\"textwidget\"><div style=\"text-align: justify; color: #5a5d60;\">\n<p><span style=\"font-weight: 400;\">El 13 de diciembre, el Ministerio de la Producci\u00f3n (PRODUCE) y la cooperaci\u00f3n alemana para el desarrollo, implementada por la Deutsche Gesellschaft f\u00fcr Internationale Zusammenarbeit (GIZ) GmbH, en representaci\u00f3n del Gobierno de la Rep\u00fablica Federal de Alemania, han firmado el convenio de ejecuci\u00f3n que marca el inicio de la segunda fase del proyecto \u201cEconom\u00eda Circular para un Desarrollo Urbano Amigable con el Clima II\u201d (ProCircular). Este acuerdo refuerza el compromiso de ambas partes con la sostenibilidad y la transformaci\u00f3n del sector productivo peruano hacia un modelo m\u00e1s respetuoso con el medio ambiente.<\/span><\/p>\n<p><span style=\"font-weight: 400;\">ProCircular tiene como objetivo principal fortalecer la econom\u00eda circular en las empresas peruanas de manufactura y comercio, fomentando la adopci\u00f3n de pr\u00e1cticas sostenibles que respeten el clima y optimicen el uso de recursos a lo largo de sus cadenas de valor. Durante la ceremonia de firma estuvieron presentes la Embajadora de Alemania en el Per\u00fa, Sabine Bloch; el Ministro de la Producci\u00f3n, Sergio Gonz\u00e1lez Guerrero, y Corinna K\u00fcsel, Directora Regional de GIZ Cono Sur, quienes destacaron la importancia de este convenio como un paso clave en la cooperaci\u00f3n bilateral.<\/span><\/p>\n<p><span style=\"font-weight: 400;\">ProCircular tiene como ejes de acci\u00f3n reforzar la articulaci\u00f3n intersectorial, desarrollar instrumentos normativos y financieros para implementar la econom\u00eda circular en cadenas de valor seleccionadas, promover modelos de negocio sostenibles que involucren a empresas ancla y sus cadenas de proveedur\u00eda, y escalar buenas pr\u00e1cticas de econom\u00eda circular a trav\u00e9s del uso de herramientas digitales.<\/span><\/p>\n<p><span style=\"font-weight: 400;\">El proyecto culminar\u00e1 en diciembre de 2027, consolidando los avances logrados en su primera fase, ejecutada entre febrero de 2021 y diciembre de 2024. Este enfoque asegura la continuidad y el fortalecimiento de las medidas implementadas, contribuyendo a transformar las cadenas de valor del pa\u00eds hacia un desarrollo m\u00e1s resiliente y sostenible.<\/span><\/p>\n<p><span style=\"font-weight: 400;\">Este convenio representa un ejemplo de c\u00f3mo la cooperaci\u00f3n internacional puede ser un motor para afrontar desaf\u00edos globales como el cambio clim\u00e1tico, impulsando al mismo tiempo un desarrollo inclusivo y sostenible en el Per\u00fa.<\/span><\/p>\n<p><span style=\"font-weight: 400;\">ProCircular es un proyecto que cuya contraparte es el Ministerio de la Producci\u00f3n. A trav\u00e9s del proyecto se busca fortalecer el desarrollo de modelos de negocio de Econom\u00eda Circular en la industria manufacturera y comercio.<\/span><\/p>\n<\/div>\n<div style=\"text-align: justify; color: #5a5d60;\">\n<p><span style=\"font-weight: 400;\"><b style=\"color: #164985;\">Contacto: <\/b>Ana Moreno; ana.moreno@giz.de<\/span><\/p>\n<p style=\"color: #5a5d60; text-align: center;\"><img loading=\"lazy\" decoding=\"async\" class=\"alignnone wp-image-9870 size-full\" src=\"\/miempresacircular\/wp-content\/uploads\/2025\/05\/logo__10.png\" alt=\"\" width=\"567\" height=\"320\" srcset=\"https:\/\/desarrollo.infobox.com.pe\/miempresacircular\/wp-content\/uploads\/2025\/05\/logo__10.png 567w, https:\/\/desarrollo.infobox.com.pe\/miempresacircular\/wp-content\/uploads\/2025\/05\/logo__10-300x169.png 300w\" sizes=\"auto, (max-width: 567px) 100vw, 567px\" \/><\/p>\n<\/div>\n<\/div>\n\t\t<\/div><\/div><\/div><\/div>","protected":false},"excerpt":{"rendered":"<p>El 13 de diciembre, PRODUCE y la cooperaci\u00f3n alemana (GIZ) firmaron el convenio que da inicio a la segunda fase del proyecto ProCircular. Esta nueva etapa busca consolidar la econom\u00eda circular en empresas de manufactura y comercio, promoviendo pr\u00e1cticas sostenibles y resilientes hasta diciembre de 2027.<\/p>\n","protected":false},"author":1,"featured_media":9869,"comment_status":"open","ping_status":"open","sticky":false,"template":"","format":"standard","meta":{"footnotes":""},"categories":[64,42],"tags":[],"class_list":["post-9969","post","type-post","status-publish","format-standard","has-post-thumbnail","hentry","category-noticias","category-novedades"],"_links":{"self":[{"href":"https:\/\/desarrollo.infobox.com.pe\/miempresacircular\/wp-json\/wp\/v2\/posts\/9969","targetHints":{"allow":["GET"]}}],"collection":[{"href":"https:\/\/desarrollo.infobox.com.pe\/miempresacircular\/wp-json\/wp\/v2\/posts"}],"about":[{"href":"https:\/\/desarrollo.infobox.com.pe\/miempresacircular\/wp-json\/wp\/v2\/types\/post"}],"author":[{"embeddable":true,"href":"https:\/\/desarrollo.infobox.com.pe\/miempresacircular\/wp-json\/wp\/v2\/users\/1"}],"replies":[{"embeddable":true,"href":"https:\/\/desarrollo.infobox.com.pe\/miempresacircular\/wp-json\/wp\/v2\/comments?post=9969"}],"version-history":[{"count":3,"href":"https:\/\/desarrollo.infobox.com.pe\/miempresacircular\/wp-json\/wp\/v2\/posts\/9969\/revisions"}],"predecessor-version":[{"id":10490,"href":"https:\/\/desarrollo.infobox.com.pe\/miempresacircular\/wp-json\/wp\/v2\/posts\/9969\/revisions\/10490"}],"wp:featuredmedia":[{"embeddable":true,"href":"https:\/\/desarrollo.infobox.com.pe\/miempresacircular\/wp-json\/wp\/v2\/media\/9869"}],"wp:attachment":[{"href":"https:\/\/desarrollo.infobox.com.pe\/miempresacircular\/wp-json\/wp\/v2\/media?parent=9969"}],"wp:term":[{"taxonomy":"category","embeddable":true,"href":"https:\/\/desarrollo.infobox.com.pe\/miempresacircular\/wp-json\/wp\/v2\/categories?post=9969"},{"taxonomy":"post_tag","embeddable":true,"href":"https:\/\/desarrollo.infobox.com.pe\/miempresacircular\/wp-json\/wp\/v2\/tags?post=9969"}],"curies":[{"name":"wp","href":"https:\/\/api.w.org\/{rel}","templated":true}]}}