{"id":9971,"date":"2025-05-27T20:32:48","date_gmt":"2025-05-28T01:32:48","guid":{"rendered":"https:\/\/desarrollo.infobox.com.pe\/miempresacircular\/?p=9971"},"modified":"2025-05-29T10:49:50","modified_gmt":"2025-05-29T15:49:50","slug":"produce-avanza-en-la-actualizacion-de-la-hoja-de-ruta-para-la-industria-y-el-comercio-interno-2-0","status":"publish","type":"post","link":"https:\/\/desarrollo.infobox.com.pe\/miempresacircular\/2025\/05\/27\/produce-avanza-en-la-actualizacion-de-la-hoja-de-ruta-para-la-industria-y-el-comercio-interno-2-0\/","title":{"rendered":"PRODUCE avanza en la actualizaci\u00f3n de la Hoja de Ruta para la industria y el comercio interno 2.0"},"content":{"rendered":"<div id=\"pl-9971\"  class=\"panel-layout\" ><div id=\"pg-9971-0\"  class=\"panel-grid panel-no-style\" ><div id=\"pgc-9971-0-0\"  class=\"panel-grid-cell\" ><div id=\"panel-9971-0-0-0\" class=\"so-panel widget widget_text panel-first-child panel-last-child\" data-index=\"0\" ><h2 class=\"h5 widget-title\">ProCircular Econom\u00eda Circular para un Desarrollo Urbano Amigable con el Clima II<\/h2>\t\t\t<div class=\"textwidget\"><div style=\"text-align: justify; color: #5a5d60;\">\n<p><span style=\"font-weight: 400;\">21.03.25 La transici\u00f3n hacia una econom\u00eda m\u00e1s sostenible y competitiva en el pa\u00eds avanza con pasos firmes. Como parte de este esfuerzo, el Ministerio de la Producci\u00f3n (PRODUCE), con el apoyo de la cooperaci\u00f3n alemana para el desarrollo, implementada por la GIZ, a trav\u00e9s del proyecto ProCircular, llev\u00f3 a cabo un segundo taller participativo para la actualizaci\u00f3n de la Hoja de Ruta hacia una Econom\u00eda Circular en la Industria Manufacturera y Comercio Interno 2.0 (HR-EC 2.0).<\/span><\/p>\n<p><span style=\"font-weight: 400;\">La jornada presidida por el Viceministro de MYPE e Industria, C\u00e9sar Quispe, reuni\u00f3 representantes clave del sector PRODUCE, como la Directora ejecutiva del Instituto Tecnol\u00f3gico del Per\u00fa, representantes de ProInnovate, el Programa Compras a MYPEr\u00fa, el Programa Nacional Tu Empresa, el Instituto Nacional de Calidad &#8211; INACAL y representantes de diversas direcciones del PRODUCE para identificar los principales desaf\u00edos que limitan la circularidad en el pa\u00eds. A trav\u00e9s de la metodolog\u00eda del \u00e1rbol de problemas, se analizaron las causas estructurales que han mantenido vigente el modelo econ\u00f3mico lineal, basado en producir, consumir y descartar, generando un alto impacto ambiental y limitando la competitividad del sector productivo.<\/span><\/p>\n<p><span style=\"font-weight: 400;\">Uno de los hallazgos m\u00e1s relevantes del an\u00e1lisis fue la limitada gobernanza y marcos normativos espec\u00edficos para la econom\u00eda circular, lo que ha dificultado la adopci\u00f3n de pr\u00e1cticas sostenibles en la industria y el comercio. A ello se suman la baja inversi\u00f3n en innovaci\u00f3n, la escasa transferencia tecnol\u00f3gica y los pocos incentivos econ\u00f3micos para que las empresas transformen sus procesos productivos. Asimismo, se evidenci\u00f3 una brecha en la sensibilizaci\u00f3n y formaci\u00f3n sobre econom\u00eda circular, tanto en el sector privado como en las entidades p\u00fablicas, lo que ha ralentizado la implementaci\u00f3n de soluciones a gran escala.<\/span><\/p>\n<p><span style=\"font-weight: 400;\">Con estos desaf\u00edos en el horizonte, la sesi\u00f3n de trabajo permiti\u00f3 definir alternativas de soluci\u00f3n que servir\u00e1n de base para la actualizaci\u00f3n de la HR-EC 2.0. Se destac\u00f3 la necesidad de fortalecer la gobernanza mediante regulaciones claras y mecanismos de seguimiento que garanticen la implementaci\u00f3n efectiva de la econom\u00eda circular en el sector productivo mediante una intervenci\u00f3n sist\u00e9mica en las cadenas de valor. Tambi\u00e9n se propuso impulsar la innovaci\u00f3n y el desarrollo de mercados sostenibles, promoviendo la creaci\u00f3n de productos y servicios basados en la eficiencia de recursos y el ecodise\u00f1o.<\/span><\/p>\n<p><span style=\"font-weight: 400;\">Otro punto clave fue la importancia de la sensibilizaci\u00f3n y capacitaci\u00f3n, para lo cual se plante\u00f3 el desarrollo de programas formativos dirigidos a empresas, consumidores y entidades p\u00fablicas, asegurando que el conocimiento sobre econom\u00eda circular se traduzca en acciones concretas. Adem\u00e1s, se identific\u00f3 la necesidad de fortalecer la transferencia tecnol\u00f3gica y la articulaci\u00f3n territorial, permitiendo que las soluciones circulares lleguen a todas las regiones del pa\u00eds, adapt\u00e1ndose a sus particularidades productivas. Finalmente, se plante\u00f3 la creaci\u00f3n de nuevos mecanismos de financiamiento e incentivos que faciliten el acceso a recursos para aquellas empresas que apuesten por modelos de producci\u00f3n sostenible.<\/span><\/p>\n<p><span style=\"font-weight: 400;\">La actualizaci\u00f3n de la HR-EC 2.0, proyectada para el per\u00edodo 2025-2030, permitir\u00e1 no solo dar continuidad a los avances logrados hasta la fecha, sino tambi\u00e9n generar un mayor impacto en la transformaci\u00f3n de los modelos de producci\u00f3n y consumo en el pa\u00eds. Con este proceso, PRODUCE reafirma su compromiso con la modernizaci\u00f3n del sector productivo y la consolidaci\u00f3n de una econom\u00eda circular m\u00e1s eficiente, innovadora y sostenible.<\/span><\/p>\n<p><span style=\"font-weight: 400;\">ProCircular es un proyecto que cuya contraparte es el Ministerio de la Producci\u00f3n. A trav\u00e9s del proyecto se busca fortalecer el desarrollo de modelos de negocio de Econom\u00eda Circular en la industria manufacturera y comercio interno respetuosos con el clima y los recursos en cadenas de valor seleccionadas en Per\u00fa.\u00a0<\/span><\/p>\n<\/div>\n<div style=\"text-align: justify; color: #5a5d60;\">\n<p><span style=\"font-weight: 400;\"><b style=\"color: #164985;\">Contacto: <\/b>Ana Moreno; ana.moreno@giz.de<\/span><\/p>\n<\/div>\n<\/div>\n\t\t<\/div><\/div><\/div><\/div>","protected":false},"excerpt":{"rendered":"<p>El 21 de marzo, PRODUCE y GIZ realizaron un segundo taller participativo para actualizar la Hoja de Ruta hacia una Econom\u00eda Circular 2.0. El evento identific\u00f3 barreras estructurales y propuso soluciones enfocadas en gobernanza, innovaci\u00f3n, capacitaci\u00f3n y financiamiento, reforzando el compromiso con una industria m\u00e1s sostenible y competitiva.<\/p>\n","protected":false},"author":1,"featured_media":9972,"comment_status":"open","ping_status":"open","sticky":false,"template":"","format":"standard","meta":{"footnotes":""},"categories":[64,42],"tags":[],"class_list":["post-9971","post","type-post","status-publish","format-standard","has-post-thumbnail","hentry","category-noticias","category-novedades"],"_links":{"self":[{"href":"https:\/\/desarrollo.infobox.com.pe\/miempresacircular\/wp-json\/wp\/v2\/posts\/9971","targetHints":{"allow":["GET"]}}],"collection":[{"href":"https:\/\/desarrollo.infobox.com.pe\/miempresacircular\/wp-json\/wp\/v2\/posts"}],"about":[{"href":"https:\/\/desarrollo.infobox.com.pe\/miempresacircular\/wp-json\/wp\/v2\/types\/post"}],"author":[{"embeddable":true,"href":"https:\/\/desarrollo.infobox.com.pe\/miempresacircular\/wp-json\/wp\/v2\/users\/1"}],"replies":[{"embeddable":true,"href":"https:\/\/desarrollo.infobox.com.pe\/miempresacircular\/wp-json\/wp\/v2\/comments?post=9971"}],"version-history":[{"count":2,"href":"https:\/\/desarrollo.infobox.com.pe\/miempresacircular\/wp-json\/wp\/v2\/posts\/9971\/revisions"}],"predecessor-version":[{"id":9995,"href":"https:\/\/desarrollo.infobox.com.pe\/miempresacircular\/wp-json\/wp\/v2\/posts\/9971\/revisions\/9995"}],"wp:featuredmedia":[{"embeddable":true,"href":"https:\/\/desarrollo.infobox.com.pe\/miempresacircular\/wp-json\/wp\/v2\/media\/9972"}],"wp:attachment":[{"href":"https:\/\/desarrollo.infobox.com.pe\/miempresacircular\/wp-json\/wp\/v2\/media?parent=9971"}],"wp:term":[{"taxonomy":"category","embeddable":true,"href":"https:\/\/desarrollo.infobox.com.pe\/miempresacircular\/wp-json\/wp\/v2\/categories?post=9971"},{"taxonomy":"post_tag","embeddable":true,"href":"https:\/\/desarrollo.infobox.com.pe\/miempresacircular\/wp-json\/wp\/v2\/tags?post=9971"}],"curies":[{"name":"wp","href":"https:\/\/api.w.org\/{rel}","templated":true}]}}